{"id":60306,"date":"2023-06-21T21:56:12","date_gmt":"2023-06-22T00:56:12","guid":{"rendered":"https:\/\/vocesparalelas.com.ar\/sitio\/?p=60306"},"modified":"2023-06-21T21:56:12","modified_gmt":"2023-06-22T00:56:12","slug":"se-conmemoro-en-san-juan-los-203-aniversario-del-paso-a-la-inmortalidad-del-general-manuel-belgrano","status":"publish","type":"post","link":"https:\/\/vocesparalelas.com.ar\/sitio\/se-conmemoro-en-san-juan-los-203-aniversario-del-paso-a-la-inmortalidad-del-general-manuel-belgrano\/","title":{"rendered":"Se conmemor\u00f3 en San Juan los 203\u00b0 aniversario del paso a la inmortalidad del General Manuel Belgrano"},"content":{"rendered":"<div class=\"itemFullText jbintrotext\">\n<p>El vicegobernador CPN Roberto Gattoni junto al gobernador de San Juan, Dr. Sergio U\u00f1ac, presidieron en la plaza 25 de Mayo, la ceremonia de izamiento del Pabell\u00f3n Nacional con motivo del D\u00eda de la Bandera, al conmemorarse el 203\u00b0 aniversario del paso a la inmortalidad del General Manuel Belgrano.<\/p>\n<\/div>\n<div class=\"itemFullText\">\n<p>En la ocasi\u00f3n, participaron entre otras autoridades el ministro de la Corte de Justicia, Dr. Daniel Olivares Yapur; los senadores nacionales, Lic. Cristina L\u00f3pez y Dr. Rub\u00e9n U\u00f1ac; la diputada nacional, Lic. Graciela Caselles; el jefe del RIM 22, Coronel Mart\u00edn Mendoza; los ministros de Gobierno, Dr. Alberto Hensel; Hacienda y Finanzas, CPN Marisa L\u00f3pez; Miner\u00eda, Ing. Carlos Astudillo; Educaci\u00f3n, Lic. Cecilia Trincado Moncho y Salud, Dra. Alejandra Venerando; el secretario de Seguridad, Dr. Carlos Munisaga; el intendente municipal de la ciudad de San Juan, Dr. Emilio Baistrocchi; los diputados provinciales Juan Carlos Abarca, Dra. Celina Ramella, Dra. Marcela Monti, Dra. Fernanda Paredes, Dra. Florencia Pe\u00f1aloza, Jos\u00e9 Luis Esteve, otros funcionarios y p\u00fablico en general.<\/p>\n<p>La Banda de M\u00fasica de la Polic\u00eda de San Juan ejecut\u00f3 los acordes del Himno Nacional Argentino que fue interpretado por todos los presentes y finalmente el gobernador Dr. Sergio U\u00f1ac junto a dos veteranos de guerra procedi\u00f3 al izamiento de la Bandera Nacional.<\/p>\n<p><iframe loading=\"lazy\" title=\"U\u00f1ac encabez\u00f3 el acto de izamiento en el d\u00eda de la bandera Nacional\" width=\"800\" height=\"450\" src=\"https:\/\/www.youtube.com\/embed\/mGgTAv6_ZvA?feature=oembed\" frameborder=\"0\" allow=\"accelerometer; autoplay; clipboard-write; encrypted-media; gyroscope; picture-in-picture; web-share\" allowfullscreen><\/iframe><\/p>\n<\/div>\n","protected":false},"excerpt":{"rendered":"<p>El vicegobernador CPN Roberto Gattoni junto al gobernador de San Juan, Dr. Sergio U\u00f1ac, presidieron en la plaza 25 de<\/p>\n","protected":false},"author":3,"featured_media":60309,"comment_status":"closed","ping_status":"closed","sticky":false,"template":"","format":"standard","meta":{"_acf_changed":false,"_seopress_robots_primary_cat":"none","_seopress_titles_title":"","_seopress_titles_desc":"","_seopress_robots_index":"","colormag_page_container_layout":"default_layout","colormag_page_sidebar_layout":"default_layout","footnotes":""},"categories":[1,7],"tags":[],"class_list":["post-60306","post","type-post","status-publish","format-standard","has-post-thumbnail","hentry","category-destacadas","category-videos"],"acf":[],"_links":{"self":[{"href":"https:\/\/vocesparalelas.com.ar\/sitio\/wp-json\/wp\/v2\/posts\/60306","targetHints":{"allow":["GET"]}}],"collection":[{"href":"https:\/\/vocesparalelas.com.ar\/sitio\/wp-json\/wp\/v2\/posts"}],"about":[{"href":"https:\/\/vocesparalelas.com.ar\/sitio\/wp-json\/wp\/v2\/types\/post"}],"author":[{"embeddable":true,"href":"https:\/\/vocesparalelas.com.ar\/sitio\/wp-json\/wp\/v2\/users\/3"}],"replies":[{"embeddable":true,"href":"https:\/\/vocesparalelas.com.ar\/sitio\/wp-json\/wp\/v2\/comments?post=60306"}],"version-history":[{"count":1,"href":"https:\/\/vocesparalelas.com.ar\/sitio\/wp-json\/wp\/v2\/posts\/60306\/revisions"}],"predecessor-version":[{"id":60310,"href":"https:\/\/vocesparalelas.com.ar\/sitio\/wp-json\/wp\/v2\/posts\/60306\/revisions\/60310"}],"wp:featuredmedia":[{"embeddable":true,"href":"https:\/\/vocesparalelas.com.ar\/sitio\/wp-json\/wp\/v2\/media\/60309"}],"wp:attachment":[{"href":"https:\/\/vocesparalelas.com.ar\/sitio\/wp-json\/wp\/v2\/media?parent=60306"}],"wp:term":[{"taxonomy":"category","embeddable":true,"href":"https:\/\/vocesparalelas.com.ar\/sitio\/wp-json\/wp\/v2\/categories?post=60306"},{"taxonomy":"post_tag","embeddable":true,"href":"https:\/\/vocesparalelas.com.ar\/sitio\/wp-json\/wp\/v2\/tags?post=60306"}],"curies":[{"name":"wp","href":"https:\/\/api.w.org\/{rel}","templated":true}]}}