{"id":60293,"date":"2023-06-22T23:14:50","date_gmt":"2023-06-23T02:14:50","guid":{"rendered":"https:\/\/vocesparalelas.com.ar\/sitio\/?p=60293"},"modified":"2023-06-23T14:08:03","modified_gmt":"2023-06-23T17:08:03","slug":"avances-en-la-revalorizacion-de-las-plazas-del-barrio-universidad-catolica-en-rivadavia","status":"publish","type":"post","link":"https:\/\/vocesparalelas.com.ar\/sitio\/avances-en-la-revalorizacion-de-las-plazas-del-barrio-universidad-catolica-en-rivadavia\/","title":{"rendered":"Avances en la revalorizaci\u00f3n de las Plazas del Barrio Universidad Cat\u00f3lica en Rivadavia"},"content":{"rendered":"<p>La Municipalidad de Rivadavia trabaj\u00f3 para la revalorizaci\u00f3n de la Plazoleta Monse\u00f1or Francisco Manfredi y la plaza Madre Teresa Calcuta del Barrio Universidad Cat\u00f3lica, en el Departamento de San Juan.<\/p>\n<p>Estos avances permiten crear y restaura espacios verdes que permite\u00a0 reunir a las familias porque son los ni\u00f1os que disfrutan los juegos destinados a ellos como hamacas, toboganes y sube y bajas.<\/p>\n<p>Por ello, el intendente de la Municipalidad de Rivadavia, Dr. Fabi\u00e1n Mart\u00edn, describi\u00f3 el gusto de complacer el pedido de los vecinos para el bien com\u00fan de todos los habitantes del Barrio Universidad Cat\u00f3lica.<\/p>\n<p><iframe loading=\"lazy\" title=\"DR FABI\u00c1N MART\u00cdN\" width=\"800\" height=\"450\" src=\"https:\/\/www.youtube.com\/embed\/zM1PB-mODt4?feature=oembed\" frameborder=\"0\" allow=\"accelerometer; autoplay; clipboard-write; encrypted-media; gyroscope; picture-in-picture; web-share\" allowfullscreen><\/iframe><\/p>\n<p>Voces Paralelas desarroll\u00f3 una entrevista period\u00edstica al vecino del Barrio Universidad Cat\u00f3lica Luis L\u00f3pez Gay\u00e1, quien expres\u00f3 el agradecimiento al Dr. Fabi\u00e1n Mart\u00edn por lograr este mejoramiento de los espacios y que permite la seguridad para todos los vecinos que van a disfrutar.<\/p>\n<figure id=\"attachment_60376\" aria-describedby=\"caption-attachment-60376\" style=\"width: 800px\" class=\"wp-caption alignnone\"><img loading=\"lazy\" decoding=\"async\" class=\"size-full wp-image-60376\" src=\"https:\/\/vocesparalelas.com.ar\/sitio\/wp-content\/uploads\/2023\/06\/BARRIO-UC-02.jpg\" alt=\"\" width=\"800\" height=\"533\" srcset=\"https:\/\/vocesparalelas.com.ar\/sitio\/wp-content\/uploads\/2023\/06\/BARRIO-UC-02.jpg 800w, https:\/\/vocesparalelas.com.ar\/sitio\/wp-content\/uploads\/2023\/06\/BARRIO-UC-02-300x200.jpg 300w, https:\/\/vocesparalelas.com.ar\/sitio\/wp-content\/uploads\/2023\/06\/BARRIO-UC-02-768x512.jpg 768w\" sizes=\"auto, (max-width: 800px) 100vw, 800px\" \/><figcaption id=\"caption-attachment-60376\" class=\"wp-caption-text\">Vecino del Barrio Universidad Cat\u00f3lica Luis L\u00f3pez Gay\u00e1<\/figcaption><\/figure>\n<p>&nbsp;<\/p>\n<p><iframe loading=\"lazy\" title=\"BARRIO UC LUIS L\u00d3PEZ GAY\u00c1\" width=\"800\" height=\"450\" src=\"https:\/\/www.youtube.com\/embed\/0MPsDB0bxDA?feature=oembed\" frameborder=\"0\" allow=\"accelerometer; autoplay; clipboard-write; encrypted-media; gyroscope; picture-in-picture; web-share\" allowfullscreen><\/iframe><\/p>\n<p>Despu\u00e9s, se realiz\u00f3 la inauguraci\u00f3n de la Plazoleta Monse\u00f1or Francisco Manfredi por el intendente Dr. Fabi\u00e1n Mart\u00edn junto a los vecinos y otras autoridades municipales. No pod\u00edan faltar los m\u00e1s peque\u00f1os beneficiarios del espacio verde.<\/p>\n<p><img loading=\"lazy\" decoding=\"async\" class=\"alignnone size-full wp-image-60375\" src=\"https:\/\/vocesparalelas.com.ar\/sitio\/wp-content\/uploads\/2023\/06\/BARRIO-UC-01.jpg\" alt=\"\" width=\"800\" height=\"533\" srcset=\"https:\/\/vocesparalelas.com.ar\/sitio\/wp-content\/uploads\/2023\/06\/BARRIO-UC-01.jpg 800w, https:\/\/vocesparalelas.com.ar\/sitio\/wp-content\/uploads\/2023\/06\/BARRIO-UC-01-300x200.jpg 300w, https:\/\/vocesparalelas.com.ar\/sitio\/wp-content\/uploads\/2023\/06\/BARRIO-UC-01-768x512.jpg 768w\" sizes=\"auto, (max-width: 800px) 100vw, 800px\" \/><\/p>\n<p><span style=\"color: #ff6600;\"><strong>Caracter\u00edsticas de la Obras<\/strong><\/span><\/p>\n<p><span style=\"color: #ff6600;\"><strong>Plazoleta Monse\u00f1or Francisco Manfredi<\/strong><\/span><\/p>\n<ul>\n<li>Construcci\u00f3n 100 metros cuadrados de vereda con hormig\u00f3n<\/li>\n<li>180 metros lineales de zapata y cord\u00f3n acequia<\/li>\n<li>160 metros lineales de cordones internos 6 puentes rampas para acceso a la plaza<\/li>\n<li>Play\u00f3n de hormig\u00f3n de 50 metros cuadrados con p\u00e9rgola<\/li>\n<li>5 bancos de metal<\/li>\n<li>2 cestos para la basura<\/li>\n<li>Grancilla para zona de juegos infantiles y perimetrales<\/li>\n<li>Cartel con nombre de la plaza<\/li>\n<li>Trabajos de jardiner\u00eda como plantines con flores vistosas<\/li>\n<li>3 juegos infantiles como sube y baja, tobog\u00e1n y hamacas<\/li>\n<li>Pintura general de obra en puentes rampas, sendas peatonales, bancos, cestos, juegos infantiles<\/li>\n<li>Despeje y poda de formaci\u00f3n de \u00e1rboles<\/li>\n<\/ul>\n<p><span style=\"color: #ff6600;\"><strong>Plaza Madres Teresa de Calcuta <\/strong><\/span><\/p>\n<ul>\n<li>Construcci\u00f3n de 20 metros cuadrados de vereda con hormig\u00f3n<\/li>\n<li>240 metros lineales de zapata y cord\u00f3n con 5 puentes rampas para acceso a la plaza<\/li>\n<li>Colocaci\u00f3n de 2 cestos de basura<\/li>\n<li>Grancilla para zona perimetral cartel con nombre de la plaza<\/li>\n<li>Trabajos de jardiner\u00eda con plantines con flores vistosas<\/li>\n<li>3 aparatos de salud como caminadores el\u00edptico y Dorsalera Doble<\/li>\n<li>2 juegos infantiles como tobog\u00e1n y maroma<\/li>\n<li>Pintura general de obra en puentes rampas<\/li>\n<li>Sendas peatonales con bancos y cestos para la basura<\/li>\n<li>Despeje y poda de formaci\u00f3n de los \u00e1rboles<\/li>\n<\/ul>\n<p><img loading=\"lazy\" decoding=\"async\" class=\"alignnone size-full wp-image-60378\" src=\"https:\/\/vocesparalelas.com.ar\/sitio\/wp-content\/uploads\/2023\/06\/BARRIO-UC-04.jpg\" alt=\"\" width=\"800\" height=\"533\" srcset=\"https:\/\/vocesparalelas.com.ar\/sitio\/wp-content\/uploads\/2023\/06\/BARRIO-UC-04.jpg 800w, https:\/\/vocesparalelas.com.ar\/sitio\/wp-content\/uploads\/2023\/06\/BARRIO-UC-04-300x200.jpg 300w, https:\/\/vocesparalelas.com.ar\/sitio\/wp-content\/uploads\/2023\/06\/BARRIO-UC-04-768x512.jpg 768w\" sizes=\"auto, (max-width: 800px) 100vw, 800px\" \/><\/p>\n<p><img loading=\"lazy\" decoding=\"async\" class=\"alignnone size-large wp-image-60379\" src=\"https:\/\/vocesparalelas.com.ar\/sitio\/wp-content\/uploads\/2023\/06\/BARRIO-UC-05.jpg\" alt=\"\" width=\"800\" height=\"533\" srcset=\"https:\/\/vocesparalelas.com.ar\/sitio\/wp-content\/uploads\/2023\/06\/BARRIO-UC-05.jpg 800w, https:\/\/vocesparalelas.com.ar\/sitio\/wp-content\/uploads\/2023\/06\/BARRIO-UC-05-300x200.jpg 300w, https:\/\/vocesparalelas.com.ar\/sitio\/wp-content\/uploads\/2023\/06\/BARRIO-UC-05-768x512.jpg 768w\" sizes=\"auto, (max-width: 800px) 100vw, 800px\" \/><\/p>\n<p>Durante el acto, el Sacerdote An\u00edbal S\u00e1nchez de la Parroquia Madre de Dios del Barrio Aramburu, realiz\u00f3 la bendici\u00f3n de la Plazoleta Monse\u00f1or Francisco Manfredi que hizo muy bien a los presentes.<\/p>\n<p><iframe loading=\"lazy\" title=\"BARRIO UC SACERDOTE\" width=\"800\" height=\"450\" src=\"https:\/\/www.youtube.com\/embed\/5-TbbiTGWIQ?feature=oembed\" frameborder=\"0\" allow=\"accelerometer; autoplay; clipboard-write; encrypted-media; gyroscope; picture-in-picture; web-share\" allowfullscreen><\/iframe><\/p>\n<p>Seguidamente, la Diputada por Rivadavia, Dra. Nancy Pic\u00f3n, agradeci\u00f3 a los vecinos por el apoyo incondicional y espera que que el Domingo, 2 de Julio apoyen a Cambia San Juan con su voto donde ofrece como candidato al Dr. Marcelo Orrego y como vicegobernador al Dr. Fabi\u00e1n Mart\u00edn.<\/p>\n<p><iframe loading=\"lazy\" title=\"BARRIO UC DRA NANCY PIC\u00d3N\" width=\"800\" height=\"450\" src=\"https:\/\/www.youtube.com\/embed\/gF55yT8DyVo?feature=oembed\" frameborder=\"0\" allow=\"accelerometer; autoplay; clipboard-write; encrypted-media; gyroscope; picture-in-picture; web-share\" allowfullscreen><\/iframe><\/p>\n<p>&nbsp;<\/p>\n<p>Luego, el Diputado por Rivadavia, Sergio Miodowsky agradeci\u00f3 a los vecinos por darle oportunidad para seguir el plan de gobierno del Dr. Fabi\u00e1n Martin que el Domingo, 14 de Mayo, le ha permitido ser el Intendente de Rivadavia a partir del 10 de Diciembre cuando asuma la responsabilidad de dirigir los destinos del departamento.<\/p>\n<p><iframe loading=\"lazy\" title=\"BARRIO UC SERGIO MIODOWSKY\" width=\"800\" height=\"450\" src=\"https:\/\/www.youtube.com\/embed\/TDdI8ZRM7tU?feature=oembed\" frameborder=\"0\" allow=\"accelerometer; autoplay; clipboard-write; encrypted-media; gyroscope; picture-in-picture; web-share\" allowfullscreen><\/iframe><\/p>\n<p>&nbsp;<\/p>\n<p><img loading=\"lazy\" decoding=\"async\" class=\"alignnone size-large wp-image-42675\" src=\"https:\/\/vocesparalelas.com.ar\/sitio\/wp-content\/uploads\/2021\/10\/RIVADAVIA-LOGO-800x600.jpg\" alt=\"\" width=\"800\" height=\"600\" srcset=\"https:\/\/vocesparalelas.com.ar\/sitio\/wp-content\/uploads\/2021\/10\/RIVADAVIA-LOGO-800x600.jpg 800w, https:\/\/vocesparalelas.com.ar\/sitio\/wp-content\/uploads\/2021\/10\/RIVADAVIA-LOGO-300x225.jpg 300w, https:\/\/vocesparalelas.com.ar\/sitio\/wp-content\/uploads\/2021\/10\/RIVADAVIA-LOGO-768x576.jpg 768w, https:\/\/vocesparalelas.com.ar\/sitio\/wp-content\/uploads\/2021\/10\/RIVADAVIA-LOGO.jpg 1024w\" sizes=\"auto, (max-width: 800px) 100vw, 800px\" \/><\/p>\n","protected":false},"excerpt":{"rendered":"<p>La Municipalidad de Rivadavia trabaj\u00f3 para la revalorizaci\u00f3n de la Plazoleta Monse\u00f1or Francisco Manfredi y la plaza Madre Teresa Calcuta<\/p>\n","protected":false},"author":3,"featured_media":60377,"comment_status":"closed","ping_status":"closed","sticky":false,"template":"","format":"standard","meta":{"_acf_changed":false,"_seopress_robots_primary_cat":"none","_seopress_titles_title":"","_seopress_titles_desc":"","_seopress_robots_index":"","colormag_page_container_layout":"default_layout","colormag_page_sidebar_layout":"default_layout","footnotes":""},"categories":[1,7],"tags":[],"class_list":["post-60293","post","type-post","status-publish","format-standard","has-post-thumbnail","hentry","category-destacadas","category-videos"],"acf":[],"_links":{"self":[{"href":"https:\/\/vocesparalelas.com.ar\/sitio\/wp-json\/wp\/v2\/posts\/60293","targetHints":{"allow":["GET"]}}],"collection":[{"href":"https:\/\/vocesparalelas.com.ar\/sitio\/wp-json\/wp\/v2\/posts"}],"about":[{"href":"https:\/\/vocesparalelas.com.ar\/sitio\/wp-json\/wp\/v2\/types\/post"}],"author":[{"embeddable":true,"href":"https:\/\/vocesparalelas.com.ar\/sitio\/wp-json\/wp\/v2\/users\/3"}],"replies":[{"embeddable":true,"href":"https:\/\/vocesparalelas.com.ar\/sitio\/wp-json\/wp\/v2\/comments?post=60293"}],"version-history":[{"count":3,"href":"https:\/\/vocesparalelas.com.ar\/sitio\/wp-json\/wp\/v2\/posts\/60293\/revisions"}],"predecessor-version":[{"id":60382,"href":"https:\/\/vocesparalelas.com.ar\/sitio\/wp-json\/wp\/v2\/posts\/60293\/revisions\/60382"}],"wp:featuredmedia":[{"embeddable":true,"href":"https:\/\/vocesparalelas.com.ar\/sitio\/wp-json\/wp\/v2\/media\/60377"}],"wp:attachment":[{"href":"https:\/\/vocesparalelas.com.ar\/sitio\/wp-json\/wp\/v2\/media?parent=60293"}],"wp:term":[{"taxonomy":"category","embeddable":true,"href":"https:\/\/vocesparalelas.com.ar\/sitio\/wp-json\/wp\/v2\/categories?post=60293"},{"taxonomy":"post_tag","embeddable":true,"href":"https:\/\/vocesparalelas.com.ar\/sitio\/wp-json\/wp\/v2\/tags?post=60293"}],"curies":[{"name":"wp","href":"https:\/\/api.w.org\/{rel}","templated":true}]}}