{"id":60250,"date":"2023-06-16T19:40:27","date_gmt":"2023-06-16T22:40:27","guid":{"rendered":"https:\/\/vocesparalelas.com.ar\/sitio\/?p=60250"},"modified":"2023-06-23T14:44:04","modified_gmt":"2023-06-23T17:44:04","slug":"concurso-de-arte-bandera-de-mi-patria-en-rivadavia","status":"publish","type":"post","link":"https:\/\/vocesparalelas.com.ar\/sitio\/concurso-de-arte-bandera-de-mi-patria-en-rivadavia\/","title":{"rendered":"Concurso de Arte \u201cBandera de mi Patria\u201d en Rivadavia"},"content":{"rendered":"<p>La Municipalidad de Rivadavia te invita a unirte del Concurso de Arte \u201cBandera de mi Patria\u201d, destinado a la familia para que juntos festejemos el d\u00eda de la Bandera Argentina.<\/p>\n<p>Si vives en el Departamento Rivadavia puedes enviar t\u00fa obra de arte pl\u00e1stica con la Bandera Argentina<\/p>\n<p>La t\u00e9cnica utilizada en tu obra puede ser un dibujo, una pintura, un collage sobre papel, madera, bastidor o cart\u00f3n<\/p>\n<p>Puede utilizar l\u00e1pices, crayones, pintura, papeles, recortes, aplique de otros materiales pl\u00e1sticos.<\/p>\n<p><strong><span style=\"color: #339966;\">\u00bfD\u00f3nde enviar las obras?<\/span><\/strong><\/p>\n<p>Debe enviar la foto de la obra y los datos del participante como nombre, apellido, edad y tel\u00e9fono de contacto, v\u00eda mail a <a href=\"mailto:turismoculturarivadavia@gmail.com\">turismoculturarivadavia@gmail.com<\/a> o v\u00eda WhatsApp al (264)-154417892.<\/p>\n<p><strong><span style=\"color: #339966;\">Ganadores<\/span><\/strong><\/p>\n<p>El jurado va a elegir un ganador por categor\u00eda de ni\u00f1os, j\u00f3venes y adultos.<\/p>\n<p>Las obras ganadoras se anuncian el Jueves, 22 de Junio a trav\u00e9s de Facebook Municipalidad de Rivadavia e Instagram @municipio_rivadavia<\/p>\n<p>Los autores reciben Diplomas de reconocimiento entregados por la Municipalidad que, adem\u00e1s, se desarrolla una muestra de las obras ganadoras en el Paseo Sarmiento.<\/p>\n<p>&nbsp;<\/p>\n<p><img loading=\"lazy\" decoding=\"async\" class=\"alignnone size-large wp-image-2493\" src=\"https:\/\/vocesparalelas.com.ar\/sitio\/wp-content\/uploads\/2017\/06\/RIVADAVIA-FRENTE-01-800x534.jpg\" alt=\"\" width=\"800\" height=\"534\" srcset=\"https:\/\/vocesparalelas.com.ar\/sitio\/wp-content\/uploads\/2017\/06\/RIVADAVIA-FRENTE-01-800x534.jpg 800w, https:\/\/vocesparalelas.com.ar\/sitio\/wp-content\/uploads\/2017\/06\/RIVADAVIA-FRENTE-01-300x200.jpg 300w, https:\/\/vocesparalelas.com.ar\/sitio\/wp-content\/uploads\/2017\/06\/RIVADAVIA-FRENTE-01-768x512.jpg 768w, https:\/\/vocesparalelas.com.ar\/sitio\/wp-content\/uploads\/2017\/06\/RIVADAVIA-FRENTE-01.jpg 1000w\" sizes=\"auto, (max-width: 800px) 100vw, 800px\" \/><\/p>\n<p>&nbsp;<\/p>\n<p>&nbsp;<\/p>\n","protected":false},"excerpt":{"rendered":"<p>La Municipalidad de Rivadavia te invita a unirte del Concurso de Arte \u201cBandera de mi Patria\u201d, destinado a la familia<\/p>\n","protected":false},"author":3,"featured_media":42675,"comment_status":"closed","ping_status":"closed","sticky":false,"template":"","format":"standard","meta":{"_acf_changed":false,"_seopress_robots_primary_cat":"none","_seopress_titles_title":"","_seopress_titles_desc":"","_seopress_robots_index":"","colormag_page_container_layout":"default_layout","colormag_page_sidebar_layout":"default_layout","footnotes":""},"categories":[8],"tags":[],"class_list":["post-60250","post","type-post","status-publish","format-standard","has-post-thumbnail","hentry","category-concursos"],"acf":[],"_links":{"self":[{"href":"https:\/\/vocesparalelas.com.ar\/sitio\/wp-json\/wp\/v2\/posts\/60250","targetHints":{"allow":["GET"]}}],"collection":[{"href":"https:\/\/vocesparalelas.com.ar\/sitio\/wp-json\/wp\/v2\/posts"}],"about":[{"href":"https:\/\/vocesparalelas.com.ar\/sitio\/wp-json\/wp\/v2\/types\/post"}],"author":[{"embeddable":true,"href":"https:\/\/vocesparalelas.com.ar\/sitio\/wp-json\/wp\/v2\/users\/3"}],"replies":[{"embeddable":true,"href":"https:\/\/vocesparalelas.com.ar\/sitio\/wp-json\/wp\/v2\/comments?post=60250"}],"version-history":[{"count":1,"href":"https:\/\/vocesparalelas.com.ar\/sitio\/wp-json\/wp\/v2\/posts\/60250\/revisions"}],"predecessor-version":[{"id":60253,"href":"https:\/\/vocesparalelas.com.ar\/sitio\/wp-json\/wp\/v2\/posts\/60250\/revisions\/60253"}],"wp:featuredmedia":[{"embeddable":true,"href":"https:\/\/vocesparalelas.com.ar\/sitio\/wp-json\/wp\/v2\/media\/42675"}],"wp:attachment":[{"href":"https:\/\/vocesparalelas.com.ar\/sitio\/wp-json\/wp\/v2\/media?parent=60250"}],"wp:term":[{"taxonomy":"category","embeddable":true,"href":"https:\/\/vocesparalelas.com.ar\/sitio\/wp-json\/wp\/v2\/categories?post=60250"},{"taxonomy":"post_tag","embeddable":true,"href":"https:\/\/vocesparalelas.com.ar\/sitio\/wp-json\/wp\/v2\/tags?post=60250"}],"curies":[{"name":"wp","href":"https:\/\/api.w.org\/{rel}","templated":true}]}}