{"id":60245,"date":"2023-06-16T19:23:23","date_gmt":"2023-06-16T22:23:23","guid":{"rendered":"https:\/\/vocesparalelas.com.ar\/sitio\/?p=60245"},"modified":"2023-06-16T19:23:30","modified_gmt":"2023-06-16T22:23:30","slug":"trabajan-en-san-juan-en-el-rodaje-de-la-serie-el-canto-del-murcielago","status":"publish","type":"post","link":"https:\/\/vocesparalelas.com.ar\/sitio\/trabajan-en-san-juan-en-el-rodaje-de-la-serie-el-canto-del-murcielago\/","title":{"rendered":"Trabajan en San Juan en el rodaje de la serie \u00abEl canto del murci\u00e9lago\u00bb"},"content":{"rendered":"<p>La producci\u00f3n de la serie \u00abEl canto del murci\u00e9lago\u00bb se encuentra en rodaje en la provincia de San Juan.\u00a0La emocionante historia, un policial de suspenso, compuesto por 8 cap\u00edtulos, cuenta con equipo t\u00e9cnico local y se filma en escenarios seleccionados de esta hermosa regi\u00f3n.<\/p>\n<p>Se complace informar a la comunidad que la filmaci\u00f3n del cap\u00edtulo piloto de la serie se desarroll\u00f3 14; 15 y 16 de Junio de 2023, en el Dique Punta Negra.<\/p>\n<p>Durante estos d\u00edas, el equipo t\u00e9cnico trabaj\u00f3 en las instalaciones de rodaje desde las 7:00 hasta las 14:00 horas. Agradecen la comprensi\u00f3n y el apoyo de la comunidad mientras trabajaron en la creaci\u00f3n de este episodio.<\/p>\n<p>Adem\u00e1s, es importante destacar que el 14 de Junio, desde las 8:00 hasta las 12:00 horas, la ruta provincial 12, conocida como Interlagos, se encontr\u00f3 temporalmente interrumpida debido a la filmaci\u00f3n de una escena que involucra una puesta en la propia ruta.<\/p>\n<p><img loading=\"lazy\" decoding=\"async\" class=\"alignnone size-full wp-image-56116\" src=\"https:\/\/vocesparalelas.com.ar\/sitio\/wp-content\/uploads\/2023\/01\/EMBALSE-PUNTA-NEGRA.jpg\" alt=\"\" width=\"800\" height=\"450\" srcset=\"https:\/\/vocesparalelas.com.ar\/sitio\/wp-content\/uploads\/2023\/01\/EMBALSE-PUNTA-NEGRA.jpg 800w, https:\/\/vocesparalelas.com.ar\/sitio\/wp-content\/uploads\/2023\/01\/EMBALSE-PUNTA-NEGRA-300x169.jpg 300w, https:\/\/vocesparalelas.com.ar\/sitio\/wp-content\/uploads\/2023\/01\/EMBALSE-PUNTA-NEGRA-768x432.jpg 768w\" sizes=\"auto, (max-width: 800px) 100vw, 800px\" \/><\/p>\n<p>Piden disculpas por las molestias que esto pudo ocasionar y agraden la colaboraci\u00f3n de los conductores y vecinos durante ese per\u00edodo.<\/p>\n<p>La serie cuenta con el respaldo del concurso San Juan Filma y el programa de financiamiento Mecenazgo Cultural, Ley Provincial 2197 \u2013 F. Adem\u00e1s, ha sido declarada de Inter\u00e9s Cultural, destacando su contribuci\u00f3n a la promoci\u00f3n de la industria cinematogr\u00e1fica local y el fomento del talento creativo en la provincia.<\/p>\n<p><img loading=\"lazy\" decoding=\"async\" class=\"alignnone size-full wp-image-60248\" src=\"https:\/\/vocesparalelas.com.ar\/sitio\/wp-content\/uploads\/2023\/06\/SERIE-CANTO.jpg\" alt=\"\" width=\"800\" height=\"535\" srcset=\"https:\/\/vocesparalelas.com.ar\/sitio\/wp-content\/uploads\/2023\/06\/SERIE-CANTO.jpg 800w, https:\/\/vocesparalelas.com.ar\/sitio\/wp-content\/uploads\/2023\/06\/SERIE-CANTO-300x201.jpg 300w, https:\/\/vocesparalelas.com.ar\/sitio\/wp-content\/uploads\/2023\/06\/SERIE-CANTO-768x514.jpg 768w\" sizes=\"auto, (max-width: 800px) 100vw, 800px\" \/><\/p>\n<p>\u00abEl canto del murci\u00e9lago\u00bb cuenta con un equipo altamente capacitado y apasionado por su trabajo. La direcci\u00f3n est\u00e1 a cargo de Carolina Costa, junto con Romina Rosales, quien desempe\u00f1a el papel de Asistente de direcci\u00f3n y guionista. La producci\u00f3n est\u00e1 a cargo de Cecilia Mac\u00edas y Cecilia Arias, quienes se han dedicado incansablemente para hacer realidad el proyecto.<\/p>\n<p>El equipo agradecen a la Direcci\u00f3n de Recursos Energ\u00e9ticos y la Direcci\u00f3n de Vialidad Provincial, dependientes del Ministerio de Obras y Servicios P\u00fablicos, y a la Secretar\u00eda de Tr\u00e1nsito y Transporte, de la Secretar\u00eda de Estado de Seguridad y Orden P\u00fablico del Gobierno de San Juan, por su gesti\u00f3n y compromiso al otorgar los permisos correspondientes para el rodaje del cap\u00edtulo.\u00a0Gracias a su apoyo, pudieron garantizar la seguridad y el bienestar de cada integrante del equipo.<\/p>\n<p>Asimismo, agradecen a la Municipalidad de Zonda por su valiosa colaboraci\u00f3n y por permitir mostrar los hermosos paisajes del departamento, que aportan mucho a la est\u00e9tica de la serie.<\/p>\n<p>Para obtener m\u00e1s informaci\u00f3n sobre la serie \u00abEl canto del murci\u00e9lago\u00bb y sus avances pueden seguir las redes sociales El canto del murci\u00e9lago.<\/p>\n<p>&nbsp;<\/p>\n<p><img loading=\"lazy\" decoding=\"async\" class=\"alignnone size-large wp-image-42613\" src=\"https:\/\/vocesparalelas.com.ar\/sitio\/wp-content\/uploads\/2021\/10\/PUNTA-NEGRA-1-800x600.jpg\" alt=\"\" width=\"800\" height=\"600\" srcset=\"https:\/\/vocesparalelas.com.ar\/sitio\/wp-content\/uploads\/2021\/10\/PUNTA-NEGRA-1-800x600.jpg 800w, https:\/\/vocesparalelas.com.ar\/sitio\/wp-content\/uploads\/2021\/10\/PUNTA-NEGRA-1-300x225.jpg 300w, https:\/\/vocesparalelas.com.ar\/sitio\/wp-content\/uploads\/2021\/10\/PUNTA-NEGRA-1-768x576.jpg 768w, https:\/\/vocesparalelas.com.ar\/sitio\/wp-content\/uploads\/2021\/10\/PUNTA-NEGRA-1.jpg 1024w\" sizes=\"auto, (max-width: 800px) 100vw, 800px\" \/><\/p>\n<p>&nbsp;<\/p>\n<p>&nbsp;<\/p>\n","protected":false},"excerpt":{"rendered":"<p>La producci\u00f3n de la serie \u00abEl canto del murci\u00e9lago\u00bb se encuentra en rodaje en la provincia de San Juan.\u00a0La emocionante<\/p>\n","protected":false},"author":3,"featured_media":39987,"comment_status":"closed","ping_status":"closed","sticky":false,"template":"","format":"standard","meta":{"_acf_changed":false,"_seopress_robots_primary_cat":"none","_seopress_titles_title":"","_seopress_titles_desc":"","_seopress_robots_index":"","colormag_page_container_layout":"default_layout","colormag_page_sidebar_layout":"default_layout","footnotes":""},"categories":[1],"tags":[],"class_list":["post-60245","post","type-post","status-publish","format-standard","has-post-thumbnail","hentry","category-destacadas"],"acf":[],"_links":{"self":[{"href":"https:\/\/vocesparalelas.com.ar\/sitio\/wp-json\/wp\/v2\/posts\/60245","targetHints":{"allow":["GET"]}}],"collection":[{"href":"https:\/\/vocesparalelas.com.ar\/sitio\/wp-json\/wp\/v2\/posts"}],"about":[{"href":"https:\/\/vocesparalelas.com.ar\/sitio\/wp-json\/wp\/v2\/types\/post"}],"author":[{"embeddable":true,"href":"https:\/\/vocesparalelas.com.ar\/sitio\/wp-json\/wp\/v2\/users\/3"}],"replies":[{"embeddable":true,"href":"https:\/\/vocesparalelas.com.ar\/sitio\/wp-json\/wp\/v2\/comments?post=60245"}],"version-history":[{"count":1,"href":"https:\/\/vocesparalelas.com.ar\/sitio\/wp-json\/wp\/v2\/posts\/60245\/revisions"}],"predecessor-version":[{"id":60249,"href":"https:\/\/vocesparalelas.com.ar\/sitio\/wp-json\/wp\/v2\/posts\/60245\/revisions\/60249"}],"wp:featuredmedia":[{"embeddable":true,"href":"https:\/\/vocesparalelas.com.ar\/sitio\/wp-json\/wp\/v2\/media\/39987"}],"wp:attachment":[{"href":"https:\/\/vocesparalelas.com.ar\/sitio\/wp-json\/wp\/v2\/media?parent=60245"}],"wp:term":[{"taxonomy":"category","embeddable":true,"href":"https:\/\/vocesparalelas.com.ar\/sitio\/wp-json\/wp\/v2\/categories?post=60245"},{"taxonomy":"post_tag","embeddable":true,"href":"https:\/\/vocesparalelas.com.ar\/sitio\/wp-json\/wp\/v2\/tags?post=60245"}],"curies":[{"name":"wp","href":"https:\/\/api.w.org\/{rel}","templated":true}]}}