{"id":60233,"date":"2023-06-15T22:56:03","date_gmt":"2023-06-16T01:56:03","guid":{"rendered":"https:\/\/vocesparalelas.com.ar\/sitio\/?p=60233"},"modified":"2023-06-16T20:01:57","modified_gmt":"2023-06-16T23:01:57","slug":"se-presento-la-herramienta-pedagogica-expresate-en-san-juan","status":"publish","type":"post","link":"https:\/\/vocesparalelas.com.ar\/sitio\/se-presento-la-herramienta-pedagogica-expresate-en-san-juan\/","title":{"rendered":"Se present\u00f3 la herramienta pedag\u00f3gica \u201cExpresate\u201d en San Juan"},"content":{"rendered":"<div class=\"itemFullText jbintrotext\">\n<p>El vicegobernador y presidente nato de la C\u00e1mara de Diputados de San Juan, CPN Roberto Gattoni junto a la ministra de Educaci\u00f3n, Lic. Cecilia Trincado Moncho, present\u00f3 la herramienta pedag\u00f3gica \u201cExpresate\u201d, instrumento l\u00fadico-did\u00e1ctico para interacciones \u00e1ulicas destinado a los adolescentes de escuelas secundarias de San Juan.<\/p>\n<p>Antes del acto la ministra de Educaci\u00f3n, Lic. Cecilia Trincado Moncho, explic\u00f3 a los Periodistas San Juan, lo que significa la herramienta pedag\u00f3gica \u201cExpresate\u201d.<\/p>\n<p><iframe loading=\"lazy\" title=\"LIC. CECILIA TRINCADO\" width=\"800\" height=\"450\" src=\"https:\/\/www.youtube.com\/embed\/QJakjSrwX9s?feature=oembed\" frameborder=\"0\" allow=\"accelerometer; autoplay; clipboard-write; encrypted-media; gyroscope; picture-in-picture; web-share\" allowfullscreen><\/iframe><\/p>\n<p>Posteriormente, el vicegobernador de la C\u00e1mara de Diputados de San Juan, CPN Roberto Gattoni, remarc\u00f3 que la herramienta pedag\u00f3gica es una propuesta de los integrantes\u00a0del Fondo Editorial de la C\u00e1mara de Diputados de San Juan.<\/p>\n<p><iframe loading=\"lazy\" title=\"CDSJ CPN ROBERTO GATTONI\" width=\"800\" height=\"450\" src=\"https:\/\/www.youtube.com\/embed\/YXqCsSjzo1Q?feature=oembed\" frameborder=\"0\" allow=\"accelerometer; autoplay; clipboard-write; encrypted-media; gyroscope; picture-in-picture; web-share\" allowfullscreen><\/iframe><\/p>\n<\/div>\n<div class=\"itemFullText\">\n<p>La mesa de autoridades estuvo encabezada por el vicegobernador CPN Roberto Gattoni; acompa\u00f1ado por la ministra de Educaci\u00f3n, Lic. Cecilia Trincado Moncho; los secretarios Legislativo, Dr. Nicol\u00e1s Alvo y Administrativo, Lic. Roberto Iglesias y la secretaria de Educaci\u00f3n, Lic. Ana S\u00e1nchez.<\/p>\n<p><img loading=\"lazy\" decoding=\"async\" class=\"alignnone size-full wp-image-60237\" src=\"https:\/\/vocesparalelas.com.ar\/sitio\/wp-content\/uploads\/2023\/06\/CDSJ-EDUCACION-02.jpg\" alt=\"\" width=\"800\" height=\"533\" srcset=\"https:\/\/vocesparalelas.com.ar\/sitio\/wp-content\/uploads\/2023\/06\/CDSJ-EDUCACION-02.jpg 800w, https:\/\/vocesparalelas.com.ar\/sitio\/wp-content\/uploads\/2023\/06\/CDSJ-EDUCACION-02-300x200.jpg 300w, https:\/\/vocesparalelas.com.ar\/sitio\/wp-content\/uploads\/2023\/06\/CDSJ-EDUCACION-02-768x512.jpg 768w\" sizes=\"auto, (max-width: 800px) 100vw, 800px\" \/><\/p>\n<p>Estuvieron presentes adem\u00e1s la senadora nacional, Cristina L\u00f3pez; el intendente municipal del departamento San Mart\u00edn, Cristian Andino; los diputados provinciales Marcela Monti, Fernanda Paredes, Juan Carlos Abarca, Rodolfo Jalife, Gustavo Rodr\u00edguez, Mario Romero, Gast\u00f3n Berenguer, Andr\u00e9s Chanampa; el secretario general de la Asociaci\u00f3n del Personal Legislativo (APeL), Sergio Peralta; supervisores, docentes y directivos; personal legislativo, invitados especiales \u00a0y p\u00fablico en general.<\/p>\n<p><img loading=\"lazy\" decoding=\"async\" class=\"alignnone size-full wp-image-60238\" src=\"https:\/\/vocesparalelas.com.ar\/sitio\/wp-content\/uploads\/2023\/06\/CDSJ-EDUCACION-03.jpg\" alt=\"\" width=\"800\" height=\"533\" srcset=\"https:\/\/vocesparalelas.com.ar\/sitio\/wp-content\/uploads\/2023\/06\/CDSJ-EDUCACION-03.jpg 800w, https:\/\/vocesparalelas.com.ar\/sitio\/wp-content\/uploads\/2023\/06\/CDSJ-EDUCACION-03-300x200.jpg 300w, https:\/\/vocesparalelas.com.ar\/sitio\/wp-content\/uploads\/2023\/06\/CDSJ-EDUCACION-03-768x512.jpg 768w\" sizes=\"auto, (max-width: 800px) 100vw, 800px\" \/><\/p>\n<p>Cabe se\u00f1alar que la propuesta educativa est\u00e1 orientada a estudiantes de nivel medio de los espacios curriculares: \u201cAdolescencia en el mundo actual\u201d y \u201cOrientaci\u00f3n y tutor\u00eda\u201d, correspondientes al primero y tercero a\u00f1o del ciclo b\u00e1sico de Educaci\u00f3n Secundaria y consiste en un juego de cartas que ofrece preguntas y respuestas.<\/p>\n<p>Tras la exhibici\u00f3n de un video institucional que ofreci\u00f3 un detalle de la propuesta presentada, lleg\u00f3 el turno de las palabras.<\/p>\n<\/div>\n<p><iframe loading=\"lazy\" title=\"CDSJ JUEGO EXPRESATE\" width=\"800\" height=\"450\" src=\"https:\/\/www.youtube.com\/embed\/J2Q9fOFPkpM?feature=oembed\" frameborder=\"0\" allow=\"accelerometer; autoplay; clipboard-write; encrypted-media; gyroscope; picture-in-picture; web-share\" allowfullscreen><\/iframe><\/p>\n<p>&nbsp;<\/p>\n<p><img loading=\"lazy\" decoding=\"async\" class=\"alignnone size-full wp-image-60236\" src=\"https:\/\/vocesparalelas.com.ar\/sitio\/wp-content\/uploads\/2023\/06\/CDSJ-EDUCACION-01.jpg\" alt=\"\" width=\"800\" height=\"533\" srcset=\"https:\/\/vocesparalelas.com.ar\/sitio\/wp-content\/uploads\/2023\/06\/CDSJ-EDUCACION-01.jpg 800w, https:\/\/vocesparalelas.com.ar\/sitio\/wp-content\/uploads\/2023\/06\/CDSJ-EDUCACION-01-300x200.jpg 300w, https:\/\/vocesparalelas.com.ar\/sitio\/wp-content\/uploads\/2023\/06\/CDSJ-EDUCACION-01-768x512.jpg 768w\" sizes=\"auto, (max-width: 800px) 100vw, 800px\" \/><\/p>\n<p>&nbsp;<\/p>\n<p><iframe loading=\"lazy\" title=\"CDSJ JUEGO EXPRESATE\" width=\"800\" height=\"450\" src=\"https:\/\/www.youtube.com\/embed\/8gBE89-qXAE?feature=oembed\" frameborder=\"0\" allow=\"accelerometer; autoplay; clipboard-write; encrypted-media; gyroscope; picture-in-picture; web-share\" allowfullscreen><\/iframe><\/p>\n<p>&nbsp;<\/p>\n<p><strong><span style=\"color: #800080;\">Entrega simb\u00f3lica<\/span><\/strong><\/p>\n<ul>\n<li>Colegio Secundario Caquique Angaco, departamento Angaco;<\/li>\n<li>Escuela de Educaci\u00f3n Secundaria \u201cMart\u00edn Miguel de G\u00fcemes\u201d, departamento Pocito;<\/li>\n<li>Escuela de Educaci\u00f3n Secundaria \u201cSaturnino Sarassa\u201d, departamento Rawson;<\/li>\n<li>Escuela de Educaci\u00f3n Secundaria \u201cJuan Larrea\u201d, departamento San Mart\u00edn;<\/li>\n<li>Escuela de Educaci\u00f3n Secundaria \u201cCarlos Pellegrini\u201d, departamento Santa Luc\u00eda;<\/li>\n<li>Escuela de Educaci\u00f3n Secundaria \u201cSegundino Navarro\u201d, departamento 25 de Mayo;<\/li>\n<li>Escuela de Educaci\u00f3n Secundaria \u201cJuan Enrique Pestalozzi\u201d, Departamento Chimbas;<\/li>\n<li>Escuela de Educaci\u00f3n Secundaria \u201cRep\u00fablica Argentina\u201d, departamento Caucete;<\/li>\n<li>Escuela de Educaci\u00f3n Secundaria \u201cGeneral Toribio Luzuriaga\u201d, departamento Albard\u00f3n;<\/li>\n<li>Colegio Provincial de Concepci\u00f3n, departamento Capital;<\/li>\n<li>Colegio Provincial de Santa Luc\u00eda, departamento Santa Luc\u00eda;<\/li>\n<li>Escuela Normal Superior General San Mart\u00edn, departamento Capital;<\/li>\n<li>Escuela de Educaci\u00f3n Secundaria \u201cJorge Luis Borges\u201d, departamento Chimbas;<\/li>\n<li>Escuela de Educaci\u00f3n Secundaria \u201cPresidente Arturo Humberto Illia\u201d, departamento Chimbas y<\/li>\n<li>Bachillerato Jos\u00e9 Manuel Estrada, departamento Chimbas.<\/li>\n<\/ul>\n<p>&nbsp;<\/p>\n<div class=\"itemFullText\">\n<figure id=\"attachment_37951\" aria-describedby=\"caption-attachment-37951\" style=\"width: 800px\" class=\"wp-caption alignnone\"><img loading=\"lazy\" decoding=\"async\" class=\"size-full wp-image-37951\" src=\"https:\/\/vocesparalelas.com.ar\/sitio\/wp-content\/uploads\/2021\/05\/CAMARA-EDIFICIO.jpg\" alt=\"\" width=\"800\" height=\"515\" srcset=\"https:\/\/vocesparalelas.com.ar\/sitio\/wp-content\/uploads\/2021\/05\/CAMARA-EDIFICIO.jpg 800w, https:\/\/vocesparalelas.com.ar\/sitio\/wp-content\/uploads\/2021\/05\/CAMARA-EDIFICIO-300x193.jpg 300w, https:\/\/vocesparalelas.com.ar\/sitio\/wp-content\/uploads\/2021\/05\/CAMARA-EDIFICIO-768x494.jpg 768w\" sizes=\"auto, (max-width: 800px) 100vw, 800px\" \/><figcaption id=\"caption-attachment-37951\" class=\"wp-caption-text\">Legislatura Provincial de San Juan<\/figcaption><\/figure>\n<p>&nbsp;<\/p>\n<\/div>\n<p>&nbsp;<\/p>\n","protected":false},"excerpt":{"rendered":"<p>El vicegobernador y presidente nato de la C\u00e1mara de Diputados de San Juan, CPN Roberto Gattoni junto a la ministra<\/p>\n","protected":false},"author":3,"featured_media":60239,"comment_status":"closed","ping_status":"closed","sticky":false,"template":"","format":"standard","meta":{"_acf_changed":false,"_seopress_robots_primary_cat":"none","_seopress_titles_title":"","_seopress_titles_desc":"","_seopress_robots_index":"","colormag_page_container_layout":"default_layout","colormag_page_sidebar_layout":"default_layout","footnotes":""},"categories":[1,7],"tags":[],"class_list":["post-60233","post","type-post","status-publish","format-standard","has-post-thumbnail","hentry","category-destacadas","category-videos"],"acf":[],"_links":{"self":[{"href":"https:\/\/vocesparalelas.com.ar\/sitio\/wp-json\/wp\/v2\/posts\/60233","targetHints":{"allow":["GET"]}}],"collection":[{"href":"https:\/\/vocesparalelas.com.ar\/sitio\/wp-json\/wp\/v2\/posts"}],"about":[{"href":"https:\/\/vocesparalelas.com.ar\/sitio\/wp-json\/wp\/v2\/types\/post"}],"author":[{"embeddable":true,"href":"https:\/\/vocesparalelas.com.ar\/sitio\/wp-json\/wp\/v2\/users\/3"}],"replies":[{"embeddable":true,"href":"https:\/\/vocesparalelas.com.ar\/sitio\/wp-json\/wp\/v2\/comments?post=60233"}],"version-history":[{"count":6,"href":"https:\/\/vocesparalelas.com.ar\/sitio\/wp-json\/wp\/v2\/posts\/60233\/revisions"}],"predecessor-version":[{"id":60258,"href":"https:\/\/vocesparalelas.com.ar\/sitio\/wp-json\/wp\/v2\/posts\/60233\/revisions\/60258"}],"wp:featuredmedia":[{"embeddable":true,"href":"https:\/\/vocesparalelas.com.ar\/sitio\/wp-json\/wp\/v2\/media\/60239"}],"wp:attachment":[{"href":"https:\/\/vocesparalelas.com.ar\/sitio\/wp-json\/wp\/v2\/media?parent=60233"}],"wp:term":[{"taxonomy":"category","embeddable":true,"href":"https:\/\/vocesparalelas.com.ar\/sitio\/wp-json\/wp\/v2\/categories?post=60233"},{"taxonomy":"post_tag","embeddable":true,"href":"https:\/\/vocesparalelas.com.ar\/sitio\/wp-json\/wp\/v2\/tags?post=60233"}],"curies":[{"name":"wp","href":"https:\/\/api.w.org\/{rel}","templated":true}]}}