{"id":60206,"date":"2023-06-15T21:32:53","date_gmt":"2023-06-16T00:32:53","guid":{"rendered":"https:\/\/vocesparalelas.com.ar\/sitio\/?p=60206"},"modified":"2023-06-19T00:10:12","modified_gmt":"2023-06-19T03:10:12","slug":"se-inauguro-i3-el-nuevo-centro-de-innovacion-del-banco-san-juan-para-el-sector-financiero","status":"publish","type":"post","link":"https:\/\/vocesparalelas.com.ar\/sitio\/se-inauguro-i3-el-nuevo-centro-de-innovacion-del-banco-san-juan-para-el-sector-financiero\/","title":{"rendered":"Se inaugur\u00f3 \u201ci3\u201d, el nuevo Centro de Innovaci\u00f3n del Banco San Juan para el sector financiero"},"content":{"rendered":"<p>Propone \u201cImaginar, innovar e impulsar\u201d ideas y proyectos para todo el ecosistema financiero a trav\u00e9s de actividades de capacitaci\u00f3n, eventos y foros de debate.<\/p>\n<p>Se inaugur\u00f3 i3, un centro de formaci\u00f3n e innovaci\u00f3n financiera impulsado por Banco San Juan que nace con el objetivo de promover y desarrollar la interacci\u00f3n creativa y constituirse en una usina de ideas y proyectos para todo el ecosistema financiero argentino.<\/p>\n<p>El nuevo espacio propone mediante m\u00faltiples actividades de innovaci\u00f3n, capacitaci\u00f3n, eventos y foros de debate, entre otras, desarrollar la actitud innovadora y el v\u00ednculo rec\u00edproco y virtuoso con la comunidad para \u201cimaginar, innovar e impulsar\u201d experiencias y soluciones a problemas comunes del sector.<\/p>\n<p>\u201cInspirados en nuestro prop\u00f3sito de agilizar el crecimiento para el desarrollo regional, desde i3 buscamos transformar ideas en proyectos y facilitar el despliegue de un modelo de aprendizaje y generaci\u00f3n de valor que promueva el desarrollo de capacidades y agilice el crecimiento de las personas y de todo el ecosistema financiero\u201d, explicaron desde el Banco San Juan, impulsor de la iniciativa junto al resto de las entidades financieras del Grupo Petersen.<\/p>\n<p>El lanzamiento del flamante centro se enmarca en el proceso de transformaci\u00f3n encarado por Banco San Juan y los otros bancos del Grupo Petersen (Bancos Santa Fe, Entre R\u00edos y Santa Cruz), \u201cen una \u00e9poca que demanda una reinvenci\u00f3n constante para poder adaptarse a las nuevas realidades, sabiendo que es imperativo actualizar las competencias y proveer las herramientas necesarias para un futuro mejor para las personas.\u201d<\/p>\n<p>\u201cEste ser\u00e1 un Centro abierto que buscar\u00e1 la interacci\u00f3n entre lo p\u00fablico y lo privado y convocar\u00e1 a innovadores, emprendedores, startups y empresas l\u00edderes asociados al sector financiero y tecnol\u00f3gico\u201d explicaron sus impulsores, y destacaron que estar\u00e1 a disposici\u00f3n tanto de los colaboradores de la organizaci\u00f3n como de instituciones, clientes, proveedores y la comunidad en general.<\/p>\n<p>El Centro est\u00e1 ubicado en la ciudad de Buenos Aires y gran parte de las actividades que se realicen ser\u00e1n transmitidas v\u00eda streaming a trav\u00e9s de las redes sociales (LinkedIn, Youtube) y otros espacios digitales con formato de campus digital, que permitir\u00e1 el acceso desde cualquier ubicaci\u00f3n, al tiempo que se sumar\u00e1n referentes regionales en forma presencial.<\/p>\n<p><img loading=\"lazy\" decoding=\"async\" class=\"alignnone size-full wp-image-60209\" src=\"https:\/\/vocesparalelas.com.ar\/sitio\/wp-content\/uploads\/2023\/06\/BSJ-SECTOR-FINANCIERO-01.jpg\" alt=\"\" width=\"800\" height=\"436\" srcset=\"https:\/\/vocesparalelas.com.ar\/sitio\/wp-content\/uploads\/2023\/06\/BSJ-SECTOR-FINANCIERO-01.jpg 800w, https:\/\/vocesparalelas.com.ar\/sitio\/wp-content\/uploads\/2023\/06\/BSJ-SECTOR-FINANCIERO-01-300x164.jpg 300w, https:\/\/vocesparalelas.com.ar\/sitio\/wp-content\/uploads\/2023\/06\/BSJ-SECTOR-FINANCIERO-01-768x419.jpg 768w\" sizes=\"auto, (max-width: 800px) 100vw, 800px\" \/><\/p>\n<p>Al estar orientado al aprendizaje y la innovaci\u00f3n, i3 ofrece la posibilidad a otras entidades de participar y patrocinar acciones que les resulten de inter\u00e9s, en tanto contribuyan a potenciar las capacidades del sector.<\/p>\n<p>Las instalaciones cuentan con diferentes \u00e1mbitos de reuni\u00f3n entre salas, auditorio y otros espacios m\u00e1s informales adaptados a las distintas necesidades, en un marco \u00fanico sobre el Dique 4 y con hermosas vistas del centro financiero y corporativo de la ciudad de Buenos Aires.<\/p>\n<p>El nuevo i3 est\u00e1 concebido como \u201cdisruptivo, un lugar de apoyo a emprendedores, un faro e incubadora de proyectos, una fuente de intercambio con nuevas formas de trabajar y resolver problemas con esp\u00edritu de comunidad y un espacio de debate y de agilidad innovadora para la sinergia de ideas\u201d.<\/p>\n<p>La presentaci\u00f3n reuni\u00f3 a m\u00e1s de un centenar de invitados entre directivos y clientes de Banco San Juan y otras empresas del Grupo Petersen: Bancos Santa Fe, Entre R\u00edos y Santa Cruz, la procesadora PlusPagos, la aseguradora Qualia, entre otras y representantes de c\u00e1maras empresarias, centros universitarios y compa\u00f1\u00edas y aliados estrat\u00e9gicos del sector financiero.<\/p>\n","protected":false},"excerpt":{"rendered":"<p>Propone \u201cImaginar, innovar e impulsar\u201d ideas y proyectos para todo el ecosistema financiero a trav\u00e9s de actividades de capacitaci\u00f3n, eventos<\/p>\n","protected":false},"author":3,"featured_media":60210,"comment_status":"closed","ping_status":"closed","sticky":false,"template":"","format":"standard","meta":{"_acf_changed":false,"_seopress_robots_primary_cat":"none","_seopress_titles_title":"","_seopress_titles_desc":"","_seopress_robots_index":"","colormag_page_container_layout":"default_layout","colormag_page_sidebar_layout":"default_layout","footnotes":""},"categories":[11],"tags":[],"class_list":["post-60206","post","type-post","status-publish","format-standard","has-post-thumbnail","hentry","category-sociales"],"acf":[],"_links":{"self":[{"href":"https:\/\/vocesparalelas.com.ar\/sitio\/wp-json\/wp\/v2\/posts\/60206","targetHints":{"allow":["GET"]}}],"collection":[{"href":"https:\/\/vocesparalelas.com.ar\/sitio\/wp-json\/wp\/v2\/posts"}],"about":[{"href":"https:\/\/vocesparalelas.com.ar\/sitio\/wp-json\/wp\/v2\/types\/post"}],"author":[{"embeddable":true,"href":"https:\/\/vocesparalelas.com.ar\/sitio\/wp-json\/wp\/v2\/users\/3"}],"replies":[{"embeddable":true,"href":"https:\/\/vocesparalelas.com.ar\/sitio\/wp-json\/wp\/v2\/comments?post=60206"}],"version-history":[{"count":1,"href":"https:\/\/vocesparalelas.com.ar\/sitio\/wp-json\/wp\/v2\/posts\/60206\/revisions"}],"predecessor-version":[{"id":60211,"href":"https:\/\/vocesparalelas.com.ar\/sitio\/wp-json\/wp\/v2\/posts\/60206\/revisions\/60211"}],"wp:featuredmedia":[{"embeddable":true,"href":"https:\/\/vocesparalelas.com.ar\/sitio\/wp-json\/wp\/v2\/media\/60210"}],"wp:attachment":[{"href":"https:\/\/vocesparalelas.com.ar\/sitio\/wp-json\/wp\/v2\/media?parent=60206"}],"wp:term":[{"taxonomy":"category","embeddable":true,"href":"https:\/\/vocesparalelas.com.ar\/sitio\/wp-json\/wp\/v2\/categories?post=60206"},{"taxonomy":"post_tag","embeddable":true,"href":"https:\/\/vocesparalelas.com.ar\/sitio\/wp-json\/wp\/v2\/tags?post=60206"}],"curies":[{"name":"wp","href":"https:\/\/api.w.org\/{rel}","templated":true}]}}