{"id":60199,"date":"2023-06-14T23:59:09","date_gmt":"2023-06-15T02:59:09","guid":{"rendered":"https:\/\/vocesparalelas.com.ar\/sitio\/?p=60199"},"modified":"2023-06-15T02:12:06","modified_gmt":"2023-06-15T05:12:06","slug":"no-se-pierdan-la-feria-educativa-estudia-en-la-nacional-de-la-unsj","status":"publish","type":"post","link":"https:\/\/vocesparalelas.com.ar\/sitio\/no-se-pierdan-la-feria-educativa-estudia-en-la-nacional-de-la-unsj\/","title":{"rendered":"No se pierdan la Feria Educativa \u00abEstudi\u00e1 en la Nacional\u00bb de la UNSJ"},"content":{"rendered":"<p>El Jueves, 15 y el Viernes, 16 de Junio son las dos jornadas previstas y preparadas para recibir a la comunidad estudiantil de la provincia de San Juan que desee conocer la Universidad Nacional de San Juan y empezar as\u00ed a hacerla parte de su vida.<\/p>\n<p>Comienza una nueva edici\u00f3n de la Feria Educativa presencial de la UNSJ. Bajo el lema \u00abEstudi\u00e1 en la Nacional\u00bb, de 10 a 18 hs los dos d\u00edas en el Comedor \u201cJuan Guti\u00e9rrez, ubicado en el Complejo Universitario \u201cIslas Malvinas\u201d (CUIM), Departamento Rivadavia.<\/p>\n<p>En la Feria Educativa habr\u00e1 stands para mostrar la totalidad de las carreras de la UNSJ y distintos aspectos relacionados con lo que implica la vida en la Universidad. Por ejemplo, cada visitante podr\u00e1 tomar contacto con personas que le informar\u00e1n sobre el \u00e1rea de Bienestar Universitario, con todo el sistema de becas y con deportes; sobre la Federaci\u00f3n Universitaria de San Juan, en que se comentar\u00e1 lo que es la participaci\u00f3n pol\u00edtica de estudiantes, espacios de inclusi\u00f3n y contenci\u00f3n, y habr\u00e1 muestras de diversos talleres de la Direcci\u00f3n de Cultura de la Secretar\u00eda de Extensi\u00f3n Universitaria de la UNSJ.<\/p>\n<p>Las l\u00edneas de colectivo para llegar al CUIM son TEO 1 &#8211; TEO 2 &#8211; TEO 3 -10 &#8211; 121 &#8211; 124 &#8211; 125 &#8211; 127 &#8211; 128 &#8211; 129 &#8211; 130.<\/p>\n<p>En tanto, ya est\u00e1 disponible el sitio Web para visitar la Feria Educativa de la UNSJ<\/p>\n<p><a href=\"https:\/\/feriaeducativa.unsj.edu.ar\/\">https:\/\/feriaeducativa.unsj.edu.ar\/<\/a><\/p>\n<p><img loading=\"lazy\" decoding=\"async\" class=\"alignnone size-full wp-image-53945\" src=\"https:\/\/vocesparalelas.com.ar\/sitio\/wp-content\/uploads\/2022\/10\/UNSJ-LOGO-50-FINAL.jpg\" alt=\"\" width=\"800\" height=\"476\" srcset=\"https:\/\/vocesparalelas.com.ar\/sitio\/wp-content\/uploads\/2022\/10\/UNSJ-LOGO-50-FINAL.jpg 800w, https:\/\/vocesparalelas.com.ar\/sitio\/wp-content\/uploads\/2022\/10\/UNSJ-LOGO-50-FINAL-300x179.jpg 300w, https:\/\/vocesparalelas.com.ar\/sitio\/wp-content\/uploads\/2022\/10\/UNSJ-LOGO-50-FINAL-768x457.jpg 768w\" sizes=\"auto, (max-width: 800px) 100vw, 800px\" \/><\/p>\n<p><img loading=\"lazy\" decoding=\"async\" class=\"alignnone size-full wp-image-54035\" src=\"https:\/\/vocesparalelas.com.ar\/sitio\/wp-content\/uploads\/2022\/11\/UNSJ-LOGO-10.jpg\" alt=\"\" width=\"800\" height=\"533\" srcset=\"https:\/\/vocesparalelas.com.ar\/sitio\/wp-content\/uploads\/2022\/11\/UNSJ-LOGO-10.jpg 800w, https:\/\/vocesparalelas.com.ar\/sitio\/wp-content\/uploads\/2022\/11\/UNSJ-LOGO-10-300x200.jpg 300w, https:\/\/vocesparalelas.com.ar\/sitio\/wp-content\/uploads\/2022\/11\/UNSJ-LOGO-10-768x512.jpg 768w\" sizes=\"auto, (max-width: 800px) 100vw, 800px\" \/><\/p>\n","protected":false},"excerpt":{"rendered":"<p>El Jueves, 15 y el Viernes, 16 de Junio son las dos jornadas previstas y preparadas para recibir a la<\/p>\n","protected":false},"author":3,"featured_media":53514,"comment_status":"closed","ping_status":"closed","sticky":false,"template":"","format":"standard","meta":{"_acf_changed":false,"_seopress_robots_primary_cat":"none","_seopress_titles_title":"","_seopress_titles_desc":"","_seopress_robots_index":"","colormag_page_container_layout":"default_layout","colormag_page_sidebar_layout":"default_layout","footnotes":""},"categories":[1],"tags":[],"class_list":["post-60199","post","type-post","status-publish","format-standard","has-post-thumbnail","hentry","category-destacadas"],"acf":[],"_links":{"self":[{"href":"https:\/\/vocesparalelas.com.ar\/sitio\/wp-json\/wp\/v2\/posts\/60199","targetHints":{"allow":["GET"]}}],"collection":[{"href":"https:\/\/vocesparalelas.com.ar\/sitio\/wp-json\/wp\/v2\/posts"}],"about":[{"href":"https:\/\/vocesparalelas.com.ar\/sitio\/wp-json\/wp\/v2\/types\/post"}],"author":[{"embeddable":true,"href":"https:\/\/vocesparalelas.com.ar\/sitio\/wp-json\/wp\/v2\/users\/3"}],"replies":[{"embeddable":true,"href":"https:\/\/vocesparalelas.com.ar\/sitio\/wp-json\/wp\/v2\/comments?post=60199"}],"version-history":[{"count":1,"href":"https:\/\/vocesparalelas.com.ar\/sitio\/wp-json\/wp\/v2\/posts\/60199\/revisions"}],"predecessor-version":[{"id":60202,"href":"https:\/\/vocesparalelas.com.ar\/sitio\/wp-json\/wp\/v2\/posts\/60199\/revisions\/60202"}],"wp:featuredmedia":[{"embeddable":true,"href":"https:\/\/vocesparalelas.com.ar\/sitio\/wp-json\/wp\/v2\/media\/53514"}],"wp:attachment":[{"href":"https:\/\/vocesparalelas.com.ar\/sitio\/wp-json\/wp\/v2\/media?parent=60199"}],"wp:term":[{"taxonomy":"category","embeddable":true,"href":"https:\/\/vocesparalelas.com.ar\/sitio\/wp-json\/wp\/v2\/categories?post=60199"},{"taxonomy":"post_tag","embeddable":true,"href":"https:\/\/vocesparalelas.com.ar\/sitio\/wp-json\/wp\/v2\/tags?post=60199"}],"curies":[{"name":"wp","href":"https:\/\/api.w.org\/{rel}","templated":true}]}}