{"id":60180,"date":"2023-06-14T23:45:12","date_gmt":"2023-06-15T02:45:12","guid":{"rendered":"https:\/\/vocesparalelas.com.ar\/sitio\/?p=60180"},"modified":"2023-06-15T02:12:46","modified_gmt":"2023-06-15T05:12:46","slug":"el-programa-rivadavia-capacita-de-la-escuela-de-oficios-entrego-500-certificados-a-egresados","status":"publish","type":"post","link":"https:\/\/vocesparalelas.com.ar\/sitio\/el-programa-rivadavia-capacita-de-la-escuela-de-oficios-entrego-500-certificados-a-egresados\/","title":{"rendered":"\u00a0El Programa Rivadavia Capacita de la Escuela de Oficios entreg\u00f3 500 certificados a egresados"},"content":{"rendered":"<p>La Municipalidad de Rivadavia cre\u00f3 la Escuela de Oficio, donde se dictan 26 cursos, destinados a personas mayores de 18 a\u00f1os para que se prepare para que tenga una salida laboral.<\/p>\n<p>En sus comienzos fueron pocos curso hoy se dictan 26 cursos que son dignos de adquirir conocimiento y sea para crear una fuente de trabajo digno, prueba es que se entregaron\u00a0500 certificados para los vecinos que completaron la cuarta etapa de los cursos de Rivadavia Capacita.<\/p>\n<p>El programa le abri\u00f3 la posibilidad a 2500 personas, de adquirir conocimientos en diferentes oficios y, de esta manera, contar con herramientas que les permitan tener una salida laboral r\u00e1pida y lograr cierta independencia econ\u00f3mica con su trabajo.<\/p>\n<p>A trav\u00e9s de 26 cursos, el programa brinda oportunidades no solo a los vecinos de Rivadavia, sino tambi\u00e9n, de toda la provincia, que tienen el deseo de superarse y crecer. De esta manera, se le est\u00e1 dando\u00a0 la posibilidad de construir su propio futuro.<\/p>\n<p>Por ello, Voces Paralelas desarroll\u00f3 una entrevista period\u00edstica al Intendente de la Municipalidad de Rivadavia, Dr. Fabi\u00e1n Mart\u00edn, quien describi\u00f3 lo que significa los cursos del Programa Rivadavia Capacita.<\/p>\n<p><iframe loading=\"lazy\" title=\"DR FABI\u00c1N MART\u00cdN\" width=\"800\" height=\"450\" src=\"https:\/\/www.youtube.com\/embed\/oR9dLnwgf1s?feature=oembed\" frameborder=\"0\" allow=\"accelerometer; autoplay; clipboard-write; encrypted-media; gyroscope; picture-in-picture; web-share\" allowfullscreen><\/iframe><\/p>\n<p><img loading=\"lazy\" decoding=\"async\" class=\"alignnone size-full wp-image-60185\" src=\"https:\/\/vocesparalelas.com.ar\/sitio\/wp-content\/uploads\/2023\/06\/RIVADAVIA-OFICIO-02.jpg\" alt=\"\" width=\"800\" height=\"533\" srcset=\"https:\/\/vocesparalelas.com.ar\/sitio\/wp-content\/uploads\/2023\/06\/RIVADAVIA-OFICIO-02.jpg 800w, https:\/\/vocesparalelas.com.ar\/sitio\/wp-content\/uploads\/2023\/06\/RIVADAVIA-OFICIO-02-300x200.jpg 300w, https:\/\/vocesparalelas.com.ar\/sitio\/wp-content\/uploads\/2023\/06\/RIVADAVIA-OFICIO-02-768x512.jpg 768w\" sizes=\"auto, (max-width: 800px) 100vw, 800px\" \/><\/p>\n<p><img loading=\"lazy\" decoding=\"async\" class=\"alignnone size-full wp-image-60186\" src=\"https:\/\/vocesparalelas.com.ar\/sitio\/wp-content\/uploads\/2023\/06\/RIVADAVIA-OFICIO-03.jpg\" alt=\"\" width=\"800\" height=\"533\" srcset=\"https:\/\/vocesparalelas.com.ar\/sitio\/wp-content\/uploads\/2023\/06\/RIVADAVIA-OFICIO-03.jpg 800w, https:\/\/vocesparalelas.com.ar\/sitio\/wp-content\/uploads\/2023\/06\/RIVADAVIA-OFICIO-03-300x200.jpg 300w, https:\/\/vocesparalelas.com.ar\/sitio\/wp-content\/uploads\/2023\/06\/RIVADAVIA-OFICIO-03-768x512.jpg 768w\" sizes=\"auto, (max-width: 800px) 100vw, 800px\" \/><\/p>\n<p>Prueba de lo que se dijo sobre el Programa Rivadavia Capacita, la egresada de Oratoria, Teresa Castro sostuvo en su discurso como representante de los participantes de los cursos.<\/p>\n<p><iframe loading=\"lazy\" title=\"RIVADAVIA EGRESADA ESCUELA DE OFICIOS\" width=\"800\" height=\"450\" src=\"https:\/\/www.youtube.com\/embed\/7-YN6PJoGTk?feature=oembed\" frameborder=\"0\" allow=\"accelerometer; autoplay; clipboard-write; encrypted-media; gyroscope; picture-in-picture; web-share\" allowfullscreen><\/iframe><\/p>\n<p>Las capacitaciones sirven para adquirir conocimiento pero existe la oportunidad de crear un emprendimiento a otro par que permite apostar el futuro laboral.<\/p>\n<p>Si est\u00e1s interesado en el gran desaf\u00edo e incluirte en el Programa Rivadavia Capacita, averigua por WhatsApp 2646751988, de Lunes a Viernes, de 8 a 12 hs. o concurrir la a la Municipalidad de Rivadavia para asesorarte e inscribirte. Es una gran oportunidad de mirar el futuro con el oficio que te gusta.<\/p>\n<p><img loading=\"lazy\" decoding=\"async\" class=\"alignnone size-full wp-image-60187\" src=\"https:\/\/vocesparalelas.com.ar\/sitio\/wp-content\/uploads\/2023\/06\/RIVADAVIA-OFICIO-04.jpg\" alt=\"\" width=\"800\" height=\"533\" srcset=\"https:\/\/vocesparalelas.com.ar\/sitio\/wp-content\/uploads\/2023\/06\/RIVADAVIA-OFICIO-04.jpg 800w, https:\/\/vocesparalelas.com.ar\/sitio\/wp-content\/uploads\/2023\/06\/RIVADAVIA-OFICIO-04-300x200.jpg 300w, https:\/\/vocesparalelas.com.ar\/sitio\/wp-content\/uploads\/2023\/06\/RIVADAVIA-OFICIO-04-768x512.jpg 768w\" sizes=\"auto, (max-width: 800px) 100vw, 800px\" \/><\/p>\n<p><img loading=\"lazy\" decoding=\"async\" class=\"alignnone size-large wp-image-42675\" src=\"https:\/\/vocesparalelas.com.ar\/sitio\/wp-content\/uploads\/2021\/10\/RIVADAVIA-LOGO-800x600.jpg\" alt=\"\" width=\"800\" height=\"600\" srcset=\"https:\/\/vocesparalelas.com.ar\/sitio\/wp-content\/uploads\/2021\/10\/RIVADAVIA-LOGO-800x600.jpg 800w, https:\/\/vocesparalelas.com.ar\/sitio\/wp-content\/uploads\/2021\/10\/RIVADAVIA-LOGO-300x225.jpg 300w, https:\/\/vocesparalelas.com.ar\/sitio\/wp-content\/uploads\/2021\/10\/RIVADAVIA-LOGO-768x576.jpg 768w, https:\/\/vocesparalelas.com.ar\/sitio\/wp-content\/uploads\/2021\/10\/RIVADAVIA-LOGO.jpg 1024w\" sizes=\"auto, (max-width: 800px) 100vw, 800px\" \/><\/p>\n","protected":false},"excerpt":{"rendered":"<p>La Municipalidad de Rivadavia cre\u00f3 la Escuela de Oficio, donde se dictan 26 cursos, destinados a personas mayores de 18<\/p>\n","protected":false},"author":3,"featured_media":60188,"comment_status":"closed","ping_status":"closed","sticky":false,"template":"","format":"standard","meta":{"_acf_changed":false,"_seopress_robots_primary_cat":"none","_seopress_titles_title":"","_seopress_titles_desc":"","_seopress_robots_index":"","colormag_page_container_layout":"default_layout","colormag_page_sidebar_layout":"default_layout","footnotes":""},"categories":[1,7],"tags":[],"class_list":["post-60180","post","type-post","status-publish","format-standard","has-post-thumbnail","hentry","category-destacadas","category-videos"],"acf":[],"_links":{"self":[{"href":"https:\/\/vocesparalelas.com.ar\/sitio\/wp-json\/wp\/v2\/posts\/60180","targetHints":{"allow":["GET"]}}],"collection":[{"href":"https:\/\/vocesparalelas.com.ar\/sitio\/wp-json\/wp\/v2\/posts"}],"about":[{"href":"https:\/\/vocesparalelas.com.ar\/sitio\/wp-json\/wp\/v2\/types\/post"}],"author":[{"embeddable":true,"href":"https:\/\/vocesparalelas.com.ar\/sitio\/wp-json\/wp\/v2\/users\/3"}],"replies":[{"embeddable":true,"href":"https:\/\/vocesparalelas.com.ar\/sitio\/wp-json\/wp\/v2\/comments?post=60180"}],"version-history":[{"count":1,"href":"https:\/\/vocesparalelas.com.ar\/sitio\/wp-json\/wp\/v2\/posts\/60180\/revisions"}],"predecessor-version":[{"id":60189,"href":"https:\/\/vocesparalelas.com.ar\/sitio\/wp-json\/wp\/v2\/posts\/60180\/revisions\/60189"}],"wp:featuredmedia":[{"embeddable":true,"href":"https:\/\/vocesparalelas.com.ar\/sitio\/wp-json\/wp\/v2\/media\/60188"}],"wp:attachment":[{"href":"https:\/\/vocesparalelas.com.ar\/sitio\/wp-json\/wp\/v2\/media?parent=60180"}],"wp:term":[{"taxonomy":"category","embeddable":true,"href":"https:\/\/vocesparalelas.com.ar\/sitio\/wp-json\/wp\/v2\/categories?post=60180"},{"taxonomy":"post_tag","embeddable":true,"href":"https:\/\/vocesparalelas.com.ar\/sitio\/wp-json\/wp\/v2\/tags?post=60180"}],"curies":[{"name":"wp","href":"https:\/\/api.w.org\/{rel}","templated":true}]}}