{"id":60173,"date":"2023-06-14T23:07:27","date_gmt":"2023-06-15T02:07:27","guid":{"rendered":"https:\/\/vocesparalelas.com.ar\/sitio\/?p=60173"},"modified":"2023-06-15T00:07:59","modified_gmt":"2023-06-15T03:07:59","slug":"parametros-que-los-jueces-tienen-en-cuenta-en-cada-categoria-de-patinaje-artistico-en-san-juan","status":"publish","type":"post","link":"https:\/\/vocesparalelas.com.ar\/sitio\/parametros-que-los-jueces-tienen-en-cuenta-en-cada-categoria-de-patinaje-artistico-en-san-juan\/","title":{"rendered":"Par\u00e1metros que los jueces tienen en cuenta en cada categor\u00eda de Patinaje Art\u00edstico en San Juan"},"content":{"rendered":"<p>En San Juan, en el Estadio Aldo Cantoni, se desarrolla World Skate International donde el deporte se luce sobre ruedas, desde el Mi\u00e9rcoles, 14 al Viernes, 16 de Junio. Llegaron a la provincia distintas delegaciones con referentes de gran nivel mundial en el patinaje Art\u00edstico.<\/p>\n<p>Voces Paralelas realiz\u00f3 una entrevista period\u00edstica al coordinador y entrenador de la Confederaci\u00f3n Argentina de Patinaje, Pablo Rodr\u00edguez, quien lleg\u00f3 a San Juan a trabajar en el World Skate International y explic\u00f3 sobre los par\u00e1metros que los jueces tienen en cuenta para brindar los puntajes en las categor\u00edas.<\/p>\n<p><iframe loading=\"lazy\" title=\"SAN JUAN PABLO RODR\u00cdGUEZ\" width=\"800\" height=\"450\" src=\"https:\/\/www.youtube.com\/embed\/yyh1BXc-ELw?feature=oembed\" frameborder=\"0\" allow=\"accelerometer; autoplay; clipboard-write; encrypted-media; gyroscope; picture-in-picture; web-share\" allowfullscreen><\/iframe><\/p>\n<p>En la especialidad libre fue el momento del programa corto de Cadetes y juveniles, mientras que en danza se llevaron a cabo los styledance de Juniors y Seniors. Completan su paso por el torneo con sus programas largos y los freedance, respectivos a cada modalidad.<\/p>\n<p>Es importante destacar que, estos eventos no hay que perd\u00e9rselos porque es una gran oportunidad para conocer y disfrutar porque s\u00f3lo los conocemos por TV y por el Canal de YouTube.<\/p>\n<p>La Pista del Estadio Aldo Cantoni permite apreciar el nivel de la misma para que se desarrolle el Mundial disfrutando y alentado para valorar el trabajo que se realiza por los patinadores para lograr un nivel \u00f3ptimo de competici\u00f3n.<\/p>\n<p><span style=\"color: #0000ff;\"><strong>Resultados de los 5 mejores deportistas por categor\u00eda el Mi\u00e9rcoles, 14 de Junio, de la competencia<\/strong><\/span><\/p>\n<p><strong><span style=\"color: #0000ff;\">LIBRE \u2013 Programa corto<\/span><\/strong><\/p>\n<p><strong><span style=\"color: #0000ff;\">Damas cadete:<\/span><\/strong><\/p>\n<ol>\n<li>INDIA GONZALEZ (ESP) 48.75<\/li>\n<li>MAJA CORSI (SLO) 39.46<\/li>\n<li>MARINA ROYO FERNANDEZ (ESP) 37.50<\/li>\n<li>LUNA CASUCCIO (ARG) 36.04<\/li>\n<li>ZAIRA GONZALEZ (URU) 35.12<\/li>\n<\/ol>\n<p><strong><span style=\"color: #0000ff;\">Caballeros cadete<\/span><\/strong><\/p>\n<ol>\n<li>LLU\u00cdS G\u00c1MEZ (ESP) 49.21<\/li>\n<li>MATEUS VARGAS COY (ESP) 39.57<\/li>\n<li>JOAO CRUZ (POR) 37.17<\/li>\n<li>LUCAS HAMRA (ARG) 22.25<\/li>\n<\/ol>\n<p><strong><span style=\"color: #0000ff;\">Damas Juvenil<\/span><\/strong><\/p>\n<ol>\n<li>MADALENA COSTA (POR) 82.33<\/li>\n<li>LOLA FERN\u00c1NDEZ (ARG) 50.00<\/li>\n<li>MELISSA PASSARELLI (BR) 30.26<\/li>\n<li>CAMILA DUPRAZ (ARG) 30.14<\/li>\n<li>HANA TAVARES (BRA) 29.75<\/li>\n<\/ol>\n<p><span style=\"color: #0000ff;\"><strong>Caballeros Juvenil<\/strong><\/span><\/p>\n<ol>\n<li>GUILLERMO GOMEZ (ESP) 92.32<\/li>\n<li>UNAI CEREIJO GARC\u00cdA (ESP) 82.49<\/li>\n<li>CARLOS PRIETO ALMEIDA (ESP) 52.30<\/li>\n<li>ULISES LISEAU B\u00dcCHELEM (ARG) 35.23<\/li>\n<li>SEBASTI\u00c1N CORRAL (ARG) 29.60<\/li>\n<\/ol>\n<p><span style=\"color: #0000ff;\"><strong>DANZA \u2013 Styledance<\/strong><\/span><\/p>\n<p><span style=\"color: #0000ff;\"><strong>Damas Junior<\/strong><\/span><\/p>\n<ol>\n<li>NAROA RUIZ (ESP) 50.18<\/li>\n<li>GRETA PANI (ITA) 49.82<\/li>\n<li>LINDA CANTALINI (ITA) 47.76<\/li>\n<li>CAMILA BEL\u00c9N TELLO (ARG) 46.12<\/li>\n<li>MARIA MU\u00d1OZ (COL) 44.65<\/li>\n<\/ol>\n<p><strong><span style=\"color: #0000ff;\">Caballeros Junior<\/span><\/strong><\/p>\n<ol>\n<li>JESHUA FOLLECO (COL) 54.89<\/li>\n<li>KEVIN KOEL LEITE (BRA) 50.23<\/li>\n<li>SEAN FOLSTEIN (USA) 37.66<\/li>\n<li>TIJMEN HENDRIKS (NED) 21.12<\/li>\n<\/ol>\n<p><strong><span style=\"color: #0000ff;\">Damas Senior<\/span><\/strong><\/p>\n<ol>\n<li>CATERINA ARTONI (ITA) 61.02<\/li>\n<li>ERIKA ALARCON ANISIMOFF (PAR) 57.76<\/li>\n<li>GABRIELA GIRALDI (BRA) 56.83<\/li>\n<li>BIANCA AMEIXEIRO (BRA) 53.62<\/li>\n<li>LETICIA BARBOSA (BRA) 52.16<\/li>\n<\/ol>\n<p><span style=\"color: #0000ff;\"><strong>Caballeros Senior<\/strong><\/span><\/p>\n<ol>\n<li>BRAYAN CARRE\u00d1O (COL) 64.38<\/li>\n<li>ERIK LEITE (BRA) 50.41<\/li>\n<li>OT DALMAU (ESP) 44.82<\/li>\n<li>LEONARDO AZAMBUJA (BRA) 41.40<\/li>\n<li>THIAGO TORTATO (BRA) 39.66<\/li>\n<\/ol>\n<p><img loading=\"lazy\" decoding=\"async\" class=\"alignnone size-full wp-image-60168\" src=\"https:\/\/vocesparalelas.com.ar\/sitio\/wp-content\/uploads\/2023\/06\/PATIN-PISTA-01.jpg\" alt=\"\" width=\"800\" height=\"533\" srcset=\"https:\/\/vocesparalelas.com.ar\/sitio\/wp-content\/uploads\/2023\/06\/PATIN-PISTA-01.jpg 800w, https:\/\/vocesparalelas.com.ar\/sitio\/wp-content\/uploads\/2023\/06\/PATIN-PISTA-01-300x200.jpg 300w, https:\/\/vocesparalelas.com.ar\/sitio\/wp-content\/uploads\/2023\/06\/PATIN-PISTA-01-768x512.jpg 768w\" sizes=\"auto, (max-width: 800px) 100vw, 800px\" \/><\/p>\n<p><img loading=\"lazy\" decoding=\"async\" class=\"alignnone size-full wp-image-60169\" src=\"https:\/\/vocesparalelas.com.ar\/sitio\/wp-content\/uploads\/2023\/06\/PATIN-PISTA-02.jpg\" alt=\"\" width=\"800\" height=\"533\" srcset=\"https:\/\/vocesparalelas.com.ar\/sitio\/wp-content\/uploads\/2023\/06\/PATIN-PISTA-02.jpg 800w, https:\/\/vocesparalelas.com.ar\/sitio\/wp-content\/uploads\/2023\/06\/PATIN-PISTA-02-300x200.jpg 300w, https:\/\/vocesparalelas.com.ar\/sitio\/wp-content\/uploads\/2023\/06\/PATIN-PISTA-02-768x512.jpg 768w\" sizes=\"auto, (max-width: 800px) 100vw, 800px\" \/><\/p>\n<p>&nbsp;<\/p>\n<figure id=\"attachment_60176\" aria-describedby=\"caption-attachment-60176\" style=\"width: 800px\" class=\"wp-caption alignnone\"><img loading=\"lazy\" decoding=\"async\" class=\"size-full wp-image-60176\" src=\"https:\/\/vocesparalelas.com.ar\/sitio\/wp-content\/uploads\/2023\/06\/ESTADIO-ALDO-CANTONI.jpg\" alt=\"\" width=\"800\" height=\"600\" srcset=\"https:\/\/vocesparalelas.com.ar\/sitio\/wp-content\/uploads\/2023\/06\/ESTADIO-ALDO-CANTONI.jpg 800w, https:\/\/vocesparalelas.com.ar\/sitio\/wp-content\/uploads\/2023\/06\/ESTADIO-ALDO-CANTONI-300x225.jpg 300w, https:\/\/vocesparalelas.com.ar\/sitio\/wp-content\/uploads\/2023\/06\/ESTADIO-ALDO-CANTONI-768x576.jpg 768w\" sizes=\"auto, (max-width: 800px) 100vw, 800px\" \/><figcaption id=\"caption-attachment-60176\" class=\"wp-caption-text\">Estadio Dr. Aldo Cantoni, San Juan, Argentina<\/figcaption><\/figure>\n<p>&nbsp;<\/p>\n<p>&nbsp;<\/p>\n","protected":false},"excerpt":{"rendered":"<p>En San Juan, en el Estadio Aldo Cantoni, se desarrolla World Skate International donde el deporte se luce sobre ruedas,<\/p>\n","protected":false},"author":3,"featured_media":60167,"comment_status":"closed","ping_status":"closed","sticky":false,"template":"","format":"standard","meta":{"_acf_changed":false,"_seopress_robots_primary_cat":"none","_seopress_titles_title":"","_seopress_titles_desc":"","_seopress_robots_index":"","colormag_page_container_layout":"default_layout","colormag_page_sidebar_layout":"default_layout","footnotes":""},"categories":[1,7],"tags":[],"class_list":["post-60173","post","type-post","status-publish","format-standard","has-post-thumbnail","hentry","category-destacadas","category-videos"],"acf":[],"_links":{"self":[{"href":"https:\/\/vocesparalelas.com.ar\/sitio\/wp-json\/wp\/v2\/posts\/60173","targetHints":{"allow":["GET"]}}],"collection":[{"href":"https:\/\/vocesparalelas.com.ar\/sitio\/wp-json\/wp\/v2\/posts"}],"about":[{"href":"https:\/\/vocesparalelas.com.ar\/sitio\/wp-json\/wp\/v2\/types\/post"}],"author":[{"embeddable":true,"href":"https:\/\/vocesparalelas.com.ar\/sitio\/wp-json\/wp\/v2\/users\/3"}],"replies":[{"embeddable":true,"href":"https:\/\/vocesparalelas.com.ar\/sitio\/wp-json\/wp\/v2\/comments?post=60173"}],"version-history":[{"count":1,"href":"https:\/\/vocesparalelas.com.ar\/sitio\/wp-json\/wp\/v2\/posts\/60173\/revisions"}],"predecessor-version":[{"id":60177,"href":"https:\/\/vocesparalelas.com.ar\/sitio\/wp-json\/wp\/v2\/posts\/60173\/revisions\/60177"}],"wp:featuredmedia":[{"embeddable":true,"href":"https:\/\/vocesparalelas.com.ar\/sitio\/wp-json\/wp\/v2\/media\/60167"}],"wp:attachment":[{"href":"https:\/\/vocesparalelas.com.ar\/sitio\/wp-json\/wp\/v2\/media?parent=60173"}],"wp:term":[{"taxonomy":"category","embeddable":true,"href":"https:\/\/vocesparalelas.com.ar\/sitio\/wp-json\/wp\/v2\/categories?post=60173"},{"taxonomy":"post_tag","embeddable":true,"href":"https:\/\/vocesparalelas.com.ar\/sitio\/wp-json\/wp\/v2\/tags?post=60173"}],"curies":[{"name":"wp","href":"https:\/\/api.w.org\/{rel}","templated":true}]}}