{"id":60152,"date":"2023-06-14T21:27:11","date_gmt":"2023-06-15T00:27:11","guid":{"rendered":"https:\/\/vocesparalelas.com.ar\/sitio\/?p=60152"},"modified":"2023-06-14T21:33:42","modified_gmt":"2023-06-15T00:33:42","slug":"nuevas-autoridades-en-udap-para-trabajar-y-fortalecer-los-derechos-de-los-docentes-de-san-juan","status":"publish","type":"post","link":"https:\/\/vocesparalelas.com.ar\/sitio\/nuevas-autoridades-en-udap-para-trabajar-y-fortalecer-los-derechos-de-los-docentes-de-san-juan\/","title":{"rendered":"Nuevas autoridades en UDAP para trabajar y fortalecer los derechos de los docentes de San Juan"},"content":{"rendered":"<p>En el Camping de UDAP, en la Localidad La Bebida, Departamento Rivadavia, se realiz\u00f3 el acto de traspaso de las nuevas autoridades responsables de guiar el destino del Gremio Docente de San Juan la Gloriosa Uni\u00f3n Docentes Agrupados Provinciales, el Lunes, 12 de Junio de 2023 hasta el 2027.<\/p>\n<p>El acto fue muy emotivo porque por primera vez gana la conducci\u00f3n del Gremio UDAP una agrupaci\u00f3n diferente desde hace 50 a\u00f1os de su creaci\u00f3n. Fue una decisi\u00f3n democr\u00e1tica de afiliados activos y jubilados que lo definieron con el voto, en las Elecciones 2023, el Jueves, 13 de Abril de 2023.<\/p>\n<p>Con las autoridades salientes de UDAP fueron entregados los diplomas a las autoridades entrantes de UDAP que, marca el comienzo de una nueva gesti\u00f3n.<\/p>\n<p>El ex Secretario General de UDAP, Prof. Luis Lucero entreg\u00f3 el diploma a la nueva Secretaria General de UDAP, Prof. Patricia Quiroga.<\/p>\n<p><img loading=\"lazy\" decoding=\"async\" class=\"alignnone size-large wp-image-60158 aligncenter\" src=\"https:\/\/vocesparalelas.com.ar\/sitio\/wp-content\/uploads\/2023\/06\/UDAP-AUTORIDADES-10-450x800.jpg\" alt=\"\" width=\"450\" height=\"800\" srcset=\"https:\/\/vocesparalelas.com.ar\/sitio\/wp-content\/uploads\/2023\/06\/UDAP-AUTORIDADES-10-450x800.jpg 450w, https:\/\/vocesparalelas.com.ar\/sitio\/wp-content\/uploads\/2023\/06\/UDAP-AUTORIDADES-10-169x300.jpg 169w, https:\/\/vocesparalelas.com.ar\/sitio\/wp-content\/uploads\/2023\/06\/UDAP-AUTORIDADES-10.jpg 576w\" sizes=\"auto, (max-width: 450px) 100vw, 450px\" \/><\/p>\n<p>De esta manera, el Gremio UDAP conforma la expresi\u00f3n del voto de los afiliados activos y pasivos a trav\u00e9s de las nuevas autoridades.<\/p>\n<p><span style=\"color: #339966;\"><strong>Nueva conducci\u00f3n de UDAP<\/strong><\/span><\/p>\n<ul>\n<li>Secretaria General: Quiroga, Patricia.<\/li>\n<li>Secretario Adjunto: Ocampo, Dami\u00e1n.<\/li>\n<li>Secretaria Gremial: Lobos, Carina.<\/li>\n<li>Secretaria Administrativa: Quiroga, Noelia.<\/li>\n<li>Secretaria de Hacienda y Finanzas: S\u00e1nchez, Nilda.<\/li>\n<li>Secretaria de Acci\u00f3n Social: Bord\u00f3n, Anal\u00eda.<\/li>\n<li>Secretaria de Pol\u00edtica Educativa: Guti\u00e9rrez, Patricia.<\/li>\n<li>Secretaria de Prensa y Difusi\u00f3n: Jofr\u00e9, Ver\u00f3nica.<\/li>\n<li>Secretaria de Organizaci\u00f3n: Maldonado, Adri\u00e1n.<\/li>\n<li>Secretaria de Privada: Ag\u00fcero, Ana.<\/li>\n<li>Secretaria de Jubilados: Tivani, Patricia.<\/li>\n<\/ul>\n<p><span style=\"color: #339966;\"><strong>Vocales Titulares<\/strong><\/span><\/p>\n<ul>\n<li>Primero: Pelletier, Silvia<\/li>\n<li>Segundo: Arrieta, Alicia.<\/li>\n<li>Tercero: Mulleady, Daniela.<\/li>\n<li>Cuarto: Pombo, Adriana.<\/li>\n<li>Quinto: D Antoni, Mar\u00eda Jos\u00e9.<\/li>\n<\/ul>\n<p><span style=\"color: #339966;\"><strong>Vocales Suplentes<\/strong><\/span><\/p>\n<ul>\n<li>Primero: Aguirre, Daniel.<\/li>\n<li>Segundo: Lucero Vargas, Franco.<\/li>\n<li>Tercero: Aguirre Ontiveros, Carina.<\/li>\n<li>Cuarto: Aciar, Mar\u00eda Cristina.<\/li>\n<li>Quinto: Baigorria Porres, Sergio.<\/li>\n<\/ul>\n<p><span style=\"color: #339966;\"><strong>Comisi\u00f3n Fiscalizadora y Revisora de Cuenta<\/strong><\/span><\/p>\n<ul>\n<li>Primer miembro titular: Ortiz, Rolando.<\/li>\n<li>Segundo miembro titular: Fern\u00e1ndez, Alejandra<\/li>\n<li>Tercer miembro titular: Carrillo, Mar\u00eda In\u00e9s<\/li>\n<li>Primer miembro suplente: Rubi\u00f1o, Silvia.<\/li>\n<li>Segundo miembro suplente: Alba, Jos\u00e9.<\/li>\n<li>Tercer miembro suplente: Riveros, Marisa<\/li>\n<\/ul>\n<p><span style=\"color: #339966;\"><strong>Junta de Disciplina<\/strong><\/span><\/p>\n<ul>\n<li>Primer miembro titular: Rodr\u00edguez, Adela.<\/li>\n<li>Segundo miembro titular: Ruarte, M\u00f3nica.<\/li>\n<li>Tercer miembro titular: Poblete, Elsa.<\/li>\n<li>Primer miembro suplente: Roldan Ana.<\/li>\n<li>Segundo miembro suplente: Gonz\u00e1lez, Mirta.<\/li>\n<li>Tercer miembro suplente: Castillo, Cora.<\/li>\n<\/ul>\n<p><img loading=\"lazy\" decoding=\"async\" class=\"alignnone size-full wp-image-60159\" src=\"https:\/\/vocesparalelas.com.ar\/sitio\/wp-content\/uploads\/2023\/06\/UDAP-AUTORIDADES-11.jpg\" alt=\"\" width=\"800\" height=\"600\" srcset=\"https:\/\/vocesparalelas.com.ar\/sitio\/wp-content\/uploads\/2023\/06\/UDAP-AUTORIDADES-11.jpg 800w, https:\/\/vocesparalelas.com.ar\/sitio\/wp-content\/uploads\/2023\/06\/UDAP-AUTORIDADES-11-300x225.jpg 300w, https:\/\/vocesparalelas.com.ar\/sitio\/wp-content\/uploads\/2023\/06\/UDAP-AUTORIDADES-11-768x576.jpg 768w\" sizes=\"auto, (max-width: 800px) 100vw, 800px\" \/><\/p>\n<p>&nbsp;<\/p>\n<p>Por ello, Voces Paralelas desarroll\u00f3 una entrevista period\u00edstica a la Secretaria General de UDAP, Prof. Patricia Quiroga, que expres\u00f3 llegar a este momento es cumplir el sue\u00f1o y la esperanza de muchos afiliados activos y pasivos para levantar el gremio para lograr brindar los servicio como le corresponde a los docentes de San Juan.<\/p>\n<p><iframe loading=\"lazy\" title=\"UDAP PROF PATRICIA QUIROGA\" width=\"800\" height=\"450\" src=\"https:\/\/www.youtube.com\/embed\/01O7h9Q-NQI?feature=oembed\" frameborder=\"0\" allow=\"accelerometer; autoplay; clipboard-write; encrypted-media; gyroscope; picture-in-picture; web-share\" allowfullscreen><\/iframe><\/p>\n<p>&nbsp;<\/p>\n<p><img loading=\"lazy\" decoding=\"async\" class=\"alignnone size-full wp-image-54427\" src=\"https:\/\/vocesparalelas.com.ar\/sitio\/wp-content\/uploads\/2022\/11\/UDAP-FRENTE-01.jpg\" alt=\"\" width=\"800\" height=\"600\" srcset=\"https:\/\/vocesparalelas.com.ar\/sitio\/wp-content\/uploads\/2022\/11\/UDAP-FRENTE-01.jpg 800w, https:\/\/vocesparalelas.com.ar\/sitio\/wp-content\/uploads\/2022\/11\/UDAP-FRENTE-01-300x225.jpg 300w, https:\/\/vocesparalelas.com.ar\/sitio\/wp-content\/uploads\/2022\/11\/UDAP-FRENTE-01-768x576.jpg 768w\" sizes=\"auto, (max-width: 800px) 100vw, 800px\" \/><\/p>\n","protected":false},"excerpt":{"rendered":"<p>En el Camping de UDAP, en la Localidad La Bebida, Departamento Rivadavia, se realiz\u00f3 el acto de traspaso de las<\/p>\n","protected":false},"author":3,"featured_media":60155,"comment_status":"closed","ping_status":"closed","sticky":false,"template":"","format":"standard","meta":{"_acf_changed":false,"_seopress_robots_primary_cat":"none","_seopress_titles_title":"","_seopress_titles_desc":"","_seopress_robots_index":"","colormag_page_container_layout":"default_layout","colormag_page_sidebar_layout":"default_layout","footnotes":""},"categories":[1,7],"tags":[],"class_list":["post-60152","post","type-post","status-publish","format-standard","has-post-thumbnail","hentry","category-destacadas","category-videos"],"acf":[],"_links":{"self":[{"href":"https:\/\/vocesparalelas.com.ar\/sitio\/wp-json\/wp\/v2\/posts\/60152","targetHints":{"allow":["GET"]}}],"collection":[{"href":"https:\/\/vocesparalelas.com.ar\/sitio\/wp-json\/wp\/v2\/posts"}],"about":[{"href":"https:\/\/vocesparalelas.com.ar\/sitio\/wp-json\/wp\/v2\/types\/post"}],"author":[{"embeddable":true,"href":"https:\/\/vocesparalelas.com.ar\/sitio\/wp-json\/wp\/v2\/users\/3"}],"replies":[{"embeddable":true,"href":"https:\/\/vocesparalelas.com.ar\/sitio\/wp-json\/wp\/v2\/comments?post=60152"}],"version-history":[{"count":3,"href":"https:\/\/vocesparalelas.com.ar\/sitio\/wp-json\/wp\/v2\/posts\/60152\/revisions"}],"predecessor-version":[{"id":60162,"href":"https:\/\/vocesparalelas.com.ar\/sitio\/wp-json\/wp\/v2\/posts\/60152\/revisions\/60162"}],"wp:featuredmedia":[{"embeddable":true,"href":"https:\/\/vocesparalelas.com.ar\/sitio\/wp-json\/wp\/v2\/media\/60155"}],"wp:attachment":[{"href":"https:\/\/vocesparalelas.com.ar\/sitio\/wp-json\/wp\/v2\/media?parent=60152"}],"wp:term":[{"taxonomy":"category","embeddable":true,"href":"https:\/\/vocesparalelas.com.ar\/sitio\/wp-json\/wp\/v2\/categories?post=60152"},{"taxonomy":"post_tag","embeddable":true,"href":"https:\/\/vocesparalelas.com.ar\/sitio\/wp-json\/wp\/v2\/tags?post=60152"}],"curies":[{"name":"wp","href":"https:\/\/api.w.org\/{rel}","templated":true}]}}