{"id":60096,"date":"2023-06-12T21:35:21","date_gmt":"2023-06-13T00:35:21","guid":{"rendered":"https:\/\/vocesparalelas.com.ar\/sitio\/?p=60096"},"modified":"2023-06-15T21:59:51","modified_gmt":"2023-06-16T00:59:51","slug":"jornadas-regeneracion-de-paisajes-post-extractivos-mineros-en-san-juan","status":"publish","type":"post","link":"https:\/\/vocesparalelas.com.ar\/sitio\/jornadas-regeneracion-de-paisajes-post-extractivos-mineros-en-san-juan\/","title":{"rendered":"Jornadas \u00abRegeneraci\u00f3n de Paisajes post-extractivos mineros\u00bb en San Juan"},"content":{"rendered":"<p>El Jueves, 15 y Viernes, 16 de Junio de 2023, a las 17 hs.; en el Auditorio \u00abEmar Acosta\u00bb del Anexo de la Legislatura de San Juan, se desarrollan las Jornadas Regeneraci\u00f3n de Paisajes post-extractivos mineros, organizadas por la Facultad de Arquitectura, Urbanismo y Dise\u00f1o de la Universidad Nacional de San Juan.<\/p>\n<p><img loading=\"lazy\" decoding=\"async\" class=\"alignnone size-full wp-image-44361\" src=\"https:\/\/vocesparalelas.com.ar\/sitio\/wp-content\/uploads\/2021\/11\/ANEXO-07.jpg\" alt=\"\" width=\"800\" height=\"533\" srcset=\"https:\/\/vocesparalelas.com.ar\/sitio\/wp-content\/uploads\/2021\/11\/ANEXO-07.jpg 800w, https:\/\/vocesparalelas.com.ar\/sitio\/wp-content\/uploads\/2021\/11\/ANEXO-07-300x200.jpg 300w, https:\/\/vocesparalelas.com.ar\/sitio\/wp-content\/uploads\/2021\/11\/ANEXO-07-768x512.jpg 768w\" sizes=\"auto, (max-width: 800px) 100vw, 800px\" \/><\/p>\n<p>El objetivo de las Jornadas es generar un espacio de acercamiento y reflexi\u00f3n a partir de las experiencias y aportes de profesionales especializados en:<\/p>\n<div id=\"contentNoticia\">\n<ul>\n<li>Acciones de administraci\u00f3n, intervenci\u00f3n y recuperaci\u00f3n de suelos de \u00e1reas intervenidas por actividades mineras para transformar su rol a otros horizontes de h\u00e1bitat.<\/li>\n<li>Abordajes inter y transdisciplinares con profesiones relacionadas al espacio y el territorio para proponer soluciones a los efectos y derivaciones de las actividades extractivas mineras.<\/li>\n<\/ul>\n<p>Las Jornadas est\u00e1n destinadas a profesionales universitarios, docentes, estudiantes avanzados, profesionales t\u00e9cnicos, gestores gubernamentales y empresariales e interesados pertenecientes a \u00e1reas afines a las tem\u00e1ticas a abordar por los disertantes.<\/p>\n<p>La modalidad es presencial, con cupos limitados. Es una actividad no arancelada con certificaci\u00f3n de asistencia.<\/p>\n<p><span style=\"color: #800000;\"><strong>Programa<\/strong><\/span><\/p>\n<p><span style=\"color: #800000;\"><strong>Jueves, 15 de Junio de 2023<\/strong><\/span><\/p>\n<p><span style=\"color: #800000;\"><strong>17:00 &#8211; Apertura \u2013 Presentaci\u00f3n &#8211; Conformaci\u00f3n de Mesa de autoridades.<\/strong><\/span><\/p>\n<ul>\n<li><strong><span style=\"color: #800000;\">\u00abPol\u00edticas de sustentabilidad en la Miner\u00eda Argentina:\u00a0<\/span><\/strong>Dra. Fernanda \u00c1VILA. Secretaria Miner\u00eda Naci\u00f3n. &#8211; Lic. Leonardo PFL\u00dcGER. Dir. Nacional de Producci\u00f3n Minera Sustentable de la Naci\u00f3n.<\/li>\n<li><strong><span style=\"color: #800000;\">\u00abModelo San Juan Minero\u00bb,<\/span><\/strong> Ing. Carlos ASTUDILLO,\u00a0Ministro Miner\u00eda Gobierno de San Juan<\/li>\n<li><strong><span style=\"color: #800000;\">\u00abLa miner\u00eda en el mundo y extracci\u00f3n local\u00bb,\u00a0<\/span><\/strong>Ing Jos\u00e9 MAR\u00daN (San Juan &#8211; Argentina)<\/li>\n<li><strong><span style=\"color: #800000;\">\u00abExtractop\u00eda\u00bb, <\/span><\/strong>Arq. Claudio ASTUDILLO BARRA (Chile) y Arq. Linda SCHILLING CUELLAR (Chile)<\/li>\n<li>Ronda de Preguntas<\/li>\n<\/ul>\n<p><span style=\"color: #800000;\"><strong>Viernes, 16 de Junio de 2023<\/strong><\/span><\/p>\n<ul>\n<li><strong><span style=\"color: #800000;\">17:00 &#8211; \u00abExperiencias contempor\u00e1neas en cierre de minas\u00bb, <\/span><\/strong>Ing. Sebastiam Iv\u00e1n ESCOBAR CRUZ (Chile)<\/li>\n<li><strong><span style=\"color: #800000;\">\u00abAmbiente y Legislaci\u00f3n\u00bb, <\/span><\/strong>Abog. Gast\u00f3n NOGUERA RAMOS (San Juan &#8211; Argentina)<\/li>\n<li><strong><span style=\"color: #800000;\">\u00abAcceso a la informaci\u00f3n ambiental\u00bb, <\/span><\/strong>Mg. Ge\u00f3grafa Piroska \u00c1NGEL HERN\u00c1NDEZ (Chile) y Dis. Katherine MOLLENHAUER GAJARDO (Chile)<\/li>\n<li>Ronda de preguntas<\/li>\n<li>Presentaci\u00f3n de Video-instalaci\u00f3n \u201cBiophilia\u201d<\/li>\n<\/ul>\n<p><span style=\"color: #800000;\"><strong>Inscripciones<\/strong><\/span><\/p>\n<p><a href=\"https:\/\/docs.google.com\/forms\/d\/e\/1FAIpQLSfUMUzDdm3PArw0fl6pHsbYup8jbmxgo3L4UnppIQW64m8SSw\/viewform\">https:\/\/docs.google.com\/forms\/d\/e\/1FAIpQLSfUMUzDdm3PArw0fl6pHsbYup8jbmxgo3L4UnppIQW64m8SSw\/viewform<\/a><\/p>\n<p><img loading=\"lazy\" decoding=\"async\" class=\"alignnone size-full wp-image-59158\" src=\"https:\/\/vocesparalelas.com.ar\/sitio\/wp-content\/uploads\/2023\/05\/FAUD-LOGO-03.jpg\" alt=\"\" width=\"800\" height=\"471\" srcset=\"https:\/\/vocesparalelas.com.ar\/sitio\/wp-content\/uploads\/2023\/05\/FAUD-LOGO-03.jpg 800w, https:\/\/vocesparalelas.com.ar\/sitio\/wp-content\/uploads\/2023\/05\/FAUD-LOGO-03-300x177.jpg 300w, https:\/\/vocesparalelas.com.ar\/sitio\/wp-content\/uploads\/2023\/05\/FAUD-LOGO-03-768x452.jpg 768w\" sizes=\"auto, (max-width: 800px) 100vw, 800px\" \/><\/p>\n<p><img loading=\"lazy\" decoding=\"async\" class=\"alignnone size-full wp-image-53945\" src=\"https:\/\/vocesparalelas.com.ar\/sitio\/wp-content\/uploads\/2022\/10\/UNSJ-LOGO-50-FINAL.jpg\" alt=\"\" width=\"800\" height=\"476\" srcset=\"https:\/\/vocesparalelas.com.ar\/sitio\/wp-content\/uploads\/2022\/10\/UNSJ-LOGO-50-FINAL.jpg 800w, https:\/\/vocesparalelas.com.ar\/sitio\/wp-content\/uploads\/2022\/10\/UNSJ-LOGO-50-FINAL-300x179.jpg 300w, https:\/\/vocesparalelas.com.ar\/sitio\/wp-content\/uploads\/2022\/10\/UNSJ-LOGO-50-FINAL-768x457.jpg 768w\" sizes=\"auto, (max-width: 800px) 100vw, 800px\" \/><\/p>\n<p><img loading=\"lazy\" decoding=\"async\" class=\"alignnone size-full wp-image-54035\" src=\"https:\/\/vocesparalelas.com.ar\/sitio\/wp-content\/uploads\/2022\/11\/UNSJ-LOGO-10.jpg\" alt=\"\" width=\"800\" height=\"533\" srcset=\"https:\/\/vocesparalelas.com.ar\/sitio\/wp-content\/uploads\/2022\/11\/UNSJ-LOGO-10.jpg 800w, https:\/\/vocesparalelas.com.ar\/sitio\/wp-content\/uploads\/2022\/11\/UNSJ-LOGO-10-300x200.jpg 300w, https:\/\/vocesparalelas.com.ar\/sitio\/wp-content\/uploads\/2022\/11\/UNSJ-LOGO-10-768x512.jpg 768w\" sizes=\"auto, (max-width: 800px) 100vw, 800px\" \/><\/p>\n<\/div>\n","protected":false},"excerpt":{"rendered":"<p>El Jueves, 15 y Viernes, 16 de Junio de 2023, a las 17 hs.; en el Auditorio \u00abEmar Acosta\u00bb del<\/p>\n","protected":false},"author":3,"featured_media":45548,"comment_status":"closed","ping_status":"closed","sticky":false,"template":"","format":"standard","meta":{"_acf_changed":false,"_seopress_robots_primary_cat":"none","_seopress_titles_title":"","_seopress_titles_desc":"","_seopress_robots_index":"","colormag_page_container_layout":"default_layout","colormag_page_sidebar_layout":"default_layout","footnotes":""},"categories":[9],"tags":[],"class_list":["post-60096","post","type-post","status-publish","format-standard","has-post-thumbnail","hentry","category-cursos"],"acf":[],"_links":{"self":[{"href":"https:\/\/vocesparalelas.com.ar\/sitio\/wp-json\/wp\/v2\/posts\/60096","targetHints":{"allow":["GET"]}}],"collection":[{"href":"https:\/\/vocesparalelas.com.ar\/sitio\/wp-json\/wp\/v2\/posts"}],"about":[{"href":"https:\/\/vocesparalelas.com.ar\/sitio\/wp-json\/wp\/v2\/types\/post"}],"author":[{"embeddable":true,"href":"https:\/\/vocesparalelas.com.ar\/sitio\/wp-json\/wp\/v2\/users\/3"}],"replies":[{"embeddable":true,"href":"https:\/\/vocesparalelas.com.ar\/sitio\/wp-json\/wp\/v2\/comments?post=60096"}],"version-history":[{"count":1,"href":"https:\/\/vocesparalelas.com.ar\/sitio\/wp-json\/wp\/v2\/posts\/60096\/revisions"}],"predecessor-version":[{"id":60099,"href":"https:\/\/vocesparalelas.com.ar\/sitio\/wp-json\/wp\/v2\/posts\/60096\/revisions\/60099"}],"wp:featuredmedia":[{"embeddable":true,"href":"https:\/\/vocesparalelas.com.ar\/sitio\/wp-json\/wp\/v2\/media\/45548"}],"wp:attachment":[{"href":"https:\/\/vocesparalelas.com.ar\/sitio\/wp-json\/wp\/v2\/media?parent=60096"}],"wp:term":[{"taxonomy":"category","embeddable":true,"href":"https:\/\/vocesparalelas.com.ar\/sitio\/wp-json\/wp\/v2\/categories?post=60096"},{"taxonomy":"post_tag","embeddable":true,"href":"https:\/\/vocesparalelas.com.ar\/sitio\/wp-json\/wp\/v2\/tags?post=60096"}],"curies":[{"name":"wp","href":"https:\/\/api.w.org\/{rel}","templated":true}]}}