{"id":60079,"date":"2023-06-12T20:15:41","date_gmt":"2023-06-12T23:15:41","guid":{"rendered":"https:\/\/vocesparalelas.com.ar\/sitio\/?p=60079"},"modified":"2023-06-15T21:40:48","modified_gmt":"2023-06-16T00:40:48","slug":"entradas-para-el-internacional-series-artistic-en-san-juan","status":"publish","type":"post","link":"https:\/\/vocesparalelas.com.ar\/sitio\/entradas-para-el-internacional-series-artistic-en-san-juan\/","title":{"rendered":"Entradas para el Internacional Series Artistic en San Juan"},"content":{"rendered":"<p>El International Series Artistic es un importante evento para los patinadores de todo el mundo. San Juan es el anfitri\u00f3n de esta competencia y el Estadio Aldo Cantoni el escenario para celebrar este evento, donde compiten los mejores exponentes del patinaje art\u00edstico mundial.<\/p>\n<p>El evento de final del mundo comienza el Mi\u00e9rcoles, 14 hasta el Domingo, 18 de Junio, en seis d\u00edas donde se puede disfrutar del patinaje art\u00edstico a un m\u00e1ximo nivel. La segunda edici\u00f3n del World Skate International Series, re\u00fane a 17 pa\u00edses de distintos continentes. La primera fecha tuvo lugar en Alemania, y a diferencia de la misma, se le suman dos nuevos pa\u00edses, El Salvador y Bolivia.<\/p>\n<p>Este certamen alberga a los diez mejores atletas de cada categor\u00eda en este deporte. Los mismos llegaron a esta instancia a trav\u00e9s de etapas clasificatorias que tuvieron lugar en Asunci\u00f3n, Paraguay; y en Trieste, Italia. Este martes habr\u00e1 entrenamientos en horario vespertino y un d\u00eda m\u00e1s tarde comenzar\u00e1n las competencias, que se desarrollar\u00e1n en horario de 9:30 a 20:45 hs.<\/p>\n<p>La venta de entradas para la apertura de la competencia, que se realiza el Mi\u00e9rcoles, 14 de Junio, para los clubes de patinaje art\u00edstico de San Juan, a partir de las 18:00 hs.<\/p>\n<p><span style=\"color: #0000ff;\"><strong>Entradas<\/strong><\/span><\/p>\n<ul>\n<li>Popular Norte y Sur Alta $300.<\/li>\n<li>Platea preferencial Oeste Baja y Alta $ 500.<\/li>\n<li>Ni\u00f1os menores de 4 a\u00f1os sin cargo.<\/li>\n<li>Personas jubiladas y con discapacidad retirar la entrada por estadio Aldo Cantoni (d\u00eda 14\/6 a partir de las 13:00). Llevar carnet.<\/li>\n<\/ul>\n<p><img loading=\"lazy\" decoding=\"async\" class=\"alignnone size-large wp-image-2300\" src=\"https:\/\/vocesparalelas.com.ar\/sitio\/wp-content\/uploads\/2017\/06\/ESTADIO-01-800x531.jpg\" alt=\"\" width=\"800\" height=\"531\" srcset=\"https:\/\/vocesparalelas.com.ar\/sitio\/wp-content\/uploads\/2017\/06\/ESTADIO-01-800x531.jpg 800w, https:\/\/vocesparalelas.com.ar\/sitio\/wp-content\/uploads\/2017\/06\/ESTADIO-01-300x199.jpg 300w, https:\/\/vocesparalelas.com.ar\/sitio\/wp-content\/uploads\/2017\/06\/ESTADIO-01-768x510.jpg 768w, https:\/\/vocesparalelas.com.ar\/sitio\/wp-content\/uploads\/2017\/06\/ESTADIO-01.jpg 1024w\" sizes=\"auto, (max-width: 800px) 100vw, 800px\" \/><\/p>\n","protected":false},"excerpt":{"rendered":"<p>El International Series Artistic es un importante evento para los patinadores de todo el mundo. San Juan es el anfitri\u00f3n<\/p>\n","protected":false},"author":3,"featured_media":59933,"comment_status":"closed","ping_status":"closed","sticky":false,"template":"","format":"standard","meta":{"_acf_changed":false,"_seopress_robots_primary_cat":"none","_seopress_titles_title":"","_seopress_titles_desc":"","_seopress_robots_index":"","colormag_page_container_layout":"default_layout","colormag_page_sidebar_layout":"default_layout","footnotes":""},"categories":[6],"tags":[],"class_list":["post-60079","post","type-post","status-publish","format-standard","has-post-thumbnail","hentry","category-eventos"],"acf":[],"_links":{"self":[{"href":"https:\/\/vocesparalelas.com.ar\/sitio\/wp-json\/wp\/v2\/posts\/60079","targetHints":{"allow":["GET"]}}],"collection":[{"href":"https:\/\/vocesparalelas.com.ar\/sitio\/wp-json\/wp\/v2\/posts"}],"about":[{"href":"https:\/\/vocesparalelas.com.ar\/sitio\/wp-json\/wp\/v2\/types\/post"}],"author":[{"embeddable":true,"href":"https:\/\/vocesparalelas.com.ar\/sitio\/wp-json\/wp\/v2\/users\/3"}],"replies":[{"embeddable":true,"href":"https:\/\/vocesparalelas.com.ar\/sitio\/wp-json\/wp\/v2\/comments?post=60079"}],"version-history":[{"count":1,"href":"https:\/\/vocesparalelas.com.ar\/sitio\/wp-json\/wp\/v2\/posts\/60079\/revisions"}],"predecessor-version":[{"id":60082,"href":"https:\/\/vocesparalelas.com.ar\/sitio\/wp-json\/wp\/v2\/posts\/60079\/revisions\/60082"}],"wp:featuredmedia":[{"embeddable":true,"href":"https:\/\/vocesparalelas.com.ar\/sitio\/wp-json\/wp\/v2\/media\/59933"}],"wp:attachment":[{"href":"https:\/\/vocesparalelas.com.ar\/sitio\/wp-json\/wp\/v2\/media?parent=60079"}],"wp:term":[{"taxonomy":"category","embeddable":true,"href":"https:\/\/vocesparalelas.com.ar\/sitio\/wp-json\/wp\/v2\/categories?post=60079"},{"taxonomy":"post_tag","embeddable":true,"href":"https:\/\/vocesparalelas.com.ar\/sitio\/wp-json\/wp\/v2\/tags?post=60079"}],"curies":[{"name":"wp","href":"https:\/\/api.w.org\/{rel}","templated":true}]}}