{"id":60070,"date":"2023-06-12T09:26:25","date_gmt":"2023-06-12T12:26:25","guid":{"rendered":"https:\/\/vocesparalelas.com.ar\/sitio\/?p=60070"},"modified":"2023-06-15T22:58:22","modified_gmt":"2023-06-16T01:58:22","slug":"se-acredita-la-1-cuota-del-sueldo-anual-complementario-2023-de-la-administracion-publica-de-san-juan","status":"publish","type":"post","link":"https:\/\/vocesparalelas.com.ar\/sitio\/se-acredita-la-1-cuota-del-sueldo-anual-complementario-2023-de-la-administracion-publica-de-san-juan\/","title":{"rendered":"Se acredita la 1\u00b0 cuota del Sueldo Anual Complementario 2023 de la Administraci\u00f3n P\u00fablica de San Juan"},"content":{"rendered":"<p>La Secretar\u00eda de Hacienda y Finanzas del Gobierno de San Juan inform\u00f3 que la primera cuota del SAC 2023 est\u00e1 acreditada en cajeros autom\u00e1ticos el S\u00e1bado, 17 de Junio para todos los empleados de la Administraci\u00f3n P\u00fablica de San Juan.<\/p>\n<p>Asimismo, se recuerda que los cajeros autom\u00e1ticos funcionan las 24 horas, por lo que se sugiere evitar horarios y cajeros con gran afluencia de p\u00fablico, mantener distancia entre personas y desinfectar las manos luego del uso de cajeros y manipulaci\u00f3n de dinero.<\/p>\n<p>Tambi\u00e9n se solicita a la poblaci\u00f3n tener presente que est\u00e1n vigentes las extracciones con tarjeta de d\u00e9bito en los principales supermercados y estaciones de servicio de la provincia, entre otros comercios identificados con el logo de Visa &#8211; Extra cash.<\/p>\n<p><img loading=\"lazy\" decoding=\"async\" class=\"alignnone size-full wp-image-59964\" src=\"https:\/\/vocesparalelas.com.ar\/sitio\/wp-content\/uploads\/2023\/06\/BANDERA-SAN-JUAN.jpg\" alt=\"\" width=\"800\" height=\"600\" srcset=\"https:\/\/vocesparalelas.com.ar\/sitio\/wp-content\/uploads\/2023\/06\/BANDERA-SAN-JUAN.jpg 800w, https:\/\/vocesparalelas.com.ar\/sitio\/wp-content\/uploads\/2023\/06\/BANDERA-SAN-JUAN-300x225.jpg 300w, https:\/\/vocesparalelas.com.ar\/sitio\/wp-content\/uploads\/2023\/06\/BANDERA-SAN-JUAN-768x576.jpg 768w\" sizes=\"auto, (max-width: 800px) 100vw, 800px\" \/><\/p>\n","protected":false},"excerpt":{"rendered":"<p>La Secretar\u00eda de Hacienda y Finanzas del Gobierno de San Juan inform\u00f3 que la primera cuota del SAC 2023 est\u00e1<\/p>\n","protected":false},"author":3,"featured_media":5039,"comment_status":"closed","ping_status":"closed","sticky":false,"template":"","format":"standard","meta":{"_acf_changed":false,"_seopress_robots_primary_cat":"none","_seopress_titles_title":"","_seopress_titles_desc":"","_seopress_robots_index":"","colormag_page_container_layout":"default_layout","colormag_page_sidebar_layout":"default_layout","footnotes":""},"categories":[6],"tags":[],"class_list":["post-60070","post","type-post","status-publish","format-standard","has-post-thumbnail","hentry","category-eventos"],"acf":[],"_links":{"self":[{"href":"https:\/\/vocesparalelas.com.ar\/sitio\/wp-json\/wp\/v2\/posts\/60070","targetHints":{"allow":["GET"]}}],"collection":[{"href":"https:\/\/vocesparalelas.com.ar\/sitio\/wp-json\/wp\/v2\/posts"}],"about":[{"href":"https:\/\/vocesparalelas.com.ar\/sitio\/wp-json\/wp\/v2\/types\/post"}],"author":[{"embeddable":true,"href":"https:\/\/vocesparalelas.com.ar\/sitio\/wp-json\/wp\/v2\/users\/3"}],"replies":[{"embeddable":true,"href":"https:\/\/vocesparalelas.com.ar\/sitio\/wp-json\/wp\/v2\/comments?post=60070"}],"version-history":[{"count":1,"href":"https:\/\/vocesparalelas.com.ar\/sitio\/wp-json\/wp\/v2\/posts\/60070\/revisions"}],"predecessor-version":[{"id":60073,"href":"https:\/\/vocesparalelas.com.ar\/sitio\/wp-json\/wp\/v2\/posts\/60070\/revisions\/60073"}],"wp:featuredmedia":[{"embeddable":true,"href":"https:\/\/vocesparalelas.com.ar\/sitio\/wp-json\/wp\/v2\/media\/5039"}],"wp:attachment":[{"href":"https:\/\/vocesparalelas.com.ar\/sitio\/wp-json\/wp\/v2\/media?parent=60070"}],"wp:term":[{"taxonomy":"category","embeddable":true,"href":"https:\/\/vocesparalelas.com.ar\/sitio\/wp-json\/wp\/v2\/categories?post=60070"},{"taxonomy":"post_tag","embeddable":true,"href":"https:\/\/vocesparalelas.com.ar\/sitio\/wp-json\/wp\/v2\/tags?post=60070"}],"curies":[{"name":"wp","href":"https:\/\/api.w.org\/{rel}","templated":true}]}}