{"id":60047,"date":"2023-06-11T20:04:52","date_gmt":"2023-06-11T23:04:52","guid":{"rendered":"https:\/\/vocesparalelas.com.ar\/sitio\/?p=60047"},"modified":"2023-06-15T23:02:59","modified_gmt":"2023-06-16T02:02:59","slug":"contratados-aspirantes-a-ingreso-a-planta-permanente-de-educacion-de-san-juan","status":"publish","type":"post","link":"https:\/\/vocesparalelas.com.ar\/sitio\/contratados-aspirantes-a-ingreso-a-planta-permanente-de-educacion-de-san-juan\/","title":{"rendered":"Contratados aspirantes a ingreso a planta permanente de Educaci\u00f3n de San Juan"},"content":{"rendered":"<p>El Ministerio de Educaci\u00f3n del Gobierno de San Juan advierte a contratados aspirantes a ingresar a planta permanente que deben revisar su correo electr\u00f3nico de contacto de notificaciones para cumplir con turnos asignados o la presentaci\u00f3n de documentaci\u00f3n de acuerdo a los plazos fijados.<\/p>\n<p>De no cumplir con los requisitos establecidos quedan en riesgo de ser dados de baja.<\/p>\n<p><strong><span style=\"color: #800000;\">Consultas<\/span><\/strong><\/p>\n<p><span id=\"cloakd38272fecbeeca97bf13c7e70a28c666\"><a href=\"mailto:personaladministrativo@sanjuan.edu.ar\">personaladministrativo@sanjuan.edu.ar<\/a><\/span><\/p>\n","protected":false},"excerpt":{"rendered":"<p>El Ministerio de Educaci\u00f3n del Gobierno de San Juan advierte a contratados aspirantes a ingresar a planta permanente que deben<\/p>\n","protected":false},"author":3,"featured_media":59964,"comment_status":"closed","ping_status":"closed","sticky":false,"template":"","format":"standard","meta":{"_acf_changed":false,"_seopress_robots_primary_cat":"none","_seopress_titles_title":"","_seopress_titles_desc":"","_seopress_robots_index":"","colormag_page_container_layout":"default_layout","colormag_page_sidebar_layout":"default_layout","footnotes":""},"categories":[5],"tags":[],"class_list":["post-60047","post","type-post","status-publish","format-standard","has-post-thumbnail","hentry","category-ofrecimientos"],"acf":[],"_links":{"self":[{"href":"https:\/\/vocesparalelas.com.ar\/sitio\/wp-json\/wp\/v2\/posts\/60047","targetHints":{"allow":["GET"]}}],"collection":[{"href":"https:\/\/vocesparalelas.com.ar\/sitio\/wp-json\/wp\/v2\/posts"}],"about":[{"href":"https:\/\/vocesparalelas.com.ar\/sitio\/wp-json\/wp\/v2\/types\/post"}],"author":[{"embeddable":true,"href":"https:\/\/vocesparalelas.com.ar\/sitio\/wp-json\/wp\/v2\/users\/3"}],"replies":[{"embeddable":true,"href":"https:\/\/vocesparalelas.com.ar\/sitio\/wp-json\/wp\/v2\/comments?post=60047"}],"version-history":[{"count":2,"href":"https:\/\/vocesparalelas.com.ar\/sitio\/wp-json\/wp\/v2\/posts\/60047\/revisions"}],"predecessor-version":[{"id":60212,"href":"https:\/\/vocesparalelas.com.ar\/sitio\/wp-json\/wp\/v2\/posts\/60047\/revisions\/60212"}],"wp:featuredmedia":[{"embeddable":true,"href":"https:\/\/vocesparalelas.com.ar\/sitio\/wp-json\/wp\/v2\/media\/59964"}],"wp:attachment":[{"href":"https:\/\/vocesparalelas.com.ar\/sitio\/wp-json\/wp\/v2\/media?parent=60047"}],"wp:term":[{"taxonomy":"category","embeddable":true,"href":"https:\/\/vocesparalelas.com.ar\/sitio\/wp-json\/wp\/v2\/categories?post=60047"},{"taxonomy":"post_tag","embeddable":true,"href":"https:\/\/vocesparalelas.com.ar\/sitio\/wp-json\/wp\/v2\/tags?post=60047"}],"curies":[{"name":"wp","href":"https:\/\/api.w.org\/{rel}","templated":true}]}}