{"id":60038,"date":"2023-06-11T19:56:14","date_gmt":"2023-06-11T22:56:14","guid":{"rendered":"https:\/\/vocesparalelas.com.ar\/sitio\/?p=60038"},"modified":"2023-06-15T23:29:55","modified_gmt":"2023-06-16T02:29:55","slug":"los-seleccionados-del-programa-fomento-2022-de-san-juan","status":"publish","type":"post","link":"https:\/\/vocesparalelas.com.ar\/sitio\/los-seleccionados-del-programa-fomento-2022-de-san-juan\/","title":{"rendered":"Los seleccionados del \u00abPrograma Fomento 2022\u00bb de San Juan"},"content":{"rendered":"<p>el Ministerio de Turismo y Cultura del Gobierno de San Juan present\u00f3 los proyectos que fueron elegidos en el marco del programa provincial Fomento a la Edici\u00f3n 2022.<\/p>\n<p>El mismo tuvo como objetivo otorgar una ayuda econ\u00f3mica extraordinaria para el fortalecimiento del sector editorial de la provincia.<\/p>\n<p>Adem\u00e1s, estuvo destinado a editores sanjuaninos que deseaban publicar obras in\u00e9ditas de autores sanjuaninos en el campo de la literatura, literatura infantil e historietas.<\/p>\n<p>Los proyectos seleccionados fueron\u00a0Didascalias Compartidas\u00a0y\u00a0La Libertad Enterrada Junto a Las Cenizas (Argentina 1976), de Editorial Abdulah Libro; y\u00a0Antolog\u00eda de Poes\u00eda Argentina Contempor\u00e1nea en San Juan, de Monta\u00f1as de Papel Ediciones.<\/p>\n<p>En este sentido, la intenci\u00f3n principal fue garantizar la edici\u00f3n de aquellas obras de elevada relevancia cultural y reducido alcance comercial.<\/p>\n<p>Por \u00faltimo, el Comit\u00e9 Evaluador estuvo integrado por la Dra. Berta Kleingut de Abner, Dra. A\u00edda Elisa Gonz\u00e1lez de Ortiz y Dra. Melisa Laura Cabello.<\/p>\n<p>&nbsp;<\/p>\n<p>&nbsp;<\/p>\n","protected":false},"excerpt":{"rendered":"<p>el Ministerio de Turismo y Cultura del Gobierno de San Juan present\u00f3 los proyectos que fueron elegidos en el marco<\/p>\n","protected":false},"author":3,"featured_media":60041,"comment_status":"closed","ping_status":"closed","sticky":false,"template":"","format":"standard","meta":{"_acf_changed":false,"_seopress_robots_primary_cat":"none","_seopress_titles_title":"","_seopress_titles_desc":"","_seopress_robots_index":"","colormag_page_container_layout":"default_layout","colormag_page_sidebar_layout":"default_layout","footnotes":""},"categories":[8],"tags":[],"class_list":["post-60038","post","type-post","status-publish","format-standard","has-post-thumbnail","hentry","category-concursos"],"acf":[],"_links":{"self":[{"href":"https:\/\/vocesparalelas.com.ar\/sitio\/wp-json\/wp\/v2\/posts\/60038","targetHints":{"allow":["GET"]}}],"collection":[{"href":"https:\/\/vocesparalelas.com.ar\/sitio\/wp-json\/wp\/v2\/posts"}],"about":[{"href":"https:\/\/vocesparalelas.com.ar\/sitio\/wp-json\/wp\/v2\/types\/post"}],"author":[{"embeddable":true,"href":"https:\/\/vocesparalelas.com.ar\/sitio\/wp-json\/wp\/v2\/users\/3"}],"replies":[{"embeddable":true,"href":"https:\/\/vocesparalelas.com.ar\/sitio\/wp-json\/wp\/v2\/comments?post=60038"}],"version-history":[{"count":1,"href":"https:\/\/vocesparalelas.com.ar\/sitio\/wp-json\/wp\/v2\/posts\/60038\/revisions"}],"predecessor-version":[{"id":60042,"href":"https:\/\/vocesparalelas.com.ar\/sitio\/wp-json\/wp\/v2\/posts\/60038\/revisions\/60042"}],"wp:featuredmedia":[{"embeddable":true,"href":"https:\/\/vocesparalelas.com.ar\/sitio\/wp-json\/wp\/v2\/media\/60041"}],"wp:attachment":[{"href":"https:\/\/vocesparalelas.com.ar\/sitio\/wp-json\/wp\/v2\/media?parent=60038"}],"wp:term":[{"taxonomy":"category","embeddable":true,"href":"https:\/\/vocesparalelas.com.ar\/sitio\/wp-json\/wp\/v2\/categories?post=60038"},{"taxonomy":"post_tag","embeddable":true,"href":"https:\/\/vocesparalelas.com.ar\/sitio\/wp-json\/wp\/v2\/tags?post=60038"}],"curies":[{"name":"wp","href":"https:\/\/api.w.org\/{rel}","templated":true}]}}