{"id":59923,"date":"2023-06-07T22:00:22","date_gmt":"2023-06-08T01:00:22","guid":{"rendered":"https:\/\/vocesparalelas.com.ar\/sitio\/?p=59923"},"modified":"2023-06-09T00:55:50","modified_gmt":"2023-06-09T03:55:50","slug":"inauguracion-del-patio-de-dona-paula-en-la-casa-de-sarmiento","status":"publish","type":"post","link":"https:\/\/vocesparalelas.com.ar\/sitio\/inauguracion-del-patio-de-dona-paula-en-la-casa-de-sarmiento\/","title":{"rendered":"Inauguraci\u00f3n del Patio de Do\u00f1a Paula en la Casa de Sarmiento"},"content":{"rendered":"<p>Nuevo espacio de visita permanente que se configura dentro del museo y que permitir\u00e1 la generaci\u00f3n de distintas din\u00e1micas relacionadas a las industrias dom\u00e9sticas que nombra Sarmiento en \u201cRecuerdos de Provincia\u201d, y especialmente en el saber textil vinculado con la figura de do\u00f1a Paula Albarrac\u00edn y el trabajo en el telar.<\/p>\n<p>La metodolog\u00eda participativa que se lleva a cabo para su concreci\u00f3n es esencialmente colectiva, para lograr ello, la tarea inici\u00f3 con diversos encuentros de artesanas realizados en Casa Natal y se continuar\u00e1 construyendo desde la apropiaci\u00f3n particular y colectiva que las comunidades de artesanas puedan hacer del sitio.<\/p>\n<p><span style=\"color: #800080;\"><strong>Compartir entre comunidades de tejedoras<\/strong><\/span><\/p>\n<p>Reunirse en torno al telar de do\u00f1a Paula y propiciar un espacio abierto que permita el di\u00e1logo entre tejedoras de telar criollo acerca de la voluntad para construir una red vincular capaz de \u201ccriarse mutuamente\u201d a lo largo del tiempo a trav\u00e9s de este espacio.<\/p>\n<p><strong><span style=\"color: #800080;\">Programa<\/span><\/strong><\/p>\n<p><strong><span style=\"color: #800080;\">Jueves, 15 de Junio<\/span><\/strong><\/p>\n<ul>\n<li>10 hs \u201cDo\u00f1a Paula Albarrac\u00edn, su vida y sus tramas\u201d. Relato a cargo de la Lic. Elina Castro<\/li>\n<li>10.30hs \u201cVisita a Casa Natal y sus historias\u201d. Recorrido de las participantes por el Museo<\/li>\n<li>11.00hs \u201cDi\u00e1logos en el telar\u201d. Compartir de vidas y saberes mientras se inicia el tejido de una tela viva en el telar del Patio de do\u00f1a Paula y se completa el contenido que configura el espacio en funci\u00f3n de las tem\u00e1ticas que se han venido trabajando en los encuentros previos con las tejedoras. Asimismo, las artesanas estar\u00e1n realizando demostraciones de diversas t\u00e9cnicas.<\/li>\n<li>14 hs. Demostraci\u00f3n y degustaci\u00f3n de gastronom\u00eda t\u00edpica. Se suman a esta instancia artesanas vinculadas a la gastronom\u00eda local quienes, junto a las tejedoras que en su mayor\u00eda tienen tambi\u00e9n estrecha vinculaci\u00f3n con la tem\u00e1tica, profundizar\u00e1n en el rescate y revalorizaci\u00f3n de recetas y sabe[1]res gastron\u00f3micos que hacen a la identidad de la cocina sanjuanina y forman parte de las industrias dom\u00e9sticas sobre las cuales versar\u00e1n los contenidos de este espacio.<\/li>\n<li>15.00 hs \u201cDesde las ancestras hasta la actualidad. El tejido en las familias y la comunidad\u201d. Las tejedoras que asisten a la reuni\u00f3n previamente trabajaron, en sus territorios y junto a sus comunidades, los \u00e1rboles geneal\u00f3gicos (familias de tejedoras) y sus redes comunitarias de saberes inherentes al tejido, los inmateriales del telar, los secretos y las historias que configuran el tejido m\u00e1s all\u00e1 de su materialidad para compartirlos en esta reuni\u00f3n y configurar la exposici\u00f3n.<\/li>\n<li>17 hs Inauguraci\u00f3n del espacio de interpretaci\u00f3n \u201cPatio de do\u00f1a Paula\u201d. Homenaje a maestras teleras de diversas comunidades de San Juan.<\/li>\n<\/ul>\n<p><strong><span style=\"color: #800080;\">Viernes, 16 de Junio<\/span><\/strong><\/p>\n<ul>\n<li>10 hs \u201cConstrucci\u00f3n de redes comunitarias de colaboraci\u00f3n e intercambio\u201d. Conversatorio con la participaci\u00f3n de Roxana Amarilla y Celeste Valero. Actividad que se organiza en conjunto con la Secretar\u00eda de Extensi\u00f3n Universitaria perteneciente a la Universidad Nacional de San Juan. Lugar: hall central del rectorado de la Universidad Nacional de San Juan, Mitre Este 396 &#8211; Capital San Juan<\/li>\n<li>13 hs Almuerzo en Casa Natal.<\/li>\n<li>14 hs Segunda reuni\u00f3n en torno al telar, donde las voces de las tejedoras expresan si desean fortalecer la construcci\u00f3n y \u201ccrianza\u201d de una red de tejedoras de telar criollo. Se profundiza el mapeo de las tejedoras presentes. Se aborda un di\u00e1logo que interpela a reflexionar estos temas no solo desde el deseo, sino y especialmente desde las potencialidades y conflictos de su crianza.<\/li>\n<li>16hs. Visita al Mercado artesanal tradicional Luisa Escudero.<\/li>\n<\/ul>\n<p><strong><span style=\"color: #800080;\">Organiza<\/span><\/strong><\/p>\n<ul>\n<li>Museo y Biblioteca Casa Natal de Domingo Faustino Sarmiento<\/li>\n<li>Direcci\u00f3n Nacional de Museos<\/li>\n<li>Secretaria de Patrimonio Cultural<\/li>\n<li>Ministerio de Cultura de la Naci\u00f3n<\/li>\n<\/ul>\n<p><strong><span style=\"color: #800080;\">Colabora<\/span><\/strong><\/p>\n<ul>\n<li>Universidad Nacional de San Juan<\/li>\n<li>Secretar\u00eda de Extensi\u00f3n Universitaria<\/li>\n<\/ul>\n<p><img loading=\"lazy\" decoding=\"async\" class=\"alignnone size-full wp-image-41746\" src=\"https:\/\/vocesparalelas.com.ar\/sitio\/wp-content\/uploads\/2021\/09\/CASA-SARMIENTO-FRENTE-01.jpg\" alt=\"\" width=\"800\" height=\"533\" srcset=\"https:\/\/vocesparalelas.com.ar\/sitio\/wp-content\/uploads\/2021\/09\/CASA-SARMIENTO-FRENTE-01.jpg 800w, https:\/\/vocesparalelas.com.ar\/sitio\/wp-content\/uploads\/2021\/09\/CASA-SARMIENTO-FRENTE-01-300x200.jpg 300w, https:\/\/vocesparalelas.com.ar\/sitio\/wp-content\/uploads\/2021\/09\/CASA-SARMIENTO-FRENTE-01-768x512.jpg 768w\" sizes=\"auto, (max-width: 800px) 100vw, 800px\" \/><\/p>\n","protected":false},"excerpt":{"rendered":"<p>Nuevo espacio de visita permanente que se configura dentro del museo y que permitir\u00e1 la generaci\u00f3n de distintas din\u00e1micas relacionadas<\/p>\n","protected":false},"author":3,"featured_media":59926,"comment_status":"closed","ping_status":"closed","sticky":false,"template":"","format":"standard","meta":{"_acf_changed":false,"_seopress_robots_primary_cat":"none","_seopress_titles_title":"","_seopress_titles_desc":"","_seopress_robots_index":"","colormag_page_container_layout":"default_layout","colormag_page_sidebar_layout":"default_layout","footnotes":""},"categories":[1],"tags":[],"class_list":["post-59923","post","type-post","status-publish","format-standard","has-post-thumbnail","hentry","category-destacadas"],"acf":[],"_links":{"self":[{"href":"https:\/\/vocesparalelas.com.ar\/sitio\/wp-json\/wp\/v2\/posts\/59923","targetHints":{"allow":["GET"]}}],"collection":[{"href":"https:\/\/vocesparalelas.com.ar\/sitio\/wp-json\/wp\/v2\/posts"}],"about":[{"href":"https:\/\/vocesparalelas.com.ar\/sitio\/wp-json\/wp\/v2\/types\/post"}],"author":[{"embeddable":true,"href":"https:\/\/vocesparalelas.com.ar\/sitio\/wp-json\/wp\/v2\/users\/3"}],"replies":[{"embeddable":true,"href":"https:\/\/vocesparalelas.com.ar\/sitio\/wp-json\/wp\/v2\/comments?post=59923"}],"version-history":[{"count":1,"href":"https:\/\/vocesparalelas.com.ar\/sitio\/wp-json\/wp\/v2\/posts\/59923\/revisions"}],"predecessor-version":[{"id":59927,"href":"https:\/\/vocesparalelas.com.ar\/sitio\/wp-json\/wp\/v2\/posts\/59923\/revisions\/59927"}],"wp:featuredmedia":[{"embeddable":true,"href":"https:\/\/vocesparalelas.com.ar\/sitio\/wp-json\/wp\/v2\/media\/59926"}],"wp:attachment":[{"href":"https:\/\/vocesparalelas.com.ar\/sitio\/wp-json\/wp\/v2\/media?parent=59923"}],"wp:term":[{"taxonomy":"category","embeddable":true,"href":"https:\/\/vocesparalelas.com.ar\/sitio\/wp-json\/wp\/v2\/categories?post=59923"},{"taxonomy":"post_tag","embeddable":true,"href":"https:\/\/vocesparalelas.com.ar\/sitio\/wp-json\/wp\/v2\/tags?post=59923"}],"curies":[{"name":"wp","href":"https:\/\/api.w.org\/{rel}","templated":true}]}}