{"id":59917,"date":"2023-06-07T22:50:25","date_gmt":"2023-06-08T01:50:25","guid":{"rendered":"https:\/\/vocesparalelas.com.ar\/sitio\/?p=59917"},"modified":"2023-06-07T22:50:25","modified_gmt":"2023-06-08T01:50:25","slug":"nuevas-autoridades-del-cofae-argentina","status":"publish","type":"post","link":"https:\/\/vocesparalelas.com.ar\/sitio\/nuevas-autoridades-del-cofae-argentina\/","title":{"rendered":"Nuevas autoridades del CoFAE Argentina"},"content":{"rendered":"<p class=\"wp-block-heading\">El Consejo Federal de Archivos Estatales &#8211; CoFAE -, que re\u00fane al Archivo General de la Naci\u00f3n, archivos provinciales y de la Ciudad de Buenos Aires, se reuni\u00f3 el Lunes, 5 y Martes, 6 de Junio, en la Provincia de La Rioja y realiz\u00f3 nuevas definiciones para avanzar en la creaci\u00f3n de nuevas oportunidades para los archivos Argentina.<\/p>\n<p class=\"wp-block-heading\"><strong><span style=\"color: #808000;\">Nuevas autoridades del CoFAE<\/span><\/strong><\/p>\n<ul>\n<li class=\"wp-block-heading\">Presidente del CoFAE: Javier Gast\u00f3n Reino (San Juan);<\/li>\n<li class=\"wp-block-heading\">vicepresidente 1: Paula Bertini (Salta),<\/li>\n<li class=\"wp-block-heading\">vicepresidente 2: Hern\u00e1n Steckler (Santa Fe);<\/li>\n<li class=\"wp-block-heading\">secretar\u00eda: Natalia Villegas (R\u00edo Negro).<\/li>\n<li class=\"wp-block-heading\">secretar\u00eda permanente Pablo Fontdevila, director del Archivo General de la Naci\u00f3n.<\/li>\n<\/ul>\n<p>En esta nueva reuni\u00f3n, que cont\u00f3 con la presencia de autoridades y t\u00e9cnicos del Archivo General de la Naci\u00f3n, y las provincias de La Rioja, C\u00f3rdoba, Salta, Mendoza, R\u00edo Negro, La Pampa, Santa Fe, Tucum\u00e1n, Chaco, San Juan, Jujuy y la Ciudad de Buenos Aires, la Asamblea aprob\u00f3 el lanzamiento del\u00a0Censo Nacional de Archivos Argentinos, donde archivos p\u00fablicos y privados de todo el pa\u00eds podr\u00e1n inscribirse. De esta forma, se avanza hacia la construcci\u00f3n de una imagen lo m\u00e1s completa posible de la situaci\u00f3n archiv\u00edstica a nivel nacional.<\/p>\n<p>La Asamblea tambi\u00e9n aprob\u00f3 el anteproyecto de\u00a0Ley Federal de Archiv\u00edstica y Gesti\u00f3n Documental, que apunta a actualizar la legislaci\u00f3n vigente a las necesidades y desaf\u00edos de la actualidad. Se espera que esta propuesta sea presentada prontamente en el Congreso de la Naci\u00f3n.<\/p>\n<p>Adem\u00e1s se aprobaron acciones relacionadas a la lucha contra el\u00a0tr\u00e1fico il\u00edcito de documentaci\u00f3n, actualizaci\u00f3n de\u00a0normas ISDIAH provinciales, se cre\u00f3 la\u00a0Comisi\u00f3n de financiamiento\u00a0y se declar\u00f3 inter\u00e9s en la realizaci\u00f3n de las jornadas\u00a0Saberes y Experiencias de Archivo: parte 2, a realizarse en agosto de este a\u00f1o en el Archivo General de la Naci\u00f3n.<\/p>\n<p><span style=\"color: #808000;\"><strong>Durante esta Asamblea del CoFAE se pusieron a votaci\u00f3n los siguientes puntos:<\/strong><\/span><\/p>\n<ol>\n<li>Adhesi\u00f3n al Cap\u00edtulo IV de la Ley Modelo Interamericana sobre acceso a la informaci\u00f3n p\u00fablica.<\/li>\n<li>Adhesi\u00f3n al modelo OAIS para la preservaci\u00f3n integral de documentos electr\u00f3nicos.<\/li>\n<li>Conformaci\u00f3n de la Comisi\u00f3n de Financiamiento de Proyectos Archiv\u00edsticos.<\/li>\n<li>Actualizaci\u00f3n de la Directriz para la asignaci\u00f3n de c\u00f3digos de identificaci\u00f3n de instituciones que forman parte del Consejo Federal de Archivos.<\/li>\n<li>Actualizaci\u00f3n de la Directriz para la implementaci\u00f3n de la norma ISDIAH.<\/li>\n<li>Adhesi\u00f3n a la metodolog\u00eda para la asignaci\u00f3n de c\u00f3digos detallada en la Directriz de Asignaci\u00f3n de c\u00f3digos de identificaci\u00f3n de los registros de autoridad en el Archivo General de la Naci\u00f3n (Argentina) v. 2022.<\/li>\n<li>Formulario del Censo para construir el registro de instituciones Archiv\u00edstica del pa\u00eds.<\/li>\n<li>Contacto del CoFAE con las instituciones provinciales y nacionales vinculadas a lucha contra el tr\u00e1fico il\u00edcito de bienes culturales.<\/li>\n<li>Aprobaci\u00f3n del Ante Proyecto de Ley Nacional de Archivos y Gesti\u00f3n Documental.<\/li>\n<li>Calendario de reuniones de las comisiones del CoFAE para su publicaci\u00f3n en la web.<\/li>\n<li>Elecci\u00f3n de autoridades del CoFAE.<\/li>\n<li>Gabriela Parra mociona la modificaci\u00f3n del art. 2 del Reglamento del Consejo Federal de Archivos -CoFAE- proponiendo la anexi\u00f3n de una Secretaria de la Asamblea a los fines de ampliar la representatividad provincial y fortalecer la conducci\u00f3n del mismo.<\/li>\n<\/ol>\n<p><img loading=\"lazy\" decoding=\"async\" class=\"alignnone size-full wp-image-59920\" src=\"https:\/\/vocesparalelas.com.ar\/sitio\/wp-content\/uploads\/2023\/06\/CoFAE-2023.jpg\" alt=\"\" width=\"800\" height=\"531\" srcset=\"https:\/\/vocesparalelas.com.ar\/sitio\/wp-content\/uploads\/2023\/06\/CoFAE-2023.jpg 800w, https:\/\/vocesparalelas.com.ar\/sitio\/wp-content\/uploads\/2023\/06\/CoFAE-2023-300x199.jpg 300w, https:\/\/vocesparalelas.com.ar\/sitio\/wp-content\/uploads\/2023\/06\/CoFAE-2023-768x510.jpg 768w\" sizes=\"auto, (max-width: 800px) 100vw, 800px\" \/><\/p>\n<p>&nbsp;<\/p>\n","protected":false},"excerpt":{"rendered":"<p>El Consejo Federal de Archivos Estatales &#8211; CoFAE -, que re\u00fane al Archivo General de la Naci\u00f3n, archivos provinciales y<\/p>\n","protected":false},"author":3,"featured_media":59921,"comment_status":"closed","ping_status":"closed","sticky":false,"template":"","format":"standard","meta":{"_acf_changed":false,"_seopress_robots_primary_cat":"none","_seopress_titles_title":"","_seopress_titles_desc":"","_seopress_robots_index":"","colormag_page_container_layout":"default_layout","colormag_page_sidebar_layout":"default_layout","footnotes":""},"categories":[1],"tags":[],"class_list":["post-59917","post","type-post","status-publish","format-standard","has-post-thumbnail","hentry","category-destacadas"],"acf":[],"_links":{"self":[{"href":"https:\/\/vocesparalelas.com.ar\/sitio\/wp-json\/wp\/v2\/posts\/59917","targetHints":{"allow":["GET"]}}],"collection":[{"href":"https:\/\/vocesparalelas.com.ar\/sitio\/wp-json\/wp\/v2\/posts"}],"about":[{"href":"https:\/\/vocesparalelas.com.ar\/sitio\/wp-json\/wp\/v2\/types\/post"}],"author":[{"embeddable":true,"href":"https:\/\/vocesparalelas.com.ar\/sitio\/wp-json\/wp\/v2\/users\/3"}],"replies":[{"embeddable":true,"href":"https:\/\/vocesparalelas.com.ar\/sitio\/wp-json\/wp\/v2\/comments?post=59917"}],"version-history":[{"count":1,"href":"https:\/\/vocesparalelas.com.ar\/sitio\/wp-json\/wp\/v2\/posts\/59917\/revisions"}],"predecessor-version":[{"id":59922,"href":"https:\/\/vocesparalelas.com.ar\/sitio\/wp-json\/wp\/v2\/posts\/59917\/revisions\/59922"}],"wp:featuredmedia":[{"embeddable":true,"href":"https:\/\/vocesparalelas.com.ar\/sitio\/wp-json\/wp\/v2\/media\/59921"}],"wp:attachment":[{"href":"https:\/\/vocesparalelas.com.ar\/sitio\/wp-json\/wp\/v2\/media?parent=59917"}],"wp:term":[{"taxonomy":"category","embeddable":true,"href":"https:\/\/vocesparalelas.com.ar\/sitio\/wp-json\/wp\/v2\/categories?post=59917"},{"taxonomy":"post_tag","embeddable":true,"href":"https:\/\/vocesparalelas.com.ar\/sitio\/wp-json\/wp\/v2\/tags?post=59917"}],"curies":[{"name":"wp","href":"https:\/\/api.w.org\/{rel}","templated":true}]}}