{"id":59912,"date":"2023-06-07T22:33:36","date_gmt":"2023-06-08T01:33:36","guid":{"rendered":"https:\/\/vocesparalelas.com.ar\/sitio\/?p=59912"},"modified":"2023-06-09T00:54:22","modified_gmt":"2023-06-09T03:54:22","slug":"grandes-propuestas-musicales-en-el-auditorio-juan-victoria-de-san-juan","status":"publish","type":"post","link":"https:\/\/vocesparalelas.com.ar\/sitio\/grandes-propuestas-musicales-en-el-auditorio-juan-victoria-de-san-juan\/","title":{"rendered":"Grandes propuestas musicales en el Auditorio Juan Victoria de San Juan"},"content":{"rendered":"<p>El Ministerio de Turismo y Cultura del Gobierno de San Juan, a trav\u00e9s del Auditorio Juan Victoria, invita a conocer la variedad de propuestas para disfrutar en Junio de 2023.<\/p>\n<p>El Ciclo de M\u00fasica de C\u00e1mara realiza el Concierto de M\u00fasica Latinoamericana el Mi\u00e9rcoles, 7 de Junio, a las 21 hs. Estar\u00e1 a cargo de alumnos y profesores del Departamento de M\u00fasica. La entrada es libre y gratuita.<\/p>\n<p>En el mismo marco, el espect\u00e1culo titulado \u201cLuci\u00e9rnagas\u201d est\u00e1 previsto para el 14 de junio a las 21 hs. En el concierto se presentar\u00e1n Luis Querales (fagot), Miguel Pineda (flauta), Emanuel Fern\u00e1ndez (piano), \u00c1mbar Manzano (cuatro venezolano), Carla Pereyra (bajo), Benjam\u00edn Hern\u00e1ndez (piano), Aura Moreno (Voz) y Juan Ram\u00f3n \u00c1lvarez (percusi\u00f3n).<\/p>\n<p>Por otro lado, la Orquesta Sinf\u00f3nica de San Juan, dirigida por el M\u00ba C\u00e9sar Iv\u00e1n Lara como invitado, interpretar\u00e1 obras de diferentes pa\u00edses de Latinoam\u00e9rica el viernes, 9 de Junio, a las 21.30 hs. Se espera que los presentes disfruten de \u201cCampo\u201d, de Eduardo Fabini (Uruguay); \u201cDanz\u00f3n N\u00b02\u201d, de Arturo M\u00e1rquez (M\u00e9xico); Sensemay\u00e1, de Silvestre Revueltas (M\u00e9xico) entre otras.<\/p>\n<p>El Mozarteum Argentino San Juan presenta, en su tercera funci\u00f3n de Abono, a Leonardo Pittella en piano y la Orquesta de la Universidad Nacional de San Juan junto al director Miguel Pineda Z\u00e1ccara (Venezuela). La funci\u00f3n se desarrollar\u00e1 el viernes 16 de junio, desde las 21:30. Los abonos y entradas estar\u00e1n a la venta en la oficina de Mozarteum de lunes a viernes de 9 a 12:30. Adem\u00e1s, el d\u00eda de la funci\u00f3n podr\u00e1n adquirirse en boleter\u00eda del Auditorio a partir de las 19. Los precios son los siguientes: Abono General $15.000; Abono Juvenil $8.000; entrada general $3.000; y entrada menores de 30 a\u00f1os: $1.600.<\/p>\n<p>Finalmente, el Coro Arturo Beruti Asociaci\u00f3n Civil realizar\u00e1 una nueva edici\u00f3n del Concurso y Festival Internacional de Coros San Juan Canta. El s\u00e1bado 17 y lunes 19 a las 16 estar\u00e1n todos los participantes en el Auditorio Juan Victoria. El evento ser\u00e1 supervisado integralmente por el Presidente del Comit\u00e9 Art\u00edstico, Mar\u00eda Elina Mayorga en cooperaci\u00f3n con el Presidente del Jurado Dr. T. J. Harper (Los Angeles, EEUU) Junto a ellos, un jurado internacional de reconocido prestigio otorgar\u00e1 los premios a los coros concursantes.<\/p>\n<p>Adem\u00e1s, el 17, 18 y 19 de junio se realizar\u00e1 la feria de emprendedores sanjuaninos \u201cEl Pase\u00edto\u201d. El mismo se realizar\u00e1 en el horario de tarde, de 14 a 19.<\/p>\n","protected":false},"excerpt":{"rendered":"<p>El Ministerio de Turismo y Cultura del Gobierno de San Juan, a trav\u00e9s del Auditorio Juan Victoria, invita a conocer<\/p>\n","protected":false},"author":3,"featured_media":59915,"comment_status":"closed","ping_status":"closed","sticky":false,"template":"","format":"standard","meta":{"_acf_changed":false,"_seopress_robots_primary_cat":"none","_seopress_titles_title":"","_seopress_titles_desc":"","_seopress_robots_index":"","colormag_page_container_layout":"default_layout","colormag_page_sidebar_layout":"default_layout","footnotes":""},"categories":[20],"tags":[],"class_list":["post-59912","post","type-post","status-publish","format-standard","has-post-thumbnail","hentry","category-cartelera"],"acf":[],"_links":{"self":[{"href":"https:\/\/vocesparalelas.com.ar\/sitio\/wp-json\/wp\/v2\/posts\/59912","targetHints":{"allow":["GET"]}}],"collection":[{"href":"https:\/\/vocesparalelas.com.ar\/sitio\/wp-json\/wp\/v2\/posts"}],"about":[{"href":"https:\/\/vocesparalelas.com.ar\/sitio\/wp-json\/wp\/v2\/types\/post"}],"author":[{"embeddable":true,"href":"https:\/\/vocesparalelas.com.ar\/sitio\/wp-json\/wp\/v2\/users\/3"}],"replies":[{"embeddable":true,"href":"https:\/\/vocesparalelas.com.ar\/sitio\/wp-json\/wp\/v2\/comments?post=59912"}],"version-history":[{"count":1,"href":"https:\/\/vocesparalelas.com.ar\/sitio\/wp-json\/wp\/v2\/posts\/59912\/revisions"}],"predecessor-version":[{"id":59916,"href":"https:\/\/vocesparalelas.com.ar\/sitio\/wp-json\/wp\/v2\/posts\/59912\/revisions\/59916"}],"wp:featuredmedia":[{"embeddable":true,"href":"https:\/\/vocesparalelas.com.ar\/sitio\/wp-json\/wp\/v2\/media\/59915"}],"wp:attachment":[{"href":"https:\/\/vocesparalelas.com.ar\/sitio\/wp-json\/wp\/v2\/media?parent=59912"}],"wp:term":[{"taxonomy":"category","embeddable":true,"href":"https:\/\/vocesparalelas.com.ar\/sitio\/wp-json\/wp\/v2\/categories?post=59912"},{"taxonomy":"post_tag","embeddable":true,"href":"https:\/\/vocesparalelas.com.ar\/sitio\/wp-json\/wp\/v2\/tags?post=59912"}],"curies":[{"name":"wp","href":"https:\/\/api.w.org\/{rel}","templated":true}]}}