{"id":59904,"date":"2023-06-07T22:20:23","date_gmt":"2023-06-08T01:20:23","guid":{"rendered":"https:\/\/vocesparalelas.com.ar\/sitio\/?p=59904"},"modified":"2023-06-09T00:55:14","modified_gmt":"2023-06-09T03:55:14","slug":"ganadores-del-concurso-obras-de-periodistas-sanjuaninos-2022","status":"publish","type":"post","link":"https:\/\/vocesparalelas.com.ar\/sitio\/ganadores-del-concurso-obras-de-periodistas-sanjuaninos-2022\/","title":{"rendered":"Ganadores del Concurso \u201cObras de Periodistas Sanjuaninos\u201d 2022"},"content":{"rendered":"<p>La Subsecretar\u00eda de Informaci\u00f3n P\u00fablica del Gobierno de San Juan, a trav\u00e9s de la Direcci\u00f3n de Comunicaci\u00f3n Social, brinda a continuaci\u00f3n el detalle de los ganadores del Concurso \u201cObras de Periodistas Sanjuaninos\u201d, periodo 2022.<\/p>\n<p>El Martes, 6 de junio de 2023 a las 18.00 horas, el jurado designado para tal ocasi\u00f3n, finaliz\u00f3 con la elecci\u00f3n de los galardonados para las categor\u00edas prensa escrita, radio, televisi\u00f3n, prensa digital, fot\u00f3grafos, camar\u00f3grafos e infograf\u00eda, que se indican en la Ley N\u00ba 939-P.<\/p>\n<p>En ese marco, se detalla que se presentaron 170 concursantes.<\/p>\n<p><span style=\"color: #339966;\"><strong>Jurado\u00a0<\/strong><\/span><\/p>\n<ul>\n<li>Representante de Fot\u00f3grafos: Gonzalo Medina.<\/li>\n<li>Representante de los Periodistas: Facundo Olivera.<\/li>\n<li>Representante del Sindicato Argentino de Televisi\u00f3n (SATSAID): Cristian Penna.<\/li>\n<li>Representante del Departamento de Ciencias de la Comunicaci\u00f3n de la Universidad Nacional de San Juan: Norma Velardita<\/li>\n<li>Subsecretar\u00eda de Informaci\u00f3n P\u00fablica del Gobierno de San Juan: Rodrigo Pacheco Ricci.<\/li>\n<\/ul>\n<p><strong><span style=\"color: #339966;\">Los trabajos premiados en \u00e9sta edici\u00f3n fueron los siguientes:<\/span><\/strong><\/p>\n<p><strong><span style=\"color: #339966;\">Fotograf\u00eda<\/span><\/strong><\/p>\n<p><strong><span style=\"color: #339966;\">1\u00ba Premio (compartido)<\/span><\/strong><\/p>\n<ul>\n<li>\u201cMemoria, dolor y l\u00e1grimas\u201d, de Sergio Leiva.<\/li>\n<li>\u201cRescatado de la batalla\u201d, de Carlos Gabriel Iturrieta Rodr\u00edguez.<\/li>\n<li>\u201cEn lo m\u00e1s alto del mundo\u201d, de Adri\u00e1n Fernando Carrizo.<\/li>\n<\/ul>\n<p><span style=\"color: #339966;\"><strong>2\u00ba Premio (compartido)<\/strong><\/span><\/p>\n<ul>\n<li>\u201cCarmina Burana\u201d, de Marcos Antonio Uriza.<\/li>\n<li>\u201cRe-corriendo\u201d, de Cristian Maximiliano Huyema.<\/li>\n<li>\u201cPuma salvaje\u201d, de Daniel Oscar Arias Sosa<\/li>\n<\/ul>\n<p><span style=\"color: #339966;\"><strong>3\u00b0 Premio (compartido)<\/strong><\/span><\/p>\n<ul>\n<li>\u201cUn nuevo comienzo\u201d, de Mariano Oscar Arias Sosa.<\/li>\n<li>\u201cFoto reportaje 24 M en San Juan\u201d, de Leandro Tom\u00e1s Porcel Varas.<\/li>\n<li>\u201cConvivencia\u201d, de Rub\u00e9n Dar\u00edo Paratore Correa.<\/li>\n<\/ul>\n<p><strong><span style=\"color: #339966;\">Infograf\u00eda<\/span><\/strong><\/p>\n<p><strong><span style=\"color: #339966;\">1\u00ba Premio<\/span><\/strong><\/p>\n<ul>\n<li>Desierto.<\/li>\n<\/ul>\n<p><span style=\"color: #339966;\"><strong>2\u00ba Premio<\/strong><\/span><\/p>\n<ul>\n<li>\u201cSerie Skate Boarding, Downhill Skate, Inline Freestyle, Patinaje Artistico, Patinaje de Velocidad, Hockey sobre patines\u201d, de Armando Gustavo Acevedo.<\/li>\n<\/ul>\n<p><span style=\"color: #339966;\"><strong>3\u00ba Premio (compartido)<\/strong><\/span><\/p>\n<ul>\n<li>\u201cAr\u00e1cnidos ponzo\u00f1osos\u201d, de Luciano Vel\u00e1zquez.<\/li>\n<li>\u201cUn edificio sustentable\u201d, de Dar\u00edo Edgar Vildozo.<\/li>\n<\/ul>\n<p><strong><span style=\"color: #339966;\">Periodismo digital<\/span><\/strong><\/p>\n<p><strong><span style=\"color: #339966;\">1\u00ba Premio (compartido)<\/span><\/strong><\/p>\n<ul>\n<li>\u201cDespu\u00e9s de 30 a\u00f1os, los detalles desconocidos de la trama pol\u00edtica que termin\u00f3 con el gobierno de Escobar\u201c, de Natalia Caballero.<\/li>\n<li>\u201cSan Juan y los Censos\u201d, de Federico Javier Rodr\u00edguez.<\/li>\n<li>SERIE DE NOTAS: \u201cEl detr\u00e1s de escena del operativo dispuesto para combatir los incendios en las sierras &#8211; Un d\u00eda en la base de operaciones, donde reina la cooperaci\u00f3n y solidaridad &#8211; A un mes del peor incendio en las Sierras, el balance de los da\u00f1os y el desaf\u00edo de recuperar lo perdido &#8211; Las dos caras de la escuela de Los Bretes: de centro de operaciones a retomar las clases &#8211; San Antonio, el epicentro de la lucha contra el mayor incendio que haya afectado a las Sierras de Ch\u00e1vez &#8211; El fuego casi arrasa con todo, pero los puesteros de Ch\u00e1vez le ganaron a la amenaza\u201d, de Celeste Roc\u00edo Roco Navea.<\/li>\n<\/ul>\n<p><span style=\"color: #339966;\"><strong>2\u00ba Premio (compartido)<\/strong><\/span><\/p>\n<ul>\n<li>\u201cCuando querer es poder: Hern\u00e1n, el ciego que ve f\u00fatbol\u201d, de Federico Alfredo Fr\u00edas.<\/li>\n<li>\u201cUna academia virtual para impulsar a los m\u00e1s chicos al mundo tech\u201d, de Emmanuel D\u00edaz Schlamelcher.<\/li>\n<li>\u201cDesde ADENTRO, de Josu\u00e9 Emmanuel Lima Tello.<\/li>\n<\/ul>\n<p><span style=\"color: #339966;\"><strong>3\u00ba Premio (compartido)<\/strong><\/span><\/p>\n<ul>\n<li>\u201cEl fog\u00f3n que reclama futuro\u201d, de Romina Maina.<\/li>\n<li>\u201cLa desconocida historia de las ciudades sanjuaninas llamadas Eva Per\u00f3n y Presidente Per\u00f3n\u201d, de Fernando Ort\u00edz.<\/li>\n<li>\u201cSuicidio: pandemia, masculinidad y adolescencia en la mira\u201d, de Paloma Garc\u00eda.<\/li>\n<\/ul>\n<p><strong><span style=\"color: #339966;\">Periodismo escrito<\/span><\/strong><\/p>\n<p><strong><span style=\"color: #339966;\">1\u00ba Premio (compartido)<\/span><\/strong><\/p>\n<ul>\n<li>\u201cDoble raci\u00f3n de amor\u201d, de Mar\u00eda Paulina Rotman.<\/li>\n<li>\u201cAgua, gu\u00eda para entender la sequ\u00eda\u201d, de Gustavo Dar\u00edo Bruni.<\/li>\n<li>\u201cGuardianes del \u00e1rea protegida\u201d, de Alejandro Italo Pelegrinuzzi.<\/li>\n<\/ul>\n<p><span style=\"color: #339966;\"><strong>2\u00ba Premio (compartido)<\/strong><\/span><\/p>\n<ul>\n<li>\u201cLa historia de un sanjuanino que muri\u00f3 en el Ara General Belgrano y la acci\u00f3n que pudo haberlo salvado\u201d, de Eliana Bel\u00e9n Ruiz Castillo.<\/li>\n<li>\u201cJuan y Jorge, el d\u00fao que hizo realidad el camino que parec\u00eda imposible\u201d, de Carolina Irides Putelli.<\/li>\n<li>\u201cFlores en el desierto\u201d, de Estela Ruiz Medina.<\/li>\n<\/ul>\n<p><span style=\"color: #339966;\"><strong>3\u00ba Premio (compartido)<\/strong><\/span><\/p>\n<ul>\n<li>\u201cEl Giro en su meridiano Cl\u00e1sico\u201d, de Italo Fabio Garbi.<\/li>\n<li>\u201cEl oro deseado\u201d, de Walter Aldo Cavalli.<\/li>\n<li>\u201cUllum y una deuda con la medicina de emergencia: la realidad que desnud\u00f3 la muerte de la nena ahogada\u201d, de Ana Paula Gremoliche Pereyra.<\/li>\n<\/ul>\n<p><strong><span style=\"color: #339966;\">Periodismo radial<\/span><\/strong><\/p>\n<p><strong><span style=\"color: #339966;\">1\u00ba Premio (compartido)<\/span><\/strong><\/p>\n<ul>\n<li>\u201cMalvinas, as\u00ed se informaba hace 40 a\u00f1os la gesta en San Juan\u201d, de Oscar Adri\u00e1n Tejada.<\/li>\n<li>\u201cCuando los micr\u00f3fonos hacen historia\u201d, de Nicol\u00e1s G\u00f3mez.<\/li>\n<li>\u201dC\u00e1ncer infantil en San Juan. C\u00f3mo cambi\u00f3 la realidad de los pacientes y sus familias desde la aprobaci\u00f3n de la Ley de Oncopediatr\u00eda en la C\u00e1mara de diputados de la provincia el 23 de diciembre de 2021\u201d, de Mar\u00eda Gisel Moreno Soria.<\/li>\n<\/ul>\n<p><span style=\"color: #339966;\"><strong>2\u00ba Premio (compartido)<\/strong><\/span><\/p>\n<ul>\n<li>\u201cJingles, canciones y melod\u00edas que nos acompa\u00f1an en nuestra vida, de Gustavo Enrique Recabarren.<\/li>\n<li>\u201cFuerza rural: Cooperativa Boca de Tigre\u201d, de Sergio Ra\u00fal C\u00e1ceres Pic\u00f3n.<\/li>\n<li>\u201cLa hora feliz\u201d, de Adriana Ofelia Vera.<\/li>\n<\/ul>\n<p><span style=\"color: #339966;\"><strong>3\u00ba Premio (compartido)<\/strong><\/span><\/p>\n<ul>\n<li>\u201cLa dignidad del trabajo\u201d, de Ra\u00fal Amadeo Brizuela.<\/li>\n<li>\u201cJuventudes y derechos presentes en el \u00abFroil\u00e1n Ferrero\u00bb, de Guillermo Romero.<\/li>\n<li>\u201cSan Juan, tierra del sol y energ\u00eda renovable\u201d, de Claudia Noem\u00ed Cabrera.<\/li>\n<\/ul>\n<p><span style=\"color: #339966;\"><strong>Camar\u00f3grafos<\/strong><\/span><\/p>\n<p><span style=\"color: #339966;\"><strong>1\u00ba Premio (compartido)<\/strong><\/span><\/p>\n<ul>\n<li>\u201cManitos que ven\u201d, de David Orlando Fern\u00e1ndez.<\/li>\n<li>\u201cDesafiando la naturaleza\u201d, de Antonio Tom\u00e1s Toledano.<\/li>\n<li>\u201cCamino de los sue\u00f1os Valle F\u00e9rtil\u201d, de Claudio Pantuso.<\/li>\n<\/ul>\n<p><span style=\"color: #339966;\"><strong>2\u00ba Premio (compartido)<\/strong><\/span><\/p>\n<ul>\n<li>\u201cBrigada USAR RIM 22, pr\u00e1ctica y rescate de v\u00edctimas entre escombros\u201d, de Marcelo Camus.<\/li>\n<li>\u201cEscuela Agroproductiva\u201d, de Cristian Murciano.<\/li>\n<li>\u201cLa vida a trav\u00e9s de una m\u00e1quina\u201d, de Alfredo Benito Castro.<\/li>\n<\/ul>\n<p><span style=\"color: #339966;\"><strong>3\u00ba Premio (compartido)<\/strong><\/span><\/p>\n<ul>\n<li>\u201cMujeres cuidando el ambiente con sus labores en el Parque de Tecnolog\u00edas Ambientales\u201d, de Marcelo Gast\u00f3n Aballay.<\/li>\n<li>\u201cLas \u00e1guilas, el primer club de f\u00fatbol femenino de 9 de Julio\u201d, de Gabriela Zalazar.<\/li>\n<li>\u201cPitar en Crecimiento\u201d, de Mauricio Olivera.<\/li>\n<\/ul>\n<p><strong><span style=\"color: #339966;\">Prensa televisiva<\/span><\/strong><\/p>\n<p><span style=\"color: #339966;\"><strong>1\u00ba Premio (compartido)<\/strong><\/span><\/p>\n<ul>\n<li>\u201cSed en nuestra tierra\u201d, de Mauricio Ezequiel Laciar.<\/li>\n<li>\u201cEjemplo de Superaci\u00f3n\u201d, de Diego Leonardo Jes\u00fas Hidalgo Cas\u00e1is.<\/li>\n<li>\u201cPumas y dinos: cuando la emoci\u00f3n embarg\u00f3 a la pasi\u00f3n en el bicentenario\u201d, de Mar\u00eda Eugenia Silva.<\/li>\n<\/ul>\n<p><span style=\"color: #339966;\"><strong>2\u00ba Premio (compartido)<\/strong><\/span><\/p>\n<ul>\n<li>\u201cChinguillo, el ultimo pueblo censado en San Juan\u201d, de Mar\u00eda Eugenia Vega Zalazar.<\/li>\n<li>\u201cMi identidad, mi derecho\u201d, Ana Paula Trujillano Ekkert.<\/li>\n<li>\u201cVolver al aula, una nueva oportunidad\u201d, de Daniela Fernanda Pinardi.<\/li>\n<\/ul>\n<p><span style=\"color: #339966;\"><strong>3\u00ba Premio (compartido)<\/strong><\/span><\/p>\n<ul>\n<li>\u201cAvance de la ludopat\u00eda en San Juan y la lucha contra este flagelo\u201d, de Luciano Mart\u00edn Garc\u00eda.<\/li>\n<li>\u201cDe coraz\u00f3n a coraz\u00f3n ense\u00f1anza que deja huellas\u201d, de Marisa Magal\u00ed Perea.<\/li>\n<li>\u201cSan Juan Diversifica\u201d, de Mar\u00eda Isabel Rita Gil.<\/li>\n<\/ul>\n","protected":false},"excerpt":{"rendered":"<p>La Subsecretar\u00eda de Informaci\u00f3n P\u00fablica del Gobierno de San Juan, a trav\u00e9s de la Direcci\u00f3n de Comunicaci\u00f3n Social, brinda a<\/p>\n","protected":false},"author":3,"featured_media":28385,"comment_status":"closed","ping_status":"closed","sticky":false,"template":"","format":"standard","meta":{"_acf_changed":false,"_seopress_robots_primary_cat":"none","_seopress_titles_title":"","_seopress_titles_desc":"","_seopress_robots_index":"","colormag_page_container_layout":"default_layout","colormag_page_sidebar_layout":"default_layout","footnotes":""},"categories":[8],"tags":[],"class_list":["post-59904","post","type-post","status-publish","format-standard","has-post-thumbnail","hentry","category-concursos"],"acf":[],"_links":{"self":[{"href":"https:\/\/vocesparalelas.com.ar\/sitio\/wp-json\/wp\/v2\/posts\/59904","targetHints":{"allow":["GET"]}}],"collection":[{"href":"https:\/\/vocesparalelas.com.ar\/sitio\/wp-json\/wp\/v2\/posts"}],"about":[{"href":"https:\/\/vocesparalelas.com.ar\/sitio\/wp-json\/wp\/v2\/types\/post"}],"author":[{"embeddable":true,"href":"https:\/\/vocesparalelas.com.ar\/sitio\/wp-json\/wp\/v2\/users\/3"}],"replies":[{"embeddable":true,"href":"https:\/\/vocesparalelas.com.ar\/sitio\/wp-json\/wp\/v2\/comments?post=59904"}],"version-history":[{"count":1,"href":"https:\/\/vocesparalelas.com.ar\/sitio\/wp-json\/wp\/v2\/posts\/59904\/revisions"}],"predecessor-version":[{"id":59907,"href":"https:\/\/vocesparalelas.com.ar\/sitio\/wp-json\/wp\/v2\/posts\/59904\/revisions\/59907"}],"wp:featuredmedia":[{"embeddable":true,"href":"https:\/\/vocesparalelas.com.ar\/sitio\/wp-json\/wp\/v2\/media\/28385"}],"wp:attachment":[{"href":"https:\/\/vocesparalelas.com.ar\/sitio\/wp-json\/wp\/v2\/media?parent=59904"}],"wp:term":[{"taxonomy":"category","embeddable":true,"href":"https:\/\/vocesparalelas.com.ar\/sitio\/wp-json\/wp\/v2\/categories?post=59904"},{"taxonomy":"post_tag","embeddable":true,"href":"https:\/\/vocesparalelas.com.ar\/sitio\/wp-json\/wp\/v2\/tags?post=59904"}],"curies":[{"name":"wp","href":"https:\/\/api.w.org\/{rel}","templated":true}]}}