{"id":59876,"date":"2023-06-07T19:15:12","date_gmt":"2023-06-07T22:15:12","guid":{"rendered":"https:\/\/vocesparalelas.com.ar\/sitio\/?p=59876"},"modified":"2023-06-07T19:40:42","modified_gmt":"2023-06-07T22:40:42","slug":"el-cd-de-la-faud-de-la-unsj-aprobo-por-unanimidad-la-nueva-ordenanza-del-programa-investigar","status":"publish","type":"post","link":"https:\/\/vocesparalelas.com.ar\/sitio\/el-cd-de-la-faud-de-la-unsj-aprobo-por-unanimidad-la-nueva-ordenanza-del-programa-investigar\/","title":{"rendered":"El CD de la FAUD de la UNSJ aprob\u00f3 por unanimidad la nueva ordenanza del \u00abPrograma Investigar\u00bb"},"content":{"rendered":"<p>El Consejo Directivo \u00abSecretaria Mg. Abogada Claudia Leonor Bustos\u00bb de la Facultad de Arquitectura, Urbanismo y Dise\u00f1o de la Universidad Nacional de San Juan aprob\u00f3 por unanimidad una nueva ordenanza del \u201cPrograma Investigar\u201d.<\/p>\n<p><img loading=\"lazy\" decoding=\"async\" class=\"alignnone size-full wp-image-59884\" src=\"https:\/\/vocesparalelas.com.ar\/sitio\/wp-content\/uploads\/2023\/06\/FAUD-CONSEJO-DIRECTIVO-01.jpg\" alt=\"\" width=\"800\" height=\"607\" srcset=\"https:\/\/vocesparalelas.com.ar\/sitio\/wp-content\/uploads\/2023\/06\/FAUD-CONSEJO-DIRECTIVO-01.jpg 800w, https:\/\/vocesparalelas.com.ar\/sitio\/wp-content\/uploads\/2023\/06\/FAUD-CONSEJO-DIRECTIVO-01-300x228.jpg 300w, https:\/\/vocesparalelas.com.ar\/sitio\/wp-content\/uploads\/2023\/06\/FAUD-CONSEJO-DIRECTIVO-01-768x583.jpg 768w\" sizes=\"auto, (max-width: 800px) 100vw, 800px\" \/><\/p>\n<p>El fin de unificar criterios y actualizar las normativas acordes con los objetivos Institucionales. As\u00ed, el nuevo \u201cPrograma Investigar\u201d se constituye como una herramienta de gesti\u00f3n tal que define y coordina acciones para favorecer investigaciones interdisciplinarias en las que se evite la superposici\u00f3n tem\u00e1tica, la dispersi\u00f3n de esfuerzos y se racionalicen los recursos (humanos, de equipamiento, infraestructura y financieros) para el logro del bienestar progresivo y ascendente de la comunidad de la FAUD.<\/p>\n<p><img loading=\"lazy\" decoding=\"async\" class=\"alignnone size-full wp-image-59880\" src=\"https:\/\/vocesparalelas.com.ar\/sitio\/wp-content\/uploads\/2023\/06\/FAUD-PROGRAMA-INVESTIGAR.png\" alt=\"\" width=\"800\" height=\"286\" srcset=\"https:\/\/vocesparalelas.com.ar\/sitio\/wp-content\/uploads\/2023\/06\/FAUD-PROGRAMA-INVESTIGAR.png 800w, https:\/\/vocesparalelas.com.ar\/sitio\/wp-content\/uploads\/2023\/06\/FAUD-PROGRAMA-INVESTIGAR-300x107.png 300w, https:\/\/vocesparalelas.com.ar\/sitio\/wp-content\/uploads\/2023\/06\/FAUD-PROGRAMA-INVESTIGAR-768x275.png 768w\" sizes=\"auto, (max-width: 800px) 100vw, 800px\" \/><\/p>\n<p>Como resultado de un trabajo consensuado entre la Secretar\u00eda de Investigaci\u00f3n y Creaci\u00f3n, los responsables de Institutos de la FAUD y el actual\u00a0 Consejo Acad\u00e9mico, la nueva normativa establece entre sus puntos m\u00e1s destacados:<\/p>\n<ul>\n<li>Promover el desarrollo de proyectos internos de investigaci\u00f3n de inter\u00e9s institucional, garantizando su financiamiento, seg\u00fan l\u00edneas prioritarias y por campos de conocimiento.<\/li>\n<li>Alentar los v\u00ednculos y la transferencia de las investigaciones a la formaci\u00f3n de grado, de posgrado y al medio local en general.<\/li>\n<li>Promover a la formaci\u00f3n de n\u00f3veles investigadores de la FAUD y posibilitar la incorporaci\u00f3n de todos los estamentos en actividades de investigaci\u00f3n.<\/li>\n<\/ul>\n<p><img loading=\"lazy\" decoding=\"async\" class=\"alignnone size-full wp-image-59885\" src=\"https:\/\/vocesparalelas.com.ar\/sitio\/wp-content\/uploads\/2023\/06\/FAUD-CONSEJO-DIRECTIVO-02.jpg\" alt=\"\" width=\"800\" height=\"602\" srcset=\"https:\/\/vocesparalelas.com.ar\/sitio\/wp-content\/uploads\/2023\/06\/FAUD-CONSEJO-DIRECTIVO-02.jpg 800w, https:\/\/vocesparalelas.com.ar\/sitio\/wp-content\/uploads\/2023\/06\/FAUD-CONSEJO-DIRECTIVO-02-300x226.jpg 300w, https:\/\/vocesparalelas.com.ar\/sitio\/wp-content\/uploads\/2023\/06\/FAUD-CONSEJO-DIRECTIVO-02-768x578.jpg 768w\" sizes=\"auto, (max-width: 800px) 100vw, 800px\" \/><\/p>\n<p><img loading=\"lazy\" decoding=\"async\" class=\"alignnone size-full wp-image-59382\" src=\"https:\/\/vocesparalelas.com.ar\/sitio\/wp-content\/uploads\/2023\/05\/FAUD-EDIFICIO-01.jpg\" alt=\"\" width=\"800\" height=\"600\" srcset=\"https:\/\/vocesparalelas.com.ar\/sitio\/wp-content\/uploads\/2023\/05\/FAUD-EDIFICIO-01.jpg 800w, https:\/\/vocesparalelas.com.ar\/sitio\/wp-content\/uploads\/2023\/05\/FAUD-EDIFICIO-01-300x225.jpg 300w, https:\/\/vocesparalelas.com.ar\/sitio\/wp-content\/uploads\/2023\/05\/FAUD-EDIFICIO-01-768x576.jpg 768w\" sizes=\"auto, (max-width: 800px) 100vw, 800px\" \/><\/p>\n<p>&nbsp;<\/p>\n<p>&nbsp;<\/p>\n","protected":false},"excerpt":{"rendered":"<p>El Consejo Directivo \u00abSecretaria Mg. Abogada Claudia Leonor Bustos\u00bb de la Facultad de Arquitectura, Urbanismo y Dise\u00f1o de la Universidad<\/p>\n","protected":false},"author":3,"featured_media":59879,"comment_status":"closed","ping_status":"closed","sticky":false,"template":"","format":"standard","meta":{"_acf_changed":false,"_seopress_robots_primary_cat":"none","_seopress_titles_title":"","_seopress_titles_desc":"","_seopress_robots_index":"","colormag_page_container_layout":"default_layout","colormag_page_sidebar_layout":"default_layout","footnotes":""},"categories":[1],"tags":[],"class_list":["post-59876","post","type-post","status-publish","format-standard","has-post-thumbnail","hentry","category-destacadas"],"acf":[],"_links":{"self":[{"href":"https:\/\/vocesparalelas.com.ar\/sitio\/wp-json\/wp\/v2\/posts\/59876","targetHints":{"allow":["GET"]}}],"collection":[{"href":"https:\/\/vocesparalelas.com.ar\/sitio\/wp-json\/wp\/v2\/posts"}],"about":[{"href":"https:\/\/vocesparalelas.com.ar\/sitio\/wp-json\/wp\/v2\/types\/post"}],"author":[{"embeddable":true,"href":"https:\/\/vocesparalelas.com.ar\/sitio\/wp-json\/wp\/v2\/users\/3"}],"replies":[{"embeddable":true,"href":"https:\/\/vocesparalelas.com.ar\/sitio\/wp-json\/wp\/v2\/comments?post=59876"}],"version-history":[{"count":6,"href":"https:\/\/vocesparalelas.com.ar\/sitio\/wp-json\/wp\/v2\/posts\/59876\/revisions"}],"predecessor-version":[{"id":59888,"href":"https:\/\/vocesparalelas.com.ar\/sitio\/wp-json\/wp\/v2\/posts\/59876\/revisions\/59888"}],"wp:featuredmedia":[{"embeddable":true,"href":"https:\/\/vocesparalelas.com.ar\/sitio\/wp-json\/wp\/v2\/media\/59879"}],"wp:attachment":[{"href":"https:\/\/vocesparalelas.com.ar\/sitio\/wp-json\/wp\/v2\/media?parent=59876"}],"wp:term":[{"taxonomy":"category","embeddable":true,"href":"https:\/\/vocesparalelas.com.ar\/sitio\/wp-json\/wp\/v2\/categories?post=59876"},{"taxonomy":"post_tag","embeddable":true,"href":"https:\/\/vocesparalelas.com.ar\/sitio\/wp-json\/wp\/v2\/tags?post=59876"}],"curies":[{"name":"wp","href":"https:\/\/api.w.org\/{rel}","templated":true}]}}