{"id":59864,"date":"2023-06-06T18:44:28","date_gmt":"2023-06-06T21:44:28","guid":{"rendered":"https:\/\/vocesparalelas.com.ar\/sitio\/?p=59864"},"modified":"2023-06-07T23:06:01","modified_gmt":"2023-06-08T02:06:01","slug":"jornada-consciencia-negra-san-juan","status":"publish","type":"post","link":"https:\/\/vocesparalelas.com.ar\/sitio\/jornada-consciencia-negra-san-juan\/","title":{"rendered":"Jornada \u201cConsciencia Negra San Juan\u201d"},"content":{"rendered":"<p>El Ministerio de Gobierno, a trav\u00e9s de la Subsecretar\u00eda de Derechos Humanos, y en conjunto con la Facultad de Filosof\u00eda, Humanidades y Artes de la Universidad Nacional de San Juan, organiza el Panel de Debate y Actividad Art\u00edstica \u201cConsciencia Negra San Juan\u201d, con el foco en la visibilizaci\u00f3n de la cultura afro en la provincia, as\u00ed como la comprensi\u00f3n de los procesos de lucha de los y las afrodescendientes tanto en la Argentina como a nivel local.<\/p>\n<p>La jornada se realiza el Jueves, 8 de Junio, de 15.30 a 18.30 hs.; en el Aula Magna de la FFHA, y cuenta con la presencia de Aldana S\u00e1nchez, perteneciente a Trenzar Ra\u00edz, el Colectivo Quilombo Cuyano y comisi\u00f3n 8N San Luis; Gabrielle Loaiza Bethancourt del Bloque Antirracista de Rosario; Guadalupe Rodr\u00edguez, referente en San Juan de la Comisi\u00f3n 8N (Afroargentinxs y Afrodescendientes), miembro y referente local en Quilombo Cuyano y creadora del Colectivo Consciencia Negra San Juan; y Leticia Rodr\u00edguez, coordinadora del Movimiento Panafricanista en Argentina y Latinoam\u00e9rica, co-creadora del Colectivo Conciencia Negra San Juan.<\/p>\n<p>La actividad tambi\u00e9n tendr\u00e1 muestras art\u00edsticas musicales y de danza relacionadas a la cultura africana, y cuenta con el apoyo del Programa Universitario de Asuntos Ind\u00edgenas &#8211; PUAI &#8211; dependiente del Departamento de Historia y del Departamento de Geograf\u00eda; las C\u00e1tedra de Antropolog\u00eda del Departamento de Turismo, C\u00e1tedra de Antropolog\u00eda Cultural y la C\u00e1tedra optativa Geograf\u00eda de las Migraciones, Territorios y Derechos Humanos, pertenecientes al Departamento de Geograf\u00eda.<\/p>\n<p>La actividad \u201cConsciencia Negra San Juan\u201d es gratuita, con certificaci\u00f3n, y las inscripciones en<\/p>\n<p><a href=\"https:\/\/bit.ly\/45AaQCS\">https:\/\/bit.ly\/45AaQCS<\/a><\/p>\n","protected":false},"excerpt":{"rendered":"<p>El Ministerio de Gobierno, a trav\u00e9s de la Subsecretar\u00eda de Derechos Humanos, y en conjunto con la Facultad de Filosof\u00eda,<\/p>\n","protected":false},"author":3,"featured_media":59867,"comment_status":"closed","ping_status":"closed","sticky":false,"template":"","format":"standard","meta":{"_acf_changed":false,"_seopress_robots_primary_cat":"none","_seopress_titles_title":"","_seopress_titles_desc":"","_seopress_robots_index":"","colormag_page_container_layout":"default_layout","colormag_page_sidebar_layout":"default_layout","footnotes":""},"categories":[9],"tags":[],"class_list":["post-59864","post","type-post","status-publish","format-standard","has-post-thumbnail","hentry","category-cursos"],"acf":[],"_links":{"self":[{"href":"https:\/\/vocesparalelas.com.ar\/sitio\/wp-json\/wp\/v2\/posts\/59864","targetHints":{"allow":["GET"]}}],"collection":[{"href":"https:\/\/vocesparalelas.com.ar\/sitio\/wp-json\/wp\/v2\/posts"}],"about":[{"href":"https:\/\/vocesparalelas.com.ar\/sitio\/wp-json\/wp\/v2\/types\/post"}],"author":[{"embeddable":true,"href":"https:\/\/vocesparalelas.com.ar\/sitio\/wp-json\/wp\/v2\/users\/3"}],"replies":[{"embeddable":true,"href":"https:\/\/vocesparalelas.com.ar\/sitio\/wp-json\/wp\/v2\/comments?post=59864"}],"version-history":[{"count":1,"href":"https:\/\/vocesparalelas.com.ar\/sitio\/wp-json\/wp\/v2\/posts\/59864\/revisions"}],"predecessor-version":[{"id":59868,"href":"https:\/\/vocesparalelas.com.ar\/sitio\/wp-json\/wp\/v2\/posts\/59864\/revisions\/59868"}],"wp:featuredmedia":[{"embeddable":true,"href":"https:\/\/vocesparalelas.com.ar\/sitio\/wp-json\/wp\/v2\/media\/59867"}],"wp:attachment":[{"href":"https:\/\/vocesparalelas.com.ar\/sitio\/wp-json\/wp\/v2\/media?parent=59864"}],"wp:term":[{"taxonomy":"category","embeddable":true,"href":"https:\/\/vocesparalelas.com.ar\/sitio\/wp-json\/wp\/v2\/categories?post=59864"},{"taxonomy":"post_tag","embeddable":true,"href":"https:\/\/vocesparalelas.com.ar\/sitio\/wp-json\/wp\/v2\/tags?post=59864"}],"curies":[{"name":"wp","href":"https:\/\/api.w.org\/{rel}","templated":true}]}}