{"id":59849,"date":"2023-06-06T19:30:27","date_gmt":"2023-06-06T22:30:27","guid":{"rendered":"https:\/\/vocesparalelas.com.ar\/sitio\/?p=59849"},"modified":"2023-06-07T23:04:40","modified_gmt":"2023-06-08T02:04:40","slug":"septima-edicion-de-iniciativas-sustentables-de-la-fbsj","status":"publish","type":"post","link":"https:\/\/vocesparalelas.com.ar\/sitio\/septima-edicion-de-iniciativas-sustentables-de-la-fbsj\/","title":{"rendered":"S\u00e9ptima edici\u00f3n de Iniciativas Sustentables de la FBSJ"},"content":{"rendered":"<p>El programa incentiva la planificaci\u00f3n y puesta en marcha de proyectos sociales-sustentables,\u00a0 que transformen la realidad de sus comunidades.<\/p>\n<p>La Fundaci\u00f3n Banco San Juan lanza la convocatoria a la s\u00e9ptima edici\u00f3n de Iniciativas Sustentables, programa dirigido a organizaciones de la sociedad civil e instituciones educativas y culturales de la provincia, que presenten proyectos sociales-sustentables de hasta 1 mill\u00f3n de pesos, orientados al cuidado del medio ambiente.<\/p>\n<p>Las instituciones interesadas podr\u00e1n postularse hasta el 23 de junio completando el formulario de inscripci\u00f3n en el sitio exclusivo del programa <a href=\"https:\/\/www.fundacionesgrupopetersen.com.ar\/iniciativas-sustentables\/\">https:\/\/www.fundacionesgrupopetersen.com.ar\/iniciativas-sustentables\/<\/a> .<\/p>\n<p>Las propuestas presentadas deber\u00e1n estar vinculadas a tem\u00e1ticas como: Biodiversidad, Recursos Naturales, Bosques Nativos, Ciudades y Comunidades Sostenibles, Consumismo, Cambio Clim\u00e1tico y Contaminaci\u00f3n Ambiental, y considerar lo siguientes puntos: enmarcarse dentro de la zona geogr\u00e1fica de la provincia de San Juan; revestir la caracter\u00edstica de sustentable; definir la problem\u00e1tica a mejorar y la viabilidad de la soluci\u00f3n planteada;\u00a0 y presentar un cronograma y detalle de inversi\u00f3n acorde. La iniciativa a presentar podr\u00e1 contemplar un presupuesto m\u00e1ximo de financiaci\u00f3n de hasta $1.000.000 (pesos un mill\u00f3n).<\/p>\n<p>Se entiende por Sustentable la cualidad de poder mantenerse por s\u00ed mismo, sin ayuda exterior y sin agotar los recursos disponibles. Es decir, un proyecto que, despu\u00e9s de un tiempo introductorio de apoyo externo, se sustentar\u00e1 de manera independiente, aunque el apoyo inicial ya se haya acabado.<\/p>\n<p>La selecci\u00f3n de proyectos a acompa\u00f1ar, se realizar\u00e1 a trav\u00e9s de una Comisi\u00f3n Evaluadora, quien analizar\u00e1 la totalidad de propuestas recibidas.<\/p>\n<p>El\u00a0 lunes 12 de junio a las 14 horas, la Fundaci\u00f3n, junto a las dem\u00e1s fundaciones de Grupo Petersen -Fundaci\u00f3n Banco Santa Fe,\u00a0 Fundaci\u00f3n Banco Entre R\u00edos y Fundaci\u00f3n Banco Santa Cruz-, llevar\u00e1n a cabo un webinar informativo sobre los aspectos generales del programa, que podr\u00e1 visualizarse en vivo a trav\u00e9s del canal YouTube de Fundaciones Grupo Petersen<a href=\"https:\/\/www.youtube.com\/@FundacionesGrupoPetersen\"> https:\/\/www.youtube.com\/@FundacionesGrupoPetersen<\/a><\/p>\n<p><iframe loading=\"lazy\" title=\"C\u00e1psula 3 Iniciativas Sustentables  Formulario\" width=\"800\" height=\"450\" src=\"https:\/\/www.youtube.com\/embed\/o4ArVXPBTck?feature=oembed\" frameborder=\"0\" allow=\"accelerometer; autoplay; clipboard-write; encrypted-media; gyroscope; picture-in-picture; web-share\" allowfullscreen><\/iframe><\/p>\n<p>Para m\u00e1s informaci\u00f3n y presentaci\u00f3n de propuestas ingresar en<a href=\"https:\/\/www.fundacionesgrupopetersen.com.ar\/iniciativas-sustentables\/\"> https:\/\/www.fundacionesgrupopetersen.com.ar\/iniciativas-sustentables\/<\/a>.<\/p>\n<p>Se podr\u00e1 acceder a 11 c\u00e1psulas formativas (audiovisuales con material espec\u00edfico) para el correcto armado y planificaci\u00f3n de ideas-proyecto que concluyan en iniciativas realizables, medibles y sostenibles en el tiempo.<\/p>\n<p>El Programa Iniciativas Sustentables cuenta con la Certificaci\u00f3n ISO 9001: 2015. Desde los inicios del Programa, en 2016, la Fundaci\u00f3n Banco San Juan ha acompa\u00f1ado 30 proyectos en la provincia y en conjunto, las Fundaciones Grupo Petersen, acompa\u00f1aron 123.<\/p>\n<p><img loading=\"lazy\" decoding=\"async\" class=\"alignnone size-full wp-image-58063\" src=\"https:\/\/vocesparalelas.com.ar\/sitio\/wp-content\/uploads\/2023\/04\/GRUPO-PETERSEN.jpg\" alt=\"\" width=\"800\" height=\"209\" \/><\/p>\n","protected":false},"excerpt":{"rendered":"<p>El programa incentiva la planificaci\u00f3n y puesta en marcha de proyectos sociales-sustentables,\u00a0 que transformen la realidad de sus comunidades. La<\/p>\n","protected":false},"author":3,"featured_media":59852,"comment_status":"closed","ping_status":"closed","sticky":false,"template":"","format":"standard","meta":{"_acf_changed":false,"_seopress_robots_primary_cat":"none","_seopress_titles_title":"","_seopress_titles_desc":"","_seopress_robots_index":"","colormag_page_container_layout":"default_layout","colormag_page_sidebar_layout":"default_layout","footnotes":""},"categories":[8,7],"tags":[],"class_list":["post-59849","post","type-post","status-publish","format-standard","has-post-thumbnail","hentry","category-concursos","category-videos"],"acf":[],"_links":{"self":[{"href":"https:\/\/vocesparalelas.com.ar\/sitio\/wp-json\/wp\/v2\/posts\/59849","targetHints":{"allow":["GET"]}}],"collection":[{"href":"https:\/\/vocesparalelas.com.ar\/sitio\/wp-json\/wp\/v2\/posts"}],"about":[{"href":"https:\/\/vocesparalelas.com.ar\/sitio\/wp-json\/wp\/v2\/types\/post"}],"author":[{"embeddable":true,"href":"https:\/\/vocesparalelas.com.ar\/sitio\/wp-json\/wp\/v2\/users\/3"}],"replies":[{"embeddable":true,"href":"https:\/\/vocesparalelas.com.ar\/sitio\/wp-json\/wp\/v2\/comments?post=59849"}],"version-history":[{"count":1,"href":"https:\/\/vocesparalelas.com.ar\/sitio\/wp-json\/wp\/v2\/posts\/59849\/revisions"}],"predecessor-version":[{"id":59853,"href":"https:\/\/vocesparalelas.com.ar\/sitio\/wp-json\/wp\/v2\/posts\/59849\/revisions\/59853"}],"wp:featuredmedia":[{"embeddable":true,"href":"https:\/\/vocesparalelas.com.ar\/sitio\/wp-json\/wp\/v2\/media\/59852"}],"wp:attachment":[{"href":"https:\/\/vocesparalelas.com.ar\/sitio\/wp-json\/wp\/v2\/media?parent=59849"}],"wp:term":[{"taxonomy":"category","embeddable":true,"href":"https:\/\/vocesparalelas.com.ar\/sitio\/wp-json\/wp\/v2\/categories?post=59849"},{"taxonomy":"post_tag","embeddable":true,"href":"https:\/\/vocesparalelas.com.ar\/sitio\/wp-json\/wp\/v2\/tags?post=59849"}],"curies":[{"name":"wp","href":"https:\/\/api.w.org\/{rel}","templated":true}]}}