{"id":59843,"date":"2023-06-06T19:09:04","date_gmt":"2023-06-06T22:09:04","guid":{"rendered":"https:\/\/vocesparalelas.com.ar\/sitio\/?p=59843"},"modified":"2023-06-07T23:05:10","modified_gmt":"2023-06-08T02:05:10","slug":"concierto-con-obras-de-diferentes-paises-de-latinoamerica-con-la-orquesta-sinfonica-de-la-unsj","status":"publish","type":"post","link":"https:\/\/vocesparalelas.com.ar\/sitio\/concierto-con-obras-de-diferentes-paises-de-latinoamerica-con-la-orquesta-sinfonica-de-la-unsj\/","title":{"rendered":"Concierto con Obras de diferentes pa\u00edses de Latinoam\u00e9rica con la Orquesta Sinf\u00f3nica de la UNSJ"},"content":{"rendered":"<p>El Viernes, 9 de Junio, a las 21:30 hs.;\u00a0en el\u00a0Auditorio Juan Victoria y con Entrada gratuita, la Orquesta Sinf\u00f3nica dependiente de la Facultad de Filosof\u00eda, Humanidades y Artes de la Universidad Nacional de San Juan invita al Concierto con Obras de diferentes pa\u00edses de Latinoam\u00e9rica, dirigido por M\u00ba C\u00e9sar Iv\u00e1n Lara.<\/p>\n<p>Programa<\/p>\n<ul>\n<li>Campo, Eduardo Fabini (Uruguay)<\/li>\n<li>Danz\u00f3n N\u00b02, Arturo M\u00e1rquez (M\u00e9xico)<\/li>\n<li>Impresiones de la Puna, Alberto Ginastera (Argentina) Solista Ada Hidalgo &#8211; Flauta<\/li>\n<li>Santa Cruz de Pacairigua, Evencio Castellanos (Venezuela)<\/li>\n<li>Sensemay\u00e1 Silvestre Revueltas (M\u00e9xico)<\/li>\n<li>Batuque, Oscar Lorenzo Fern\u00e1ndez (Brasil)<\/li>\n<\/ul>\n<p><img loading=\"lazy\" decoding=\"async\" class=\"alignnone size-large wp-image-1668\" src=\"https:\/\/vocesparalelas.com.ar\/sitio\/wp-content\/uploads\/2017\/06\/AUDITORIO-800x532.jpg\" alt=\"\" width=\"800\" height=\"532\" srcset=\"https:\/\/vocesparalelas.com.ar\/sitio\/wp-content\/uploads\/2017\/06\/AUDITORIO.jpg 800w, https:\/\/vocesparalelas.com.ar\/sitio\/wp-content\/uploads\/2017\/06\/AUDITORIO-300x200.jpg 300w, https:\/\/vocesparalelas.com.ar\/sitio\/wp-content\/uploads\/2017\/06\/AUDITORIO-768x511.jpg 768w\" sizes=\"auto, (max-width: 800px) 100vw, 800px\" \/><\/p>\n","protected":false},"excerpt":{"rendered":"<p>El Viernes, 9 de Junio, a las 21:30 hs.;\u00a0en el\u00a0Auditorio Juan Victoria y con Entrada gratuita, la Orquesta Sinf\u00f3nica dependiente<\/p>\n","protected":false},"author":3,"featured_media":4322,"comment_status":"closed","ping_status":"closed","sticky":false,"template":"","format":"standard","meta":{"_acf_changed":false,"_seopress_robots_primary_cat":"none","_seopress_titles_title":"","_seopress_titles_desc":"","_seopress_robots_index":"","colormag_page_container_layout":"default_layout","colormag_page_sidebar_layout":"default_layout","footnotes":""},"categories":[20],"tags":[],"class_list":["post-59843","post","type-post","status-publish","format-standard","has-post-thumbnail","hentry","category-cartelera"],"acf":[],"_links":{"self":[{"href":"https:\/\/vocesparalelas.com.ar\/sitio\/wp-json\/wp\/v2\/posts\/59843","targetHints":{"allow":["GET"]}}],"collection":[{"href":"https:\/\/vocesparalelas.com.ar\/sitio\/wp-json\/wp\/v2\/posts"}],"about":[{"href":"https:\/\/vocesparalelas.com.ar\/sitio\/wp-json\/wp\/v2\/types\/post"}],"author":[{"embeddable":true,"href":"https:\/\/vocesparalelas.com.ar\/sitio\/wp-json\/wp\/v2\/users\/3"}],"replies":[{"embeddable":true,"href":"https:\/\/vocesparalelas.com.ar\/sitio\/wp-json\/wp\/v2\/comments?post=59843"}],"version-history":[{"count":1,"href":"https:\/\/vocesparalelas.com.ar\/sitio\/wp-json\/wp\/v2\/posts\/59843\/revisions"}],"predecessor-version":[{"id":59846,"href":"https:\/\/vocesparalelas.com.ar\/sitio\/wp-json\/wp\/v2\/posts\/59843\/revisions\/59846"}],"wp:featuredmedia":[{"embeddable":true,"href":"https:\/\/vocesparalelas.com.ar\/sitio\/wp-json\/wp\/v2\/media\/4322"}],"wp:attachment":[{"href":"https:\/\/vocesparalelas.com.ar\/sitio\/wp-json\/wp\/v2\/media?parent=59843"}],"wp:term":[{"taxonomy":"category","embeddable":true,"href":"https:\/\/vocesparalelas.com.ar\/sitio\/wp-json\/wp\/v2\/categories?post=59843"},{"taxonomy":"post_tag","embeddable":true,"href":"https:\/\/vocesparalelas.com.ar\/sitio\/wp-json\/wp\/v2\/tags?post=59843"}],"curies":[{"name":"wp","href":"https:\/\/api.w.org\/{rel}","templated":true}]}}