{"id":59834,"date":"2023-06-05T22:25:18","date_gmt":"2023-06-06T01:25:18","guid":{"rendered":"https:\/\/vocesparalelas.com.ar\/sitio\/?p=59834"},"modified":"2023-06-06T01:25:33","modified_gmt":"2023-06-06T04:25:33","slug":"se-reunio-la-comision-de-hacienda-y-presupuesto-de-la-camara-de-diputados-de-san-juan-2","status":"publish","type":"post","link":"https:\/\/vocesparalelas.com.ar\/sitio\/se-reunio-la-comision-de-hacienda-y-presupuesto-de-la-camara-de-diputados-de-san-juan-2\/","title":{"rendered":"Se reuni\u00f3 la comisi\u00f3n de Hacienda y Presupuesto de la C\u00e1mara de Diputados de San Juan"},"content":{"rendered":"<div class=\"itemFullText jbintrotext\">\n<p>La comisi\u00f3n legislativa de Hacienda y Finanzas de la C\u00e1mara de Diputados de San Juan se reuni\u00f3, en cuyo transcurso consider\u00f3 y analiz\u00f3 diversos expedientes presentados y finalmente emiti\u00f3 cinco despachos de comisi\u00f3n.<\/p>\n<\/div>\n<div class=\"itemFullText\">\n<p>En la ocasi\u00f3n, el encuentro fue presidido por el titular de la comisi\u00f3n, diputado Rodolfo Jalife y fue acompa\u00f1ado por los legisladores Fernanda Paredes, Florencia Pe\u00f1aloza, Jos\u00e9 Luis Esteve, Rub\u00e9n Carri\u00f3n, Gast\u00f3n Berenguer y Carlos Jaime.<\/p>\n<p><span style=\"color: #800080;\"><strong>Convenio por Operativos Documentarios<\/strong><\/span><\/p>\n<p>Tambi\u00e9n brindaron dictamen al Mensaje N\u00b0 0012 y proyecto de Ley remitido por el Poder Ejecutivo, por el que aprueba el Convenio Marco de Asistencia y Cooperaci\u00f3n que tiene por objetivo la cooperaci\u00f3n interinstitucional basado en el principio de inter\u00e9s mutuo en defensa del derecho a la identidad, con el objeto de agilizar la toma de tr\u00e1mite y expedici\u00f3n de los documentos nacionales de identidad requeridos por la ciudadan\u00eda de la Provincia de San Juan, a los efectos de su identificaci\u00f3n, documentaci\u00f3n y registraci\u00f3n.<\/p>\n<p>En virtud del Acta Complementaria N\u00b0 I, el Ministerio de Gobierno asume la totalidad de los costos vinculados a los documentos nacionales de identidad que sean tomados y realizados a trav\u00e9s del Cami\u00f3n de Toma de Tr\u00e1mites, durante la estad\u00eda en la provincia de San Juan y los Operativos Documentarios desarrollados en los distintos departamentos, siempre que la presencia del citado Cami\u00f3n sean iniciativa del Ministerio de Gobierno.<\/p>\n<p>Por otra parte, el Acta Complementaria N\u00b0 II tiene por objeto que la Direcci\u00f3n Nacional del Registro Nacional de las Personas cuente con una base actualizada de todas las partidas de nacimiento emitidas por la Direcci\u00f3n del Registro del Estado Civil y Capacidad de las Personas de San Juan, en cumplimiento de las competencias establecidas en la Ley N\u00b0 17.671, sus modificatorias y complementarias.<\/p>\n<p><span style=\"color: #800080;\"><strong>Convenio con el CFI<\/strong><\/span><\/p>\n<p>Asimismo, la comisi\u00f3n emiti\u00f3 dictamen favorable en el Mensaje N\u00b0 0013 y proyecto de Ley enviado por el Ejecutivo, en el Convenio Programa Federal de Acciones Sustentables para Actividades Productivas, en el que el CFI tiene como objetivo \u00a0contribuir al cuidado del ambiente, a partir del uso eficiente y sustentable de los recursos naturales, impulsar la econom\u00eda circular, fomentar el uso racional y eficiente de la energ\u00eda, como as\u00ed tambi\u00e9n su generaci\u00f3n a partir de fuentes renovables en aquellas actividades productivas que la provincia considere prioritarias, que tiene un plazo de vigencia hasta el 31 Diciembre de 2023.<\/p>\n<p>Por otra parte, en el Convenio \u00abCr\u00e9ditos CFI para el sector de software de San Juan\u00bb, el CFI dispone de la suma de hasta Pesos Ciento Veinte Millones ($ 120.000.000), destinados espec\u00edficamente a j\u00f3venes programadores y empresas desarrolladoras de software radicadas en la provincia, que se canalizan dentro de la L\u00ednea de Cr\u00e9ditos para la Reactivaci\u00f3n Productiva, con vigencia hasta el 30 de septiembre de 2023.<\/p>\n<p><span style=\"color: #800080;\"><strong>Convenio entre Desarrollo Humano y Juventudes<\/strong><\/span><\/p>\n<p>Los integrantes de la comisi\u00f3n de Hacienda y Presupuesto ofrecieron despacho positivo al Mensaje N\u00b0 0017 y proyecto de Ley remitido por el Poder Ejecutivo, por el que aprueba un convenio entre el Ministerio de Desarrollo Humano y Promoci\u00f3n Social y el Instituto Nacional de Juventudes.<\/p>\n<p>En tal sentido, brinda una asistencia financiera de pesos Seis Millones Quinientos Setenta y Un Mil Quinientos con 00\/100 ($ 6.571.500,00) en el marco del Programa Nuestro Futuro para la implementaci\u00f3n del Programa I.N.C.E.D, destinado a promover la formaci\u00f3n, desarrollo y capacitaci\u00f3n de j\u00f3venes emprendedores sanjuaninos en el uso de herramientas digitales.<\/p>\n<p>El objetivo es implementar el Programa INI.C.ED cuyo objetivo es promover la formaci\u00f3n y capacitaci\u00f3n de los j\u00f3venes sanjuanirios en el uso de herramientas digitales utilizando software y contenido libre referido al desarrollo de productos digitales de manera aplicada a proyectos comerciales<\/p>\n<p><span style=\"color: #800080;\"><strong>Convenio entre Producci\u00f3n y Agricultura de la Naci\u00f3n<\/strong><\/span><\/p>\n<p>Tambi\u00e9n los legisladores ofrecieron dictamen favorable al Mensaje N\u00b0 0023 y proyecto de Ley remitido por el Poder Ejecutivo por el que aprueba el\u00a0 Convenio entre la Secretaria de Agricultura, Ganader\u00eda y Pesca del Ministerio de Econom\u00eda de la Naci\u00f3n y la provincia de San Juan, para implementar medidas de apoyo a la emergencia en el marco de la Ley N\u00b0 26.509, y sus Anexos I, II, III y IV, suscripto el d\u00eda 21 de diciembre de 2022, entre el secretario de Agricultura, Ganader\u00eda y Pesca de la Naci\u00f3n, representado por el secretario de Agricultura, Ganader\u00eda y Pesca del Ministerio de Econom\u00eda de la Naci\u00f3n, Juan Jos\u00e9 Bahillo, por una parte y, por la otra, la provincia de San Juan, representada por el Ministro\u00a0de Producci\u00f3n y Desarrollo Econ\u00f3mico, Emilio Ariel Lucero Reinos.<\/p>\n<p>Por Ley N\u00b0 26.509, fue creado el Sistema Nacional para la prevenci\u00f3n y Mitigaci\u00f3n de Emergencias y Desastres Agropecuarios\u00bb, con el objetivo de prevenir y\/o mitigar los da\u00f1os causados por factores clim\u00e1ticos, meteorol\u00f3gicos,\u00a0tel\u00faricos, biol\u00f3gicos o f\u00edsicos que afecten a la producci\u00f3n y\/o la capacidad de producci\u00f3n agropecuaria, poniendo en riesgo de continuidad a las explotaciones agropecuarias.<\/p>\n<p>La Secretaria se compromete a aportar a la provincia la suma de pesos doscientos millones ($ 200.000.000), en forma de ANP\u201e imputable al citado componente \u00abApoyo a la Emergencia\u00bb, para el Ejercicio vigente, para llevar a cabo acciones de prevenci\u00f3n sobre el sector productivo local, alcanzando mejoras.<\/p>\n<p><span style=\"color: #800080;\"><strong>Convenio entre Innovaci\u00f3n P\u00fablica y la provincia<\/strong><\/span><\/p>\n<p>Mensaje N\u00b0 0024 y proyecto de Ley remitido por el Poder Ejecutivo, que aprueba el convenio entre la Secretar\u00eda de Innovaci\u00f3n P\u00fablica y el gobierno de San Juan y sus Anexos I y II, celebrado con fecha 27 de diciembre de 2022, entre la Secretar\u00eda, representada por su titular, Micaela S\u00e1nchez Malcolm por una parte y por la otra, el Gobierno de San Juan, representado por el gobernador Sergio Mauricio U\u00f1ac.<\/p>\n<p>El Convenio, tiene por objeto la implementaci\u00f3n de la asistencia t\u00e9cnica y transferencia de fondos a cargo de la Secretar\u00eda, para la adquisici\u00f3n de equipamiento inform\u00e1tico por parte de la provincia y en este sentido, la Secretar\u00eda aporta los fondos necesarios para que la provincia afronte el gasto que erogue la adquisici\u00f3n del equipamiento inform\u00e1tico con un monto de total de Pesos Cuatro Millones Ciento Noventa y Tres Mil Quinientos Cuarenta y Ocho con 38\/100 (4.193.548,38), mediante transferencia a la provincia en un \u00fanico desembolso.<\/p>\n<figure id=\"attachment_37951\" aria-describedby=\"caption-attachment-37951\" style=\"width: 800px\" class=\"wp-caption alignnone\"><img loading=\"lazy\" decoding=\"async\" class=\"size-full wp-image-37951\" src=\"https:\/\/vocesparalelas.com.ar\/sitio\/wp-content\/uploads\/2021\/05\/CAMARA-EDIFICIO.jpg\" alt=\"\" width=\"800\" height=\"515\" srcset=\"https:\/\/vocesparalelas.com.ar\/sitio\/wp-content\/uploads\/2021\/05\/CAMARA-EDIFICIO.jpg 800w, https:\/\/vocesparalelas.com.ar\/sitio\/wp-content\/uploads\/2021\/05\/CAMARA-EDIFICIO-300x193.jpg 300w, https:\/\/vocesparalelas.com.ar\/sitio\/wp-content\/uploads\/2021\/05\/CAMARA-EDIFICIO-768x494.jpg 768w\" sizes=\"auto, (max-width: 800px) 100vw, 800px\" \/><figcaption id=\"caption-attachment-37951\" class=\"wp-caption-text\">Legislatura Provincial de San Juan<\/figcaption><\/figure>\n<\/div>\n","protected":false},"excerpt":{"rendered":"<p>La comisi\u00f3n legislativa de Hacienda y Finanzas de la C\u00e1mara de Diputados de San Juan se reuni\u00f3, en cuyo transcurso<\/p>\n","protected":false},"author":3,"featured_media":59837,"comment_status":"closed","ping_status":"closed","sticky":false,"template":"","format":"standard","meta":{"_acf_changed":false,"_seopress_robots_primary_cat":"none","_seopress_titles_title":"","_seopress_titles_desc":"","_seopress_robots_index":"","colormag_page_container_layout":"default_layout","colormag_page_sidebar_layout":"default_layout","footnotes":""},"categories":[1],"tags":[],"class_list":["post-59834","post","type-post","status-publish","format-standard","has-post-thumbnail","hentry","category-destacadas"],"acf":[],"_links":{"self":[{"href":"https:\/\/vocesparalelas.com.ar\/sitio\/wp-json\/wp\/v2\/posts\/59834","targetHints":{"allow":["GET"]}}],"collection":[{"href":"https:\/\/vocesparalelas.com.ar\/sitio\/wp-json\/wp\/v2\/posts"}],"about":[{"href":"https:\/\/vocesparalelas.com.ar\/sitio\/wp-json\/wp\/v2\/types\/post"}],"author":[{"embeddable":true,"href":"https:\/\/vocesparalelas.com.ar\/sitio\/wp-json\/wp\/v2\/users\/3"}],"replies":[{"embeddable":true,"href":"https:\/\/vocesparalelas.com.ar\/sitio\/wp-json\/wp\/v2\/comments?post=59834"}],"version-history":[{"count":1,"href":"https:\/\/vocesparalelas.com.ar\/sitio\/wp-json\/wp\/v2\/posts\/59834\/revisions"}],"predecessor-version":[{"id":59838,"href":"https:\/\/vocesparalelas.com.ar\/sitio\/wp-json\/wp\/v2\/posts\/59834\/revisions\/59838"}],"wp:featuredmedia":[{"embeddable":true,"href":"https:\/\/vocesparalelas.com.ar\/sitio\/wp-json\/wp\/v2\/media\/59837"}],"wp:attachment":[{"href":"https:\/\/vocesparalelas.com.ar\/sitio\/wp-json\/wp\/v2\/media?parent=59834"}],"wp:term":[{"taxonomy":"category","embeddable":true,"href":"https:\/\/vocesparalelas.com.ar\/sitio\/wp-json\/wp\/v2\/categories?post=59834"},{"taxonomy":"post_tag","embeddable":true,"href":"https:\/\/vocesparalelas.com.ar\/sitio\/wp-json\/wp\/v2\/tags?post=59834"}],"curies":[{"name":"wp","href":"https:\/\/api.w.org\/{rel}","templated":true}]}}