{"id":59820,"date":"2023-06-05T23:07:00","date_gmt":"2023-06-06T02:07:00","guid":{"rendered":"https:\/\/vocesparalelas.com.ar\/sitio\/?p=59820"},"modified":"2023-06-06T01:07:20","modified_gmt":"2023-06-06T04:07:20","slug":"los-candidatos-a-gobernador-dr-ruben-unac-y-vicegobernador-cpn-cristian-andino-de-vamos-san-juan","status":"publish","type":"post","link":"https:\/\/vocesparalelas.com.ar\/sitio\/los-candidatos-a-gobernador-dr-ruben-unac-y-vicegobernador-cpn-cristian-andino-de-vamos-san-juan\/","title":{"rendered":"Los candidatos a Gobernador Dr. Rub\u00e9n U\u00f1ac y Vicegobernador CPN Cristian Andino de \u00abVamos San Juan\u00bb"},"content":{"rendered":"<p>El Lunes, 5 de Junio, el gobernador de San Juan, Dr. Sergio U\u00f1ac, dio a conocer la f\u00f3rmula de la subagrupaci\u00f3n Vamos San Juan, del Frente Todos, candidatos a gobernador Dr. Rub\u00e9n U\u00f1ac y vicegobernador CPN Cristian Andino, que forman parte de las Elecciones 2023 el Domingo, 2 de Julio.<\/p>\n<p>Los ciudadanos van elegir s\u00f3lo en esta categor\u00eda de las propuestas pol\u00edticas de San Juan, luego, que la Corte Suprema de Justicia de la Naci\u00f3n, suspendiera la elecci\u00f3n a gobernador y vicegobernador, programadas para el Domingo, 14 de Mayo, s\u00f3lo la elecci\u00f3n incluy\u00f3 las categor\u00edas a intendentes, concejales y diputados provinciales y proporcionales. En esta instancia, la subagrupaci\u00f3n Vamos San Juan gan\u00f3 en la mayor\u00eda de los departamentos de la provincia.<\/p>\n<p>Frente a una gran cantidad de integrantes del partido y seguidores que apoyan a la subagrupaci\u00f3n Vamos a San Juan del Frente Todos.<\/p>\n<p><img loading=\"lazy\" decoding=\"async\" class=\"alignnone size-full wp-image-59824\" src=\"https:\/\/vocesparalelas.com.ar\/sitio\/wp-content\/uploads\/2023\/06\/UNAC-ANDINO-01.jpg\" alt=\"\" width=\"800\" height=\"533\" srcset=\"https:\/\/vocesparalelas.com.ar\/sitio\/wp-content\/uploads\/2023\/06\/UNAC-ANDINO-01.jpg 800w, https:\/\/vocesparalelas.com.ar\/sitio\/wp-content\/uploads\/2023\/06\/UNAC-ANDINO-01-300x200.jpg 300w, https:\/\/vocesparalelas.com.ar\/sitio\/wp-content\/uploads\/2023\/06\/UNAC-ANDINO-01-768x512.jpg 768w\" sizes=\"auto, (max-width: 800px) 100vw, 800px\" \/><\/p>\n<p>El acto de anuncio de la f\u00f3rmula en la categor\u00eda para las elecciones del Domingo, 02 de Julio, la subagrupaci\u00f3n Vamos San Juan U\u00f1ac &#8211; Andino, el Dr. Sergio U\u00f1ac agradeci\u00f3 a los presentes y a todos los partidos y agrupaciones que conforman el frente Todo, asegur\u00f3 que \u201cesta es una noche muy importante para fortalecer desde San Juan las autonom\u00edas provinciales, y me parece que eso es lo que han vulnerado con una resoluci\u00f3n que nada tiene que ver con la voluntad del pueblo sanjuanino\u201d.<\/p>\n<p><iframe loading=\"lazy\" title=\"VAMOS SAN JUAN DR SERGIO U\u00d1AC\" width=\"800\" height=\"450\" src=\"https:\/\/www.youtube.com\/embed\/dq3ktxiyGNM?feature=oembed\" frameborder=\"0\" allow=\"accelerometer; autoplay; clipboard-write; encrypted-media; gyroscope; picture-in-picture; web-share\" allowfullscreen><\/iframe><\/p>\n<p>Luego pidi\u00f3 un fuerte aplauso para Rub\u00e9n U\u00f1ac y Cristian Andino \u201cque son la garant\u00eda de continuidad de este proyecto pol\u00edtico en la provincia de San Juan\u201d.<\/p>\n<p><iframe loading=\"lazy\" title=\"VAMOS SAN JUAN DR SERGIO U\u00d1AC\" width=\"800\" height=\"450\" src=\"https:\/\/www.youtube.com\/embed\/kAhyLUOgz-E?feature=oembed\" frameborder=\"0\" allow=\"accelerometer; autoplay; clipboard-write; encrypted-media; gyroscope; picture-in-picture; web-share\" allowfullscreen><\/iframe><\/p>\n<p>El gobernador mencion\u00f3 que, en el camino a su exilio en Chile, Domingo Faustino Sarmiento dej\u00f3 testimonio de un concepto que trascendi\u00f3 al tiempo y a la coyuntura \u2018las ideas no se matan\u2019. \u201cEstas \u00faltimas semanas, todos los sanjuaninos hemos sido v\u00edctimas de un proceso absurdo, absolutamente ajeno a nuestra provincia y ajeno a nuestros intereses, un asunto directamente ligado a obstruirnos la posibilidad de que elijamos democr\u00e1tica y aut\u00f3nomamente en la provincia de San Juan\u201d.<\/p>\n<p><iframe loading=\"lazy\" title=\"VAMOS SAN JUAN DR SERGIO U\u00d1AC\" width=\"800\" height=\"450\" src=\"https:\/\/www.youtube.com\/embed\/7yTJzyoKPxw?feature=oembed\" frameborder=\"0\" allow=\"accelerometer; autoplay; clipboard-write; encrypted-media; gyroscope; picture-in-picture; web-share\" allowfullscreen><\/iframe><\/p>\n<p>A\u00f1adi\u00f3 que \u201cla peor expresi\u00f3n en materia de judicializaci\u00f3n de la pol\u00edtica se hizo presente en nuestra provincia privando a los sanjuaninos de votar libremente por un proyecto que hizo a San Juan crecer y que fue elegido y ratificado el 14 de mayo gracias a cada sanjuanino y sanjuanina\u201d.<\/p>\n<p><iframe loading=\"lazy\" title=\"VAMOS SAN JUAN DR SERGIO U\u00d1AC\" width=\"800\" height=\"450\" src=\"https:\/\/www.youtube.com\/embed\/ts8N90_zYy0?feature=oembed\" frameborder=\"0\" allow=\"accelerometer; autoplay; clipboard-write; encrypted-media; gyroscope; picture-in-picture; web-share\" allowfullscreen><\/iframe><\/p>\n<p>El gobernador manifest\u00f3 que se ha preguntado en reiteradas oportunidades qu\u00e9 es lo que le molest\u00f3 a la Corte Suprema de Justicia para actuar como actu\u00f3. \u201c\u00bfQue nuestra provincia lidere en materia de construcci\u00f3n de viviendas?, \u00bfQu\u00e9 la obra p\u00fablica se expanda en cada rinc\u00f3n?, \u00bfQu\u00e9 construyamos cada vez m\u00e1s escuelas y hospitales en todo el territorio provincial?, \u00bfQu\u00e9 sigamos desarrollando un modelo virtuoso en materia de ampliaci\u00f3n de nuestra matriz productiva? Les molesta la inclusi\u00f3n que se ha dado en todo el territorio provincial, vaya si no ha sido materia de an\u00e1lisis cada una de las erradicaciones que le ha permitido a quien no viv\u00eda bien vivir mejor dentro de esta provincia.<\/p>\n<p>La libertad de los pueblos no se cancela, el esfuerzo de los sanjuaninos no se ignora, y nuestras ideas no se matan. Gracias, los abrazos desde el coraz\u00f3n, a trabajar para que este 2 de julio triunfe San Juan\u201d, cerr\u00f3 el gobernador.<\/p>\n<p>Luego, el candidato a Vicegobernador, CPN Cristian Andino ensalz\u00f3 la figura del gobernador, el gran hacedor del Modelo San Juan. \u201cLos sanjuaninos tenemos el mejor gobernador de la Argentina y se llama Sergio U\u00f1ac, nuestro conductor y l\u00edder de este proyecto pol\u00edtico\u201d.<\/p>\n<p><iframe loading=\"lazy\" title=\"VAMOS SAN JUAN CPN CRISTIAN ANDINO\" width=\"800\" height=\"450\" src=\"https:\/\/www.youtube.com\/embed\/3L5SshNaSpI?start=3&#038;feature=oembed\" frameborder=\"0\" allow=\"accelerometer; autoplay; clipboard-write; encrypted-media; gyroscope; picture-in-picture; web-share\" allowfullscreen><\/iframe><\/p>\n<p>Luego destac\u00f3 que Rub\u00e9n tiene hoy el mayor de los desaf\u00edos, \u201cy estoy seguro de que lo va a llevar adelante de la mejor manera, este es el pr\u00f3ximo gobernador de San Juan, Rub\u00e9n U\u00f1ac, porque es garant\u00eda de la continuidad de este modelo exitoso que ha llevado adelante Sergio para todos los sanjuaninos y sanjuaninas\u201d, manifest\u00f3 Andino.<\/p>\n<p>Seg\u00fan lo dispuesto por el Tribunal Electoral, el 30 de junio, desde la hora 8, finaliza la campa\u00f1a electoral y comienza la veda.<\/p>\n<p>El domingo 2 de julio los sanjuaninos vuelven a las urnas para la elecci\u00f3n de autoridades del Ejecutivo por los pr\u00f3ximos cuatro a\u00f1os.<\/p>\n<p><iframe loading=\"lazy\" title=\"VAMOS SAN JUAN CPN CRISTIAN ANDINO\" width=\"800\" height=\"450\" src=\"https:\/\/www.youtube.com\/embed\/uzZe40HNSTY?feature=oembed\" frameborder=\"0\" allow=\"accelerometer; autoplay; clipboard-write; encrypted-media; gyroscope; picture-in-picture; web-share\" allowfullscreen><\/iframe><\/p>\n<p>Finalmente, el candidato a Gobernador, Dr. Rub\u00e9n U\u00f1ac, actualmente senador nacional por San Juan con mandato hasta diciembre de 2023, fecha en la que aspira convertirse en el nuevo gobernador de San Juan.<\/p>\n<p>Los n\u00fameros lo alientan: en las elecciones del pasado 14 de mayo, la fuerza pol\u00edtica a la que pertenece logr\u00f3 14 intendencias, y en t\u00e9rminos legislativos obtuvo 23 de las 36 bancas sometidas a votaci\u00f3n en la C\u00e1mara de Diputados.<\/p>\n<p><iframe loading=\"lazy\" title=\"VAMOS SAN JUAN DR RUB\u00c9N U\u00d1AC\" width=\"800\" height=\"450\" src=\"https:\/\/www.youtube.com\/embed\/9aFkb2_rMOE?feature=oembed\" frameborder=\"0\" allow=\"accelerometer; autoplay; clipboard-write; encrypted-media; gyroscope; picture-in-picture; web-share\" allowfullscreen><\/iframe><\/p>\n<p>&nbsp;<\/p>\n<p>\u201cLas circunstancias de la vida me ponen hoy ac\u00e1 en este lugar, porque tengo el apoyo del gobernador de la provincia, el apoyo del candidato a vicegobernador y el de todos ustedes. Pero no es el apoyo a m\u00ed persona, es el apoyo a San Juan, a nuestro movimiento, a nuestro pueblo. Venimos trabajando desde hace mucho tiempo con el proyecto de Sergio, empezamos hace muchos a\u00f1os y \u00e9ramos los dos. Y miren a d\u00f3nde lleg\u00f3 Sergio, con mucha convicci\u00f3n, con mucho trabajo, con mucho esfuerzo, con ideas claras, con una visi\u00f3n incre\u00edble de lo que quer\u00eda para San Juan. \u00c9l lo logr\u00f3, lo logramos todos, con todos ustedes, y estamos aqu\u00ed para defender este Modelo San Juan, este proyecto pol\u00edtico, econ\u00f3mico y social que hemos defendido todos y que vamos a seguir haciendo\u201d.<\/p>\n<p><iframe loading=\"lazy\" title=\"VAMOS SAN JUAN DR RUB\u00c9N U\u00d1AC\" width=\"800\" height=\"450\" src=\"https:\/\/www.youtube.com\/embed\/LkvCVG6MczI?feature=oembed\" frameborder=\"0\" allow=\"accelerometer; autoplay; clipboard-write; encrypted-media; gyroscope; picture-in-picture; web-share\" allowfullscreen><\/iframe><\/p>\n<p>Agreg\u00f3 que ser\u00eda muy f\u00e1cil irse a su casa, \u201cpero no lo voy a hacer, tengo una entrega absoluta a mi partido, a mi frente, a nuestro movimiento y a nuestra gente, y estoy convencido. Pero adem\u00e1s estoy tranquilo y feliz, sin embargo, yo no estoy celebrando nada porque hemos pasado los d\u00edas m\u00e1s dif\u00edciles, ustedes y nosotros, pero en lo personal han sido muy duros\u201d.<\/p>\n<p>Mencion\u00f3 luego uno de los slogans de campa\u00f1a \u201cEl progreso no cansa\u201d y enfatiz\u00f3 que San Juan quiere m\u00e1s progreso, m\u00e1s crecimiento y m\u00e1s desarrollo para todos.<\/p>\n<p>\u00abVamos a trabajar y vamos a ganar, les pido que nos acompa\u00f1en a Sergio, a Cristian y a m\u00ed, somos buena gente como ustedes\u201d.<\/p>\n<p><iframe loading=\"lazy\" title=\"VAMOS SAN JUAN\" width=\"800\" height=\"450\" src=\"https:\/\/www.youtube.com\/embed\/32eyPFJgd-I?feature=oembed\" frameborder=\"0\" allow=\"accelerometer; autoplay; clipboard-write; encrypted-media; gyroscope; picture-in-picture; web-share\" allowfullscreen><\/iframe><\/p>\n<p>&nbsp;<\/p>\n","protected":false},"excerpt":{"rendered":"<p>El Lunes, 5 de Junio, el gobernador de San Juan, Dr. Sergio U\u00f1ac, dio a conocer la f\u00f3rmula de la<\/p>\n","protected":false},"author":3,"featured_media":59823,"comment_status":"closed","ping_status":"closed","sticky":false,"template":"","format":"standard","meta":{"_acf_changed":false,"_seopress_robots_primary_cat":"none","_seopress_titles_title":"","_seopress_titles_desc":"","_seopress_robots_index":"","colormag_page_container_layout":"default_layout","colormag_page_sidebar_layout":"default_layout","footnotes":""},"categories":[1,7],"tags":[],"class_list":["post-59820","post","type-post","status-publish","format-standard","has-post-thumbnail","hentry","category-destacadas","category-videos"],"acf":[],"_links":{"self":[{"href":"https:\/\/vocesparalelas.com.ar\/sitio\/wp-json\/wp\/v2\/posts\/59820","targetHints":{"allow":["GET"]}}],"collection":[{"href":"https:\/\/vocesparalelas.com.ar\/sitio\/wp-json\/wp\/v2\/posts"}],"about":[{"href":"https:\/\/vocesparalelas.com.ar\/sitio\/wp-json\/wp\/v2\/types\/post"}],"author":[{"embeddable":true,"href":"https:\/\/vocesparalelas.com.ar\/sitio\/wp-json\/wp\/v2\/users\/3"}],"replies":[{"embeddable":true,"href":"https:\/\/vocesparalelas.com.ar\/sitio\/wp-json\/wp\/v2\/comments?post=59820"}],"version-history":[{"count":1,"href":"https:\/\/vocesparalelas.com.ar\/sitio\/wp-json\/wp\/v2\/posts\/59820\/revisions"}],"predecessor-version":[{"id":59829,"href":"https:\/\/vocesparalelas.com.ar\/sitio\/wp-json\/wp\/v2\/posts\/59820\/revisions\/59829"}],"wp:featuredmedia":[{"embeddable":true,"href":"https:\/\/vocesparalelas.com.ar\/sitio\/wp-json\/wp\/v2\/media\/59823"}],"wp:attachment":[{"href":"https:\/\/vocesparalelas.com.ar\/sitio\/wp-json\/wp\/v2\/media?parent=59820"}],"wp:term":[{"taxonomy":"category","embeddable":true,"href":"https:\/\/vocesparalelas.com.ar\/sitio\/wp-json\/wp\/v2\/categories?post=59820"},{"taxonomy":"post_tag","embeddable":true,"href":"https:\/\/vocesparalelas.com.ar\/sitio\/wp-json\/wp\/v2\/tags?post=59820"}],"curies":[{"name":"wp","href":"https:\/\/api.w.org\/{rel}","templated":true}]}}