{"id":59816,"date":"2023-06-05T22:03:29","date_gmt":"2023-06-06T01:03:29","guid":{"rendered":"https:\/\/vocesparalelas.com.ar\/sitio\/?p=59816"},"modified":"2023-06-05T23:33:14","modified_gmt":"2023-06-06T02:33:14","slug":"comienza-el-ciclo-lectivo-2023-del-plan-fines-en-san-juan","status":"publish","type":"post","link":"https:\/\/vocesparalelas.com.ar\/sitio\/comienza-el-ciclo-lectivo-2023-del-plan-fines-en-san-juan\/","title":{"rendered":"Comienza el Ciclo Lectivo 2023 del Plan FinEs en San Juan"},"content":{"rendered":"<p>La Direcci\u00f3n de Educaci\u00f3n de Adultos y J\u00f3venes del Ministerio de Educaci\u00f3n del Gobierno de San Juan informa que se inician las actividades del Ciclo 2023.<\/p>\n<p>Los referentes educativos toman contacto con los estudiantes que est\u00e1n registrados en el programa y est\u00e1n cursando desde 2022.<\/p>\n<p>Adem\u00e1s se abren algunas comisiones para empleados p\u00fablicos contratados que deben tener terminalidad secundaria para pasar a planta permanente.<\/p>\n<p><strong><span style=\"color: #339966;\">Por mayor informaci\u00f3n o consultas<\/span><\/strong><\/p>\n<p>Comunicarse a la oficina de Plan FinEs, de Lunes a Viernes, de 8 a 12 horas, al 4305866\/4305747 o acudir a la oficina ubicada en el Ministerio de Educaci\u00f3n, 2\u00ba piso N\u00facleo 3; Centro C\u00edvico.<\/p>\n<p><img loading=\"lazy\" decoding=\"async\" class=\"alignnone size-full wp-image-28629\" src=\"https:\/\/vocesparalelas.com.ar\/sitio\/wp-content\/uploads\/2020\/05\/MINISTERIO-EDUCACION-SJ.jpg\" alt=\"\" width=\"800\" height=\"533\" srcset=\"https:\/\/vocesparalelas.com.ar\/sitio\/wp-content\/uploads\/2020\/05\/MINISTERIO-EDUCACION-SJ.jpg 800w, https:\/\/vocesparalelas.com.ar\/sitio\/wp-content\/uploads\/2020\/05\/MINISTERIO-EDUCACION-SJ-300x200.jpg 300w, https:\/\/vocesparalelas.com.ar\/sitio\/wp-content\/uploads\/2020\/05\/MINISTERIO-EDUCACION-SJ-768x512.jpg 768w\" sizes=\"auto, (max-width: 800px) 100vw, 800px\" \/><\/p>\n","protected":false},"excerpt":{"rendered":"<p>La Direcci\u00f3n de Educaci\u00f3n de Adultos y J\u00f3venes del Ministerio de Educaci\u00f3n del Gobierno de San Juan informa que se<\/p>\n","protected":false},"author":3,"featured_media":25302,"comment_status":"closed","ping_status":"closed","sticky":false,"template":"","format":"standard","meta":{"_acf_changed":false,"_seopress_robots_primary_cat":"none","_seopress_titles_title":"","_seopress_titles_desc":"","_seopress_robots_index":"","colormag_page_container_layout":"default_layout","colormag_page_sidebar_layout":"default_layout","footnotes":""},"categories":[1],"tags":[],"class_list":["post-59816","post","type-post","status-publish","format-standard","has-post-thumbnail","hentry","category-destacadas"],"acf":[],"_links":{"self":[{"href":"https:\/\/vocesparalelas.com.ar\/sitio\/wp-json\/wp\/v2\/posts\/59816","targetHints":{"allow":["GET"]}}],"collection":[{"href":"https:\/\/vocesparalelas.com.ar\/sitio\/wp-json\/wp\/v2\/posts"}],"about":[{"href":"https:\/\/vocesparalelas.com.ar\/sitio\/wp-json\/wp\/v2\/types\/post"}],"author":[{"embeddable":true,"href":"https:\/\/vocesparalelas.com.ar\/sitio\/wp-json\/wp\/v2\/users\/3"}],"replies":[{"embeddable":true,"href":"https:\/\/vocesparalelas.com.ar\/sitio\/wp-json\/wp\/v2\/comments?post=59816"}],"version-history":[{"count":1,"href":"https:\/\/vocesparalelas.com.ar\/sitio\/wp-json\/wp\/v2\/posts\/59816\/revisions"}],"predecessor-version":[{"id":59819,"href":"https:\/\/vocesparalelas.com.ar\/sitio\/wp-json\/wp\/v2\/posts\/59816\/revisions\/59819"}],"wp:featuredmedia":[{"embeddable":true,"href":"https:\/\/vocesparalelas.com.ar\/sitio\/wp-json\/wp\/v2\/media\/25302"}],"wp:attachment":[{"href":"https:\/\/vocesparalelas.com.ar\/sitio\/wp-json\/wp\/v2\/media?parent=59816"}],"wp:term":[{"taxonomy":"category","embeddable":true,"href":"https:\/\/vocesparalelas.com.ar\/sitio\/wp-json\/wp\/v2\/categories?post=59816"},{"taxonomy":"post_tag","embeddable":true,"href":"https:\/\/vocesparalelas.com.ar\/sitio\/wp-json\/wp\/v2\/tags?post=59816"}],"curies":[{"name":"wp","href":"https:\/\/api.w.org\/{rel}","templated":true}]}}