{"id":59810,"date":"2023-06-03T22:11:33","date_gmt":"2023-06-04T01:11:33","guid":{"rendered":"https:\/\/vocesparalelas.com.ar\/sitio\/?p=59810"},"modified":"2023-06-03T23:11:45","modified_gmt":"2023-06-04T02:11:45","slug":"sumate-al-mes-del-ambiente-en-san-juan","status":"publish","type":"post","link":"https:\/\/vocesparalelas.com.ar\/sitio\/sumate-al-mes-del-ambiente-en-san-juan\/","title":{"rendered":"Sumate al \u00abMes del Ambiente\u00bb en San Juan"},"content":{"rendered":"<p>En el Mes del Ambiente, el Gobierno de San Juan, a trav\u00e9s de la Secretar\u00eda de Estado de Ambiente y Desarrollo Sustentable, contin\u00faa impulsando acciones para el cuidado de nuestra casa com\u00fan.<\/p>\n<p>Por ello, durante todo el mes de junio, el ingreso al Centro Educativo Ambiental Anchipurac es totalmente gratuito. Los visitantes pueden iniciar el recorrido con una introducci\u00f3n sobre el significado de Anchipurac y sus objetivos.<\/p>\n<p>Tambi\u00e9n conocen la historia del planeta Tierra y c\u00f3mo las personas nos relacionamos con \u00e9ste, calculando tambi\u00e9n la Huella de Carbono (toneladas de contaminaci\u00f3n del aire emitidas al a\u00f1o) de cada uno de los visitantes.<\/p>\n<p>La segunda parte del recorrido se centra en c\u00f3mo de forma colectiva, se puede disminuir algunos de los problemas de contaminaci\u00f3n, pasando por las 3 R del consumo responsable y c\u00f3mo tratar los residuos, investigaci\u00f3n ambiental en San Juan, geograf\u00eda, ciudades sustentables, calentamiento global, energ\u00edas renovables y alternativas sustentables para la construcci\u00f3n.<\/p>\n<p>Al finalizar, el recorrido invita a sumarse al cambio y colaborar con nuestras acciones para el cuidado del medio ambiente.<\/p>\n<p>Adem\u00e1s, todo junio estar\u00e1n habilitadas visitas guiadas a las \u00e1reas protegidas Loma de Las Tapias, Parque Presidente Sarmiento y Parque de la Biodiversidad.<\/p>\n<p>Entre el 5 y el 9 de junio en horario de 10 a 14 horas, estar\u00e1 funcionando en el Centro C\u00edvico las campa\u00f1as Eco Canje a trav\u00e9s de la cual la Secretar\u00eda recibe botellas pl\u00e1sticas a cambio de compost, plantines y entradas para Anchipurac. Tambi\u00e9n estar\u00e1 la campa\u00f1a de Recolecci\u00f3n de Residuos de Aparatos Electr\u00f3nicos y El\u00e9ctricos (RAEE).<\/p>\n<p><span style=\"color: #339966;\"><strong>Recorridos por \u00c1reas Protegidas<\/strong><\/span><\/p>\n<p><span style=\"color: #339966;\"><strong>Parque de la Biodiversidad<\/strong><\/span><\/p>\n<p>La visita guiada est\u00e1 compuesta por dos circuitos: azul y verde. En el circuito azul se encuentra un acuario \u00fanico con especies ex\u00f3ticas, nativas, de aguas tropicales, fr\u00edas y marinas; un sector de piscicultura con especies como koi, pejerrey y sogyo, lagunas y un laboratorio de limnolog\u00eda donde se realizan estudios f\u00edsico-quimicos y biol\u00f3gicos.<\/p>\n<p>El circuito verde ofrece la posibilidad de conocer el parque tem\u00e1tico forestal con especies evolutivas, nativas y del mundo, un cactario con diversas especies de cactus de la provincia, el vivero de plantas nativas donde se producen m\u00e1s de 25 especies con y sumado a ello el nuevo paseo flor\u00edstico llamado \u201cEl Carau\u00bb.<\/p>\n<p><span style=\"color: #339966;\"><strong>Loma de las Tapias<\/strong><\/span><\/p>\n<p>Loma de Las Tapias es un valioso reservorio de restos f\u00f3siles, situados a menos de veinte kil\u00f3metros de la ciudad de San Juan, en los departamentos de Ullum y Albard\u00f3n.<\/p>\n<p>El lugar est\u00e1 conformado por suaves lomadas varicolores, labradas en rocas muy friables confiri\u00e9ndole al sitio las caracter\u00edsticas de un paisaje inusual que los abor\u00edgenes denominaban \u201cHuayquer\u00edas\u201d (huaico = cuenco), tambi\u00e9n conocido en el idioma ingl\u00e9s como \u201cbad lands\u201d, que significa \u201ctierras malas\u201d. La fauna de vertebrados representada en Loma de Las Tapias documenta maravillosamente el momento previo al levantamiento del istmo de Panam\u00e1, que marca la invasi\u00f3n de Sudam\u00e9rica por la fauna t\u00edpica de Am\u00e9rica del Norte.<\/p>\n<p>Desde el punto de vista geol\u00f3gico, constituye un yacimiento paleontol\u00f3gico que representa gran parte del Per\u00edodo Ne\u00f3geno, con una antig\u00fcedad que abarca entre los 12 y 3,5 millones de a\u00f1os antes del presente.<\/p>\n<p><span style=\"color: #339966;\"><strong>Parque Presidente Sarmiento<\/strong><\/span><\/p>\n<p>Este es un sitio donde la poblaci\u00f3n entra en contacto con procesos ecol\u00f3gicos, por lo que se transforman en centros ideales para profundizar la difusi\u00f3n de temas como el desarrollo sustentable y la conservaci\u00f3n de la biodiversidad, en esta \u00e1rea se fomenta la recreaci\u00f3n, el esparcimiento y la educaci\u00f3n del visitante a trav\u00e9s de la observaci\u00f3n, el estudio de los valores naturales y de los aspectos culturales relacionados con ellos.<\/p>\n<p>En el sendero \u201cEl monte\u201d los visitantes podr\u00e1n conocer especies m\u00e1s adaptadas a la zona \u00e1rida de la provincia, donde se puede reconocer algarrobo, jarilla, retamo, entre otras especies t\u00edpicas de esta regi\u00f3n.<\/p>\n<p>Por otra parte, \u201cEl carrizal\u201d se encuentra en una zona de transici\u00f3n entre el monte y el humedal en el que existen especies asociadas a un ambiente m\u00e1s h\u00famedo, all\u00ed los visitantes podr\u00e1n apreciar las diferencias entre los vegetales de ambos senderos. En ambos senderos habr\u00e1 zonas destinadas al avistaje de aves, ya que este es un sitio en el que existe una variada gama de ambientes para su alimentaci\u00f3n, reproducci\u00f3n y nidificaci\u00f3n.<\/p>\n<p>&nbsp;<\/p>\n<p>&nbsp;<\/p>\n","protected":false},"excerpt":{"rendered":"<p>En el Mes del Ambiente, el Gobierno de San Juan, a trav\u00e9s de la Secretar\u00eda de Estado de Ambiente y<\/p>\n","protected":false},"author":3,"featured_media":18375,"comment_status":"closed","ping_status":"closed","sticky":false,"template":"","format":"standard","meta":{"_acf_changed":false,"_seopress_robots_primary_cat":"none","_seopress_titles_title":"","_seopress_titles_desc":"","_seopress_robots_index":"","colormag_page_container_layout":"default_layout","colormag_page_sidebar_layout":"default_layout","footnotes":""},"categories":[1],"tags":[],"class_list":["post-59810","post","type-post","status-publish","format-standard","has-post-thumbnail","hentry","category-destacadas"],"acf":[],"_links":{"self":[{"href":"https:\/\/vocesparalelas.com.ar\/sitio\/wp-json\/wp\/v2\/posts\/59810","targetHints":{"allow":["GET"]}}],"collection":[{"href":"https:\/\/vocesparalelas.com.ar\/sitio\/wp-json\/wp\/v2\/posts"}],"about":[{"href":"https:\/\/vocesparalelas.com.ar\/sitio\/wp-json\/wp\/v2\/types\/post"}],"author":[{"embeddable":true,"href":"https:\/\/vocesparalelas.com.ar\/sitio\/wp-json\/wp\/v2\/users\/3"}],"replies":[{"embeddable":true,"href":"https:\/\/vocesparalelas.com.ar\/sitio\/wp-json\/wp\/v2\/comments?post=59810"}],"version-history":[{"count":1,"href":"https:\/\/vocesparalelas.com.ar\/sitio\/wp-json\/wp\/v2\/posts\/59810\/revisions"}],"predecessor-version":[{"id":59813,"href":"https:\/\/vocesparalelas.com.ar\/sitio\/wp-json\/wp\/v2\/posts\/59810\/revisions\/59813"}],"wp:featuredmedia":[{"embeddable":true,"href":"https:\/\/vocesparalelas.com.ar\/sitio\/wp-json\/wp\/v2\/media\/18375"}],"wp:attachment":[{"href":"https:\/\/vocesparalelas.com.ar\/sitio\/wp-json\/wp\/v2\/media?parent=59810"}],"wp:term":[{"taxonomy":"category","embeddable":true,"href":"https:\/\/vocesparalelas.com.ar\/sitio\/wp-json\/wp\/v2\/categories?post=59810"},{"taxonomy":"post_tag","embeddable":true,"href":"https:\/\/vocesparalelas.com.ar\/sitio\/wp-json\/wp\/v2\/tags?post=59810"}],"curies":[{"name":"wp","href":"https:\/\/api.w.org\/{rel}","templated":true}]}}