{"id":59800,"date":"2023-06-03T22:07:14","date_gmt":"2023-06-04T01:07:14","guid":{"rendered":"https:\/\/vocesparalelas.com.ar\/sitio\/?p=59800"},"modified":"2023-06-06T23:28:57","modified_gmt":"2023-06-07T02:28:57","slug":"taller-creacion-y-produccion-musical-herramientas-artisticas-y-digitales-chalet-cantoni","status":"publish","type":"post","link":"https:\/\/vocesparalelas.com.ar\/sitio\/taller-creacion-y-produccion-musical-herramientas-artisticas-y-digitales-chalet-cantoni\/","title":{"rendered":"Taller \u201cCreaci\u00f3n y producci\u00f3n musical. Herramientas art\u00edsticas y digitales\u201d Chalet Cantoni"},"content":{"rendered":"<p>En el marco del Programa de Actividades de Formaci\u00f3n del Chalet Cantoni &#8211; Casa de Industrias Creativas, el 15 de Junio comenzar\u00e1 el \u201cTaller de creaci\u00f3n y producci\u00f3n musical. Herramientas art\u00edsticas y digitales\u201d.<\/p>\n<p>Esta formaci\u00f3n, que surgi\u00f3 a partir de una convocatoria, tiene como\u00a0objetivo primordial brindar las principales herramientas art\u00edsticas, digitales y musicales, entre otras; de las diferentes etapas de la creaci\u00f3n y producci\u00f3n musical.<\/p>\n<p>La actividad es gratuita y constar\u00e1 de seis clases semanales presenciales te\u00f3rico-pr\u00e1cticas de tres horas cada una. Cada clase es un m\u00f3dulo tem\u00e1tico y los principales contenidos son la introducci\u00f3n a la creaci\u00f3n y composici\u00f3n, grabaci\u00f3n en home studio, softwares de edici\u00f3n, experimentaci\u00f3n sonora, entre otros.<\/p>\n<p><strong><span style=\"color: #ff6600;\">Formadores<\/span><\/strong><\/p>\n<ul>\n<li>Valentina Echegaray,<\/li>\n<li>Aldo Stordeur,<\/li>\n<li>Nahuel Aciar,<\/li>\n<li>Carla Raschella y<\/li>\n<li>Renzo Nievas.<\/li>\n<\/ul>\n<p><span style=\"color: #ff6600;\"><strong>Inscripciones<\/strong><\/span><\/p>\n<p><a href=\"https:\/\/bit.ly\/CreacionyProduccionMusical\">https:\/\/bit.ly\/CreacionyProduccionMusical<\/a><\/p>\n<p>Hasta el 8 de Junio, pueden participar mayores de 15 a\u00f1os y con cupo limitado.<\/p>\n<p>Adem\u00e1s en Junio, en el Chalet Cantoni comienzan formaciones relacionadas con el buen vivir y consumos sustentables, la gesti\u00f3n de proyectos culturales y el dise\u00f1o y arte urbanos.<\/p>\n","protected":false},"excerpt":{"rendered":"<p>En el marco del Programa de Actividades de Formaci\u00f3n del Chalet Cantoni &#8211; Casa de Industrias Creativas, el 15 de<\/p>\n","protected":false},"author":3,"featured_media":59808,"comment_status":"closed","ping_status":"closed","sticky":false,"template":"","format":"standard","meta":{"_acf_changed":false,"_seopress_robots_primary_cat":"none","_seopress_titles_title":"","_seopress_titles_desc":"","_seopress_robots_index":"","colormag_page_container_layout":"default_layout","colormag_page_sidebar_layout":"default_layout","footnotes":""},"categories":[9],"tags":[],"class_list":["post-59800","post","type-post","status-publish","format-standard","has-post-thumbnail","hentry","category-cursos"],"acf":[],"_links":{"self":[{"href":"https:\/\/vocesparalelas.com.ar\/sitio\/wp-json\/wp\/v2\/posts\/59800","targetHints":{"allow":["GET"]}}],"collection":[{"href":"https:\/\/vocesparalelas.com.ar\/sitio\/wp-json\/wp\/v2\/posts"}],"about":[{"href":"https:\/\/vocesparalelas.com.ar\/sitio\/wp-json\/wp\/v2\/types\/post"}],"author":[{"embeddable":true,"href":"https:\/\/vocesparalelas.com.ar\/sitio\/wp-json\/wp\/v2\/users\/3"}],"replies":[{"embeddable":true,"href":"https:\/\/vocesparalelas.com.ar\/sitio\/wp-json\/wp\/v2\/comments?post=59800"}],"version-history":[{"count":1,"href":"https:\/\/vocesparalelas.com.ar\/sitio\/wp-json\/wp\/v2\/posts\/59800\/revisions"}],"predecessor-version":[{"id":59809,"href":"https:\/\/vocesparalelas.com.ar\/sitio\/wp-json\/wp\/v2\/posts\/59800\/revisions\/59809"}],"wp:featuredmedia":[{"embeddable":true,"href":"https:\/\/vocesparalelas.com.ar\/sitio\/wp-json\/wp\/v2\/media\/59808"}],"wp:attachment":[{"href":"https:\/\/vocesparalelas.com.ar\/sitio\/wp-json\/wp\/v2\/media?parent=59800"}],"wp:term":[{"taxonomy":"category","embeddable":true,"href":"https:\/\/vocesparalelas.com.ar\/sitio\/wp-json\/wp\/v2\/categories?post=59800"},{"taxonomy":"post_tag","embeddable":true,"href":"https:\/\/vocesparalelas.com.ar\/sitio\/wp-json\/wp\/v2\/tags?post=59800"}],"curies":[{"name":"wp","href":"https:\/\/api.w.org\/{rel}","templated":true}]}}