{"id":59796,"date":"2023-06-03T14:42:46","date_gmt":"2023-06-03T17:42:46","guid":{"rendered":"https:\/\/vocesparalelas.com.ar\/sitio\/?p=59796"},"modified":"2023-06-06T23:47:50","modified_gmt":"2023-06-07T02:47:50","slug":"programa-de-junio-2023-escuchame-una-cosita-en-san-juan","status":"publish","type":"post","link":"https:\/\/vocesparalelas.com.ar\/sitio\/programa-de-junio-2023-escuchame-una-cosita-en-san-juan\/","title":{"rendered":"Programa de Junio 2023 \u00abEscuchame una Cosita\u00bb en San Juan"},"content":{"rendered":"<p>En Junio de 2023, en @escuchameunacositasj en @donatadeldesierto ofrece el cl\u00e1sico de los Domingos con m\u00fasica de autores acompa\u00f1ada de las mas exquisitas cervezas artesanales.<\/p>\n<p>Todos los Domingos, a las 20 hs.; con entrada Libre y Gratuita, en Av Libertador 3311 &#8211; O &#8211; Rivadavia.<\/p>\n<p><strong><span style=\"color: #ff6600;\">Programa de Junio de 2023<\/span><\/strong><\/p>\n<ul>\n<li>04 de Junio, Caty Garc\u00eda &amp; Nahuel Aciar<\/li>\n<li>11 de Junio, Clau Tierra &amp; Junior<\/li>\n<li>18 de Junio, Flower the human&amp; Ranking Solo<\/li>\n<li>25 de Junio, Kbsonia &amp;\u00a0 Languz<\/li>\n<\/ul>\n<p><strong><span style=\"color: #ff6600;\">Ficha T\u00e9cnica<\/span><\/strong><\/p>\n<ul>\n<li>@nahuelaciar @caty_garcia01<\/li>\n<li>@styloclauterra<\/li>\n<li>@junior_marotta<\/li>\n<li>@flowerthehuman<\/li>\n<li>@kbsonia<\/li>\n<li>@socidedadlanguz<\/li>\n<li>DG : @elhora &amp; @ceci_berra<\/li>\n<li>Curadur\u00eda y producci\u00f3n del ciclo: @fabricio_montilla<\/li>\n<\/ul>\n<p>&nbsp;<\/p>\n<p><img loading=\"lazy\" decoding=\"async\" class=\"alignnone size-full wp-image-59803\" src=\"https:\/\/vocesparalelas.com.ar\/sitio\/wp-content\/uploads\/2023\/06\/DONATA-01.jpg\" alt=\"\" width=\"800\" height=\"757\" srcset=\"https:\/\/vocesparalelas.com.ar\/sitio\/wp-content\/uploads\/2023\/06\/DONATA-01.jpg 800w, https:\/\/vocesparalelas.com.ar\/sitio\/wp-content\/uploads\/2023\/06\/DONATA-01-300x284.jpg 300w, https:\/\/vocesparalelas.com.ar\/sitio\/wp-content\/uploads\/2023\/06\/DONATA-01-768x727.jpg 768w\" sizes=\"auto, (max-width: 800px) 100vw, 800px\" \/><\/p>\n<p>&nbsp;<\/p>\n","protected":false},"excerpt":{"rendered":"<p>En Junio de 2023, en @escuchameunacositasj en @donatadeldesierto ofrece el cl\u00e1sico de los Domingos con m\u00fasica de autores acompa\u00f1ada de<\/p>\n","protected":false},"author":3,"featured_media":57782,"comment_status":"closed","ping_status":"closed","sticky":false,"template":"","format":"standard","meta":{"_acf_changed":false,"_seopress_robots_primary_cat":"none","_seopress_titles_title":"","_seopress_titles_desc":"","_seopress_robots_index":"","colormag_page_container_layout":"default_layout","colormag_page_sidebar_layout":"default_layout","footnotes":""},"categories":[20],"tags":[],"class_list":["post-59796","post","type-post","status-publish","format-standard","has-post-thumbnail","hentry","category-cartelera"],"acf":[],"_links":{"self":[{"href":"https:\/\/vocesparalelas.com.ar\/sitio\/wp-json\/wp\/v2\/posts\/59796","targetHints":{"allow":["GET"]}}],"collection":[{"href":"https:\/\/vocesparalelas.com.ar\/sitio\/wp-json\/wp\/v2\/posts"}],"about":[{"href":"https:\/\/vocesparalelas.com.ar\/sitio\/wp-json\/wp\/v2\/types\/post"}],"author":[{"embeddable":true,"href":"https:\/\/vocesparalelas.com.ar\/sitio\/wp-json\/wp\/v2\/users\/3"}],"replies":[{"embeddable":true,"href":"https:\/\/vocesparalelas.com.ar\/sitio\/wp-json\/wp\/v2\/comments?post=59796"}],"version-history":[{"count":2,"href":"https:\/\/vocesparalelas.com.ar\/sitio\/wp-json\/wp\/v2\/posts\/59796\/revisions"}],"predecessor-version":[{"id":59804,"href":"https:\/\/vocesparalelas.com.ar\/sitio\/wp-json\/wp\/v2\/posts\/59796\/revisions\/59804"}],"wp:featuredmedia":[{"embeddable":true,"href":"https:\/\/vocesparalelas.com.ar\/sitio\/wp-json\/wp\/v2\/media\/57782"}],"wp:attachment":[{"href":"https:\/\/vocesparalelas.com.ar\/sitio\/wp-json\/wp\/v2\/media?parent=59796"}],"wp:term":[{"taxonomy":"category","embeddable":true,"href":"https:\/\/vocesparalelas.com.ar\/sitio\/wp-json\/wp\/v2\/categories?post=59796"},{"taxonomy":"post_tag","embeddable":true,"href":"https:\/\/vocesparalelas.com.ar\/sitio\/wp-json\/wp\/v2\/tags?post=59796"}],"curies":[{"name":"wp","href":"https:\/\/api.w.org\/{rel}","templated":true}]}}