{"id":59792,"date":"2023-06-03T13:47:12","date_gmt":"2023-06-03T16:47:12","guid":{"rendered":"https:\/\/vocesparalelas.com.ar\/sitio\/?p=59792"},"modified":"2023-06-03T13:47:12","modified_gmt":"2023-06-03T16:47:12","slug":"comenzo-el-programa-recreo-activo-con-la-ola-morada-en-san-juan","status":"publish","type":"post","link":"https:\/\/vocesparalelas.com.ar\/sitio\/comenzo-el-programa-recreo-activo-con-la-ola-morada-en-san-juan\/","title":{"rendered":"Comenz\u00f3 el programa \u201cRecreo Activo\u201d con la \u201cOla Morada\u201d en San Juan"},"content":{"rendered":"<p>En Junio comenz\u00f3 la \u201cOla Morada\u201d, donde se aborda la discriminaci\u00f3n, los temas a tratar rondan entre g\u00e9nero y diversidad.<\/p>\n<p><strong><span style=\"color: #800080;\">El programa \u201cRecreo Activo\u201d tiene una gran lista de valores a tratar y se hace hincapi\u00e9 en:<\/span><\/strong><\/p>\n<ul>\n<li>La empat\u00eda conocida como aquella capacidad de comprender los sentimientos, pensamientos y la situaci\u00f3n por la que pasan otras personas y tambi\u00e9n acompa\u00f1ar.<\/li>\n<li>El respeto como aquella capacidad de aceptar la dignidad de un otro, de poder comprender la otredad.<\/li>\n<li>La integridad es la capacidad de poder tener coherencia entre los valores propios<\/li>\n<li>La tolerancia implica aceptar las opiniones y actitudes de otros, incluso si van en contra de los propios valores.<\/li>\n<\/ul>\n<p>La discriminaci\u00f3n es el trato diferenciado y desigual hacia una persona o un grupo en diversos \u00e1mbitos de la vida social en funci\u00f3n de una o varias categor\u00edas, sean estas reales, atribuidas o imaginarias, tales como la cultura, el g\u00e9nero, la edad o la clase social.<\/p>\n<p>Ninguna persona tiene derecho a ejercer discriminaci\u00f3n sobre otra, por lo tanto la ni\u00f1ez se debe disfrutar y ejercer su derecho a una protecci\u00f3n eficaz.<\/p>\n<p><strong><span style=\"color: #800080;\">Algunos de los efectos que puede causar en el infante y\/o adolescente pueden ser:<\/span><\/strong><\/p>\n<ul>\n<li>Retracci\u00f3n a la hora de participar de diferentes actividades<\/li>\n<li>Limita su acceso a servicios esenciales, lo que conlleva a problemas de salud f\u00edsica y psicol\u00f3gico, estado nutricional, etc.<\/li>\n<li>En la adolescencia \u2212tr\u00e1tese de acoso, agresi\u00f3n o negaci\u00f3n del acceso a los servicios\u2212 genera estr\u00e9s y puede derivar en otros problemas de salud, como fatiga, dolores de cabeza, ansiedad o depresi\u00f3n.<\/li>\n<li>Internalizar los estereotipos negativos se relaciona con resultados acad\u00e9micos deficientes y con diferencias en el rendimiento escolar.<\/li>\n<li>Provoca una imagen negativa y distorsionada de su persona<\/li>\n<\/ul>\n<p>Por otro lado, el g\u00e9nero o Identidad de G\u00e9nero se define como aquel sentimiento y conciencia interna que las personas tienen de quienes son, teniendo como influencia aspectos biol\u00f3gicos, influencia en desarrollo y del contexto. El reconocimiento y percepci\u00f3n de la identidad de g\u00e9nero en los ni\u00f1os y\/o adolescentes se desarrolla a lo largo del tiempo.<\/p>\n<p><strong><span style=\"color: #800080;\">Cronol\u00f3gicamente la identidad de g\u00e9nero suele desarrollarse en etapas:<\/span><\/strong><\/p>\n<ul>\n<li>Rondando los dos a\u00f1os: el ni\u00f1o puede tomar resonancia y conciencia de las diferencias f\u00edsicas entre el sexo femenino y masculino<\/li>\n<li>A mediados de la media mitad de los dos a\u00f1os: la mayor\u00eda de los infantes pueden identificarse como varones o nenas con mayor facilidad<\/li>\n<li>A los cuatro a\u00f1os: es posible que la gran parte de los chicos tengan un sentido de identidad de g\u00e9nero m\u00e1s bien establecida.<\/li>\n<li>Lo que queda de ni\u00f1ez: el infante va aprendiendo conductas del rol de g\u00e9nero, aquellas cosas que \u201chacen los varones\u201d y aquellas que \u201chacen las mujeres\u201d.<\/li>\n<li>En el ingreso a la pubertad: se comienza a explorar y a identificarse con las nuevas estructuras corporales y psicol\u00f3gicas que van a estar sujetas a modificaciones y cambios<\/li>\n<li>En la adolescencia: se estructura una identidad de g\u00e9nero m\u00e1s definida y clara, ya que puede identificarse y autopercibirse con m\u00e1s y mejor conciencia. Esta, sin embargo, puede estar sujeto a cambios y modificaciones.<\/li>\n<\/ul>\n<p><strong><span style=\"color: #800080;\">Algunas de las formas que los ni\u00f1os pueden expresar su identidad son:<\/span><\/strong><\/p>\n<ul>\n<li>Vestimenta o peinado<\/li>\n<li>Nombre o apodo preferidos<\/li>\n<li>Conducta social que refleje grados variados de agresividad, dominio, dependencia y delicadeza.<\/li>\n<li>Relaciones sociales, incluyendo el g\u00e9nero de sus\u00a0amigos\u00a0y personas a las que decide imitar.<\/li>\n<\/ul>\n<p>Debemos saber que el desarrollo del g\u00e9nero es un proceso normal en todos los infantes y\/o adolescentes. Todos ellos necesitan apoyo, amor y cuidado de su familia, la escuela y la sociedad, ya que esto ayudar\u00e1 y fomentar\u00e1 su crecimiento y los convertir\u00e1 en adultos m\u00e1s saludables, con una percepci\u00f3n positiva de s\u00ed mismos, posiblemente m\u00e1s felices y con una perspectiva de equidad m\u00e1s amplia.<\/p>\n<p>Los profesores y profesionales que componen el equipo de trabajo de Recreo Activo, identifican la \u201cdiscriminaci\u00f3n\u201d como uno de las problem\u00e1ticas que m\u00e1s inquietan a las comunidades educativas, pero sobre todo a los mismos estudiantes; iniciando y colaborando con un sin fin de necesidades derivadas de la misma; en donde los juegos y la diversi\u00f3n son las armas de esta gran ola, que nos ayudan a hacerle frente a esta pugna social.<\/p>\n<p>En Junio, toc\u00e1 la campana del recreo, y le decimos \u00a1basta! a la discriminaci\u00f3n. \u00bfTe sum\u00e1s a Recreo Activo en esta Revoluci\u00f3n?<\/p>\n<p>Si te interesa, o gustar\u00eda que dicho programa visit\u00e9 tu instituci\u00f3n, escrib\u00ed a\u00a0<span id=\"cloakc645b662d6c612af590ef0528cc5ed8e\"><a href=\"mailto:recreoactivo.sed.sj@gmail.com\">recreoactivo.sed.sj@gmail.com<\/a><\/span>, desde la Secretar\u00eda de Estado de Deportes del Gobierno de San Juan sigue apostando a la integraci\u00f3n y a la no discriminaci\u00f3n, con arduo trabajo de la Direcci\u00f3n de Pol\u00edticas Educativas e Inclusivas.<\/p>\n","protected":false},"excerpt":{"rendered":"<p>En Junio comenz\u00f3 la \u201cOla Morada\u201d, donde se aborda la discriminaci\u00f3n, los temas a tratar rondan entre g\u00e9nero y diversidad.<\/p>\n","protected":false},"author":3,"featured_media":50568,"comment_status":"closed","ping_status":"closed","sticky":false,"template":"","format":"standard","meta":{"_acf_changed":false,"_seopress_robots_primary_cat":"none","_seopress_titles_title":"","_seopress_titles_desc":"","_seopress_robots_index":"","colormag_page_container_layout":"default_layout","colormag_page_sidebar_layout":"default_layout","footnotes":""},"categories":[1],"tags":[],"class_list":["post-59792","post","type-post","status-publish","format-standard","has-post-thumbnail","hentry","category-destacadas"],"acf":[],"_links":{"self":[{"href":"https:\/\/vocesparalelas.com.ar\/sitio\/wp-json\/wp\/v2\/posts\/59792","targetHints":{"allow":["GET"]}}],"collection":[{"href":"https:\/\/vocesparalelas.com.ar\/sitio\/wp-json\/wp\/v2\/posts"}],"about":[{"href":"https:\/\/vocesparalelas.com.ar\/sitio\/wp-json\/wp\/v2\/types\/post"}],"author":[{"embeddable":true,"href":"https:\/\/vocesparalelas.com.ar\/sitio\/wp-json\/wp\/v2\/users\/3"}],"replies":[{"embeddable":true,"href":"https:\/\/vocesparalelas.com.ar\/sitio\/wp-json\/wp\/v2\/comments?post=59792"}],"version-history":[{"count":1,"href":"https:\/\/vocesparalelas.com.ar\/sitio\/wp-json\/wp\/v2\/posts\/59792\/revisions"}],"predecessor-version":[{"id":59795,"href":"https:\/\/vocesparalelas.com.ar\/sitio\/wp-json\/wp\/v2\/posts\/59792\/revisions\/59795"}],"wp:featuredmedia":[{"embeddable":true,"href":"https:\/\/vocesparalelas.com.ar\/sitio\/wp-json\/wp\/v2\/media\/50568"}],"wp:attachment":[{"href":"https:\/\/vocesparalelas.com.ar\/sitio\/wp-json\/wp\/v2\/media?parent=59792"}],"wp:term":[{"taxonomy":"category","embeddable":true,"href":"https:\/\/vocesparalelas.com.ar\/sitio\/wp-json\/wp\/v2\/categories?post=59792"},{"taxonomy":"post_tag","embeddable":true,"href":"https:\/\/vocesparalelas.com.ar\/sitio\/wp-json\/wp\/v2\/tags?post=59792"}],"curies":[{"name":"wp","href":"https:\/\/api.w.org\/{rel}","templated":true}]}}