{"id":59782,"date":"2023-06-02T23:06:21","date_gmt":"2023-06-03T02:06:21","guid":{"rendered":"https:\/\/vocesparalelas.com.ar\/sitio\/?p=59782"},"modified":"2023-06-03T12:33:39","modified_gmt":"2023-06-03T15:33:39","slug":"los-ciudadanos-emitan-su-voto-y-elijan-a-la-mejor-propuesta-de-gobierno-que-beneficie-a-san-juan","status":"publish","type":"post","link":"https:\/\/vocesparalelas.com.ar\/sitio\/los-ciudadanos-emitan-su-voto-y-elijan-a-la-mejor-propuesta-de-gobierno-que-beneficie-a-san-juan\/","title":{"rendered":"\u00abLos ciudadanos emitan su voto y elijan a la mejor propuesta de gobierno que beneficie a San Juan"},"content":{"rendered":"<p>Despu\u00e9s que la Corte suprema de Justicia de la Naci\u00f3n que confirm\u00f3 la inhabilitaci\u00f3n del Dr. Sergio U\u00f1ac como candidato nuevamente a Gobernador de San Juan Junto a la f\u00f3rmula de Vicegobernador del CPN Cristian Andino por la Subagrupaci\u00f3n \u00abVamos San Juan, del Frente Todos, donde se posterg\u00f3 las elecciones 2023 en esta categor\u00eda.<\/p>\n<p>Los ciudadanos de San Juan s\u00f3lo pudo elegir las categor\u00eda a intendentes de los 19 departamentos con sus concejales, diputados departamentales y proporcionales, el Domingo, 14 de Mayo, con la aplicaci\u00f3n de la Ley de Lema, donde los distintas propuestas pudieron definir\u00a0 los ganadores de ocupar los cargos de los propuestos.<\/p>\n<p>Por ello, el candidato a Gobernador por la Subagrupaci\u00f3n \u00abCambia San Juan\u00bb de Juntos por el Cambio y actual Diputado Nacional por San Juan, Dr. Marcelo Orrego, que acompa\u00f1\u00f3 a su candidato a vicegobernador, Dr. Fabi\u00e1n Mart\u00edn, hizo declaraciones a la prensa y respondi\u00f3 preguntas de los Periodistas San Juan.<\/p>\n<figure id=\"attachment_59780\" aria-describedby=\"caption-attachment-59780\" style=\"width: 800px\" class=\"wp-caption alignnone\"><img loading=\"lazy\" decoding=\"async\" class=\"size-full wp-image-59780\" src=\"https:\/\/vocesparalelas.com.ar\/sitio\/wp-content\/uploads\/2023\/06\/ORREGO-MARTIN-01.jpg\" alt=\"\" width=\"800\" height=\"440\" srcset=\"https:\/\/vocesparalelas.com.ar\/sitio\/wp-content\/uploads\/2023\/06\/ORREGO-MARTIN-01.jpg 800w, https:\/\/vocesparalelas.com.ar\/sitio\/wp-content\/uploads\/2023\/06\/ORREGO-MARTIN-01-300x165.jpg 300w, https:\/\/vocesparalelas.com.ar\/sitio\/wp-content\/uploads\/2023\/06\/ORREGO-MARTIN-01-768x422.jpg 768w\" sizes=\"auto, (max-width: 800px) 100vw, 800px\" \/><figcaption id=\"caption-attachment-59780\" class=\"wp-caption-text\">Cambia San Juan con la f\u00f3rmula a Gobernador, Dr. Marcelo Orrego y Vicegobernador, Dr. Fabi\u00e1n Mart\u00edn.<\/figcaption><\/figure>\n<p>&nbsp;<\/p>\n<p><iframe loading=\"lazy\" title=\"DR FABI\u00c1N MART\u00cdN\" width=\"800\" height=\"450\" src=\"https:\/\/www.youtube.com\/embed\/3t4SrJtOxDk?start=22&#038;feature=oembed\" frameborder=\"0\" allow=\"accelerometer; autoplay; clipboard-write; encrypted-media; gyroscope; picture-in-picture; web-share\" allowfullscreen><\/iframe><\/p>\n<p>Finalmente, sostuvo que debemos esperar al Domingo, 02 de Julio para que los ciudadanos emitan su voto y elijan a la mejor propuesta de gobierno que beneficie a San Juan.<\/p>\n<p><iframe loading=\"lazy\" title=\"CPN MARCELO ORREGO\" width=\"800\" height=\"450\" src=\"https:\/\/www.youtube.com\/embed\/XdB7DtBFxjI?feature=oembed\" frameborder=\"0\" allow=\"accelerometer; autoplay; clipboard-write; encrypted-media; gyroscope; picture-in-picture; web-share\" allowfullscreen><\/iframe><\/p>\n<p><img loading=\"lazy\" decoding=\"async\" class=\"alignnone size-large wp-image-1815\" src=\"https:\/\/vocesparalelas.com.ar\/sitio\/wp-content\/uploads\/2017\/06\/SAN-JUAN-CIUDAD-01-7-800x531.jpg\" alt=\"\" width=\"800\" height=\"531\" srcset=\"https:\/\/vocesparalelas.com.ar\/sitio\/wp-content\/uploads\/2017\/06\/SAN-JUAN-CIUDAD-01-7.jpg 800w, https:\/\/vocesparalelas.com.ar\/sitio\/wp-content\/uploads\/2017\/06\/SAN-JUAN-CIUDAD-01-7-300x199.jpg 300w, https:\/\/vocesparalelas.com.ar\/sitio\/wp-content\/uploads\/2017\/06\/SAN-JUAN-CIUDAD-01-7-768x510.jpg 768w\" sizes=\"auto, (max-width: 800px) 100vw, 800px\" \/><\/p>\n<p>&nbsp;<\/p>\n","protected":false},"excerpt":{"rendered":"<p>Despu\u00e9s que la Corte suprema de Justicia de la Naci\u00f3n que confirm\u00f3 la inhabilitaci\u00f3n del Dr. Sergio U\u00f1ac como candidato<\/p>\n","protected":false},"author":3,"featured_media":59779,"comment_status":"closed","ping_status":"closed","sticky":false,"template":"","format":"standard","meta":{"_acf_changed":false,"_seopress_robots_primary_cat":"none","_seopress_titles_title":"","_seopress_titles_desc":"","_seopress_robots_index":"","colormag_page_container_layout":"default_layout","colormag_page_sidebar_layout":"default_layout","footnotes":""},"categories":[1,7],"tags":[],"class_list":["post-59782","post","type-post","status-publish","format-standard","has-post-thumbnail","hentry","category-destacadas","category-videos"],"acf":[],"_links":{"self":[{"href":"https:\/\/vocesparalelas.com.ar\/sitio\/wp-json\/wp\/v2\/posts\/59782","targetHints":{"allow":["GET"]}}],"collection":[{"href":"https:\/\/vocesparalelas.com.ar\/sitio\/wp-json\/wp\/v2\/posts"}],"about":[{"href":"https:\/\/vocesparalelas.com.ar\/sitio\/wp-json\/wp\/v2\/types\/post"}],"author":[{"embeddable":true,"href":"https:\/\/vocesparalelas.com.ar\/sitio\/wp-json\/wp\/v2\/users\/3"}],"replies":[{"embeddable":true,"href":"https:\/\/vocesparalelas.com.ar\/sitio\/wp-json\/wp\/v2\/comments?post=59782"}],"version-history":[{"count":2,"href":"https:\/\/vocesparalelas.com.ar\/sitio\/wp-json\/wp\/v2\/posts\/59782\/revisions"}],"predecessor-version":[{"id":59786,"href":"https:\/\/vocesparalelas.com.ar\/sitio\/wp-json\/wp\/v2\/posts\/59782\/revisions\/59786"}],"wp:featuredmedia":[{"embeddable":true,"href":"https:\/\/vocesparalelas.com.ar\/sitio\/wp-json\/wp\/v2\/media\/59779"}],"wp:attachment":[{"href":"https:\/\/vocesparalelas.com.ar\/sitio\/wp-json\/wp\/v2\/media?parent=59782"}],"wp:term":[{"taxonomy":"category","embeddable":true,"href":"https:\/\/vocesparalelas.com.ar\/sitio\/wp-json\/wp\/v2\/categories?post=59782"},{"taxonomy":"post_tag","embeddable":true,"href":"https:\/\/vocesparalelas.com.ar\/sitio\/wp-json\/wp\/v2\/tags?post=59782"}],"curies":[{"name":"wp","href":"https:\/\/api.w.org\/{rel}","templated":true}]}}