{"id":59752,"date":"2023-06-01T19:13:41","date_gmt":"2023-06-01T22:13:41","guid":{"rendered":"https:\/\/vocesparalelas.com.ar\/sitio\/?p=59752"},"modified":"2023-06-02T00:17:09","modified_gmt":"2023-06-02T03:17:09","slug":"agenda-cultural-de-san-juan-6","status":"publish","type":"post","link":"https:\/\/vocesparalelas.com.ar\/sitio\/agenda-cultural-de-san-juan-6\/","title":{"rendered":"Agenda Cultural de San Juan"},"content":{"rendered":"<div class=\"itemFullText\">\n<p>El Ministerio de Turismo y Cultura del Gobierno de San Juan informa una serie de actividades que se desarrollan durante el primer fin de semana del mes, las cuales est\u00e1n orientadas para todo p\u00fablico.<\/p>\n<p><span style=\"color: #339966;\"><b>Gordillo amigo (de lo ajeno) &#8211; StandUp<\/b><\/span><\/p>\n<p>Miguel Mart\u00edn llega a San Juan presentando \u201cGordillo amigo (de lo ajeno)\u201d. Luego del suceso vivido en 2022 en Mar del Plata, el Oficial Gordillo llega al Teatro Sarmiento con un espect\u00e1culo totalmente renovado. Un show lleno de humor para toda la familia donde el oficial contar\u00e1 con m\u00faltiples operativos y mostrar\u00e1 la nueva \u201ctenolog\u00eda polesiaca\u201d, que ser\u00e1 testeada \u00a1en vivo y en directo!<\/p>\n<p><span style=\"color: #339966;\"><b>Viernes, 2 de Junio\/ 20 y 22 horas \/ ATP<\/b><\/span><\/p>\n<ul>\n<li><b>Entradas:\u00a0<\/b>agotadas para ambas funciones<\/li>\n<li>M\u00e1s informaci\u00f3n v\u00eda Instagram (<a href=\"https:\/\/www.instagram.com\/teatrosarmiento\/\">@teatrosarmiento<\/a>)<\/li>\n<\/ul>\n<p><span style=\"color: #339966;\"><b>Orquesta Sinf\u00f3nica de San Juan<\/b><\/span><\/p>\n<p>En el Auditorio Juan Victoria, la Orquesta Sinf\u00f3nica de San Juan, correspondiente a la Facultad de Filosof\u00eda, Humanidades y Artes de la Universidad Nacional de San Juan, presenta el Concierto de Cuerdas, un show protagonizado por alumnos del Departamento de M\u00fasica. Los solistas en escena ser\u00e1n Abril Nicole Oro Hidalgo y Rodrigo Salvador Gim\u00e9nez Ros\u00e9s. Adem\u00e1s, estar\u00e1 dirigido por M\u00b0 C\u00e9sar Iv\u00e1n Lara y M\u00b0 Indira Gonz\u00e1lez.<\/p>\n<p><span style=\"color: #339966;\"><b>Viernes, 2 de Junio\/ 21:30 \/ ATP<\/b><\/span><\/p>\n<ul>\n<li><b>Entrada:<\/b>\u00a0libre y gratuita<\/li>\n<\/ul>\n<p><span style=\"color: #339966;\"><b>Muestra Residencia Coreogr\u00e1fica<\/b><\/span><\/p>\n<p>Este fin de semana llega al Teatro del Bicentenario la Muestra Residencia Coreogr\u00e1fica de danza contempor\u00e1nea. La actividad ser\u00e1 abierta a todo p\u00fablico y se desarrollar\u00e1 en el Hall del teatro. Estar\u00e1 a cargo de Gabriel Contreras.<\/p>\n<p><span style=\"color: #339966;\"><b>S\u00e1bado, 3 de Junio\/ 16:30 \/ ATP<\/b><\/span><\/p>\n<ul>\n<li><b>Entrada:\u00a0<\/b>libre y gratuita<\/li>\n<\/ul>\n<p><span style=\"color: #339966;\"><b>Feria de Arte y Dise\u00f1o &#8211; Locas por la Feria<\/b><\/span><\/p>\n<p>Este fin de semana llegar\u00e1 a los jardines del Auditorio Juan Victoria (calle 25 de Mayo Oeste 1215, Capital) la 22\u00b0 Edici\u00f3n de Locas por la Feria, una exposici\u00f3n de arte y dise\u00f1o en la que m\u00e1s de 80 destacados artesanos exhibir\u00e1n sus trabajos, realizados con una amplia gama de t\u00e9cnicas y materiales tales como cuero, madera, telar, tejido, marroquiner\u00eda y accesorios.<\/p>\n<p><span style=\"color: #339966;\"><b>S\u00e1bado, 3 y Domingo, 4 de Junio \/ de 11:00 a 18:00 \/ ATP<\/b><\/span><\/p>\n<ul>\n<li><b>Entrada:<\/b>\u00a0libre y gratuita<\/li>\n<\/ul>\n<p><span style=\"color: #339966;\"><b>Dr\u00e1cula &#8211; Obra musical<\/b><\/span><\/p>\n<p>Un hito y leyenda del teatro musical argentino llega al Teatro Sarmiento ya palpitando su despedida final. Es uno de los musicales argentinos m\u00e1s importantes en la historia esc\u00e9nica nacional, el cual fue escrito y dirigido por la dupla conformada por Pepe Cibri\u00e1n y \u00c1ngel Mahler y producido por Tito Lectoure.<\/p>\n<p>Su estreno fue en 1991 en el Estadio Luna Park, donde tambi\u00e9n realiz\u00f3 cinco temporadas, dos en el Teatro \u00d3pera de Buenos Aires y dos en el Teatro Astral.<\/p>\n<p>En esta versi\u00f3n, gran parte del elenco original estar\u00e1 protagonizado por Juan Rod\u00f3, Cecilia Milone, entre otros. M\u00e1s de tres millones y medio de personas han visto el musical, no s\u00f3lo en Argentina, sino tambi\u00e9n en Brasil, Chile y Espa\u00f1a.<\/p>\n<p><span style=\"color: #339966;\"><b>Domingo, 4 de Junio \/ 21:00 \/ ATP<\/b><\/span><\/p>\n<ul>\n<li><b>Platea Baja A &#8211; Fila 01 a 10:\u00a0<\/b>$7500<\/li>\n<li><b>Platea Baja B &#8211; Fila 11 a 20:\u00a0<\/b>$6500<\/li>\n<li><b>Pullman:\u00a0<\/b>$5500<\/li>\n<li>Entradas a trav\u00e9s de\u00a0<a href=\"http:\/\/www.entradaweb.com.ar\/\">www.entradaweb.com.ar<\/a>\u00a0y por boleter\u00edas del teatro<\/li>\n<li>M\u00e1s informaci\u00f3n v\u00eda Instagram (<a href=\"https:\/\/www.instagram.com\/teatrosarmiento\/\">@teatrosarmiento<\/a>)<\/li>\n<\/ul>\n<\/div>\n<div class=\"clr\"><\/div>\n<div class=\"itemContentFooter\"><\/div>\n","protected":false},"excerpt":{"rendered":"<p>El Ministerio de Turismo y Cultura del Gobierno de San Juan informa una serie de actividades que se desarrollan durante<\/p>\n","protected":false},"author":3,"featured_media":2997,"comment_status":"closed","ping_status":"closed","sticky":false,"template":"","format":"standard","meta":{"_acf_changed":false,"_seopress_robots_primary_cat":"none","_seopress_titles_title":"","_seopress_titles_desc":"","_seopress_robots_index":"","colormag_page_container_layout":"default_layout","colormag_page_sidebar_layout":"default_layout","footnotes":""},"categories":[20],"tags":[],"class_list":["post-59752","post","type-post","status-publish","format-standard","has-post-thumbnail","hentry","category-cartelera"],"acf":[],"_links":{"self":[{"href":"https:\/\/vocesparalelas.com.ar\/sitio\/wp-json\/wp\/v2\/posts\/59752","targetHints":{"allow":["GET"]}}],"collection":[{"href":"https:\/\/vocesparalelas.com.ar\/sitio\/wp-json\/wp\/v2\/posts"}],"about":[{"href":"https:\/\/vocesparalelas.com.ar\/sitio\/wp-json\/wp\/v2\/types\/post"}],"author":[{"embeddable":true,"href":"https:\/\/vocesparalelas.com.ar\/sitio\/wp-json\/wp\/v2\/users\/3"}],"replies":[{"embeddable":true,"href":"https:\/\/vocesparalelas.com.ar\/sitio\/wp-json\/wp\/v2\/comments?post=59752"}],"version-history":[{"count":1,"href":"https:\/\/vocesparalelas.com.ar\/sitio\/wp-json\/wp\/v2\/posts\/59752\/revisions"}],"predecessor-version":[{"id":59755,"href":"https:\/\/vocesparalelas.com.ar\/sitio\/wp-json\/wp\/v2\/posts\/59752\/revisions\/59755"}],"wp:featuredmedia":[{"embeddable":true,"href":"https:\/\/vocesparalelas.com.ar\/sitio\/wp-json\/wp\/v2\/media\/2997"}],"wp:attachment":[{"href":"https:\/\/vocesparalelas.com.ar\/sitio\/wp-json\/wp\/v2\/media?parent=59752"}],"wp:term":[{"taxonomy":"category","embeddable":true,"href":"https:\/\/vocesparalelas.com.ar\/sitio\/wp-json\/wp\/v2\/categories?post=59752"},{"taxonomy":"post_tag","embeddable":true,"href":"https:\/\/vocesparalelas.com.ar\/sitio\/wp-json\/wp\/v2\/tags?post=59752"}],"curies":[{"name":"wp","href":"https:\/\/api.w.org\/{rel}","templated":true}]}}