{"id":59706,"date":"2023-06-01T18:42:21","date_gmt":"2023-06-01T21:42:21","guid":{"rendered":"https:\/\/vocesparalelas.com.ar\/sitio\/?p=59706"},"modified":"2023-06-01T18:42:21","modified_gmt":"2023-06-01T21:42:21","slug":"cuatro-nombres-posibles-quienes-reemplazara-al-dr-sergio-unac-como-candidato-a-gobernador-en-san-juan","status":"publish","type":"post","link":"https:\/\/vocesparalelas.com.ar\/sitio\/cuatro-nombres-posibles-quienes-reemplazara-al-dr-sergio-unac-como-candidato-a-gobernador-en-san-juan\/","title":{"rendered":"Cuatro nombres posibles quienes reemplazar\u00e1 al Dr. Sergio U\u00f1ac como candidato a Gobernador en San Juan"},"content":{"rendered":"<p class=\"paragraph\" data-mrf-recirculation=\"Links inline\">El 9 de mayo, cuando estaba en un acto de campa\u00f1a a 48 horas de que empiece la veda electoral, el gobernador de San Juan, Dr. Sergio U\u00f1ac, se enter\u00f3 de que la\u00a0Corte Suprema de la Naci\u00f3n\u00a0hab\u00eda resuelto suspender las elecciones para gobernador y vicegobernador de la provincia. Ese mismo d\u00eda entendi\u00f3 que su proyecci\u00f3n de reelecci\u00f3n se hab\u00eda terminado.<\/p>\n<p class=\"paragraph\" data-mrf-recirculation=\"Links inline\">\u201cLa pi\u00f1a que doli\u00f3 fue la del 9 de mayo porque sab\u00edamos que esto que resolvi\u00f3 la Corte hoy iba a pasar\u201d, reflexion\u00f3, con cierta resignaci\u00f3n, un importante funcionario del gobierno sanjuanino. U\u00f1ac y su c\u00edrculo pol\u00edtico ten\u00edan en claro que la decisi\u00f3n del m\u00e1ximo tribunal iba a ser contraria a sus deseos. Solo faltaba saber cu\u00e1l era el d\u00eda en que lo comunicar\u00edan.<\/p>\n<p class=\"paragraph\" data-mrf-recirculation=\"Links inline\">Enojado y fastidioso por los tiempos en los que la Corte emiti\u00f3 la medida cautelar y suspendi\u00f3 las elecciones &#8211; cuatro d\u00edas antes del d\u00eda de los comicios &#8211; U\u00f1ac fue digiriendo, con el pasar de los d\u00edas, la implosi\u00f3n de su plan de reelecci\u00f3n. Entendi\u00f3 que los jueces ya hab\u00edan tomado una decisi\u00f3n m\u00e1s all\u00e1 de la respuesta que le correspond\u00eda enviar sobre la medida cautelar. Para \u00e9l al cuesti\u00f3n estaba resuelta.<\/p>\n<p class=\"paragraph\" data-mrf-recirculation=\"Links inline\">Esa molestia se acrecent\u00f3 cuando su\u00a0fuerza provincial logr\u00f3 un importante triunfo\u00a0en el resto de los cargos legislativos y distritales que se votaron el 14 de mayo. El \u00fanico rev\u00e9s fue haber perdido la capital provincial. Sin embargo, el resultado en todo el territorio expuso, con los votos arriba de la mesa, que si ese domingo hubiese competido, probablemente se hubiera convertido nuevamente en gobernador.<\/p>\n<p class=\"paragraph\" data-mrf-recirculation=\"Links inline\">Todo ese enojo fue plasmado en la carta que U\u00f1ac public\u00f3 ayer por la tarde en sus redes sociales. All\u00ed le pidi\u00f3 a la Corte Suprema que se expida con rapidez sobre su situaci\u00f3n y les dej\u00f3 un mensaje contundente: \u201cPueden evitar que se elija democr\u00e1ticamente a un candidato, pero no podr\u00e1n destruir un proyecto pol\u00edtico elegido y ratificado por los sanjuaninos y sanjuaninas el \u00faltimo 14 de mayo\u201d.<\/p>\n<p class=\"paragraph\" data-mrf-recirculation=\"Links inline\">A partir de ahora los tiempos empiezan a correr con m\u00e1s rapidez en lo que respecta a la nueva fecha de la elecci\u00f3n. El Tribunal Electoral de San Juan recibir\u00e1 durante este jueves &#8211; m\u00e1s tardar el viernes a la ma\u00f1ana &#8211; la notificaci\u00f3n de la Corte Suprema sobre la resoluci\u00f3n tomada respecto a la candidatura de Sergio U\u00f1ac.<\/p>\n<p class=\"paragraph\" data-mrf-recirculation=\"Links inline\">Una vez que eso suceda,\u00a0el Tribunal debe notificar a la agrupaci\u00f3n \u201cUnidos por San Juan\u201d, liderada por el actual mandatario, que tiene cuatro d\u00edas corridos para designar a un nuevo candidato a gobernador.\u00a0As\u00ed lo establece el C\u00f3digo Electoral de la provincia.<\/p>\n<p class=\"paragraph\" data-mrf-recirculation=\"Links inline\">Seg\u00fan pudo reconstruir\u00a0Infobae, los jueces del tribunal se reunir\u00e1n en las pr\u00f3ximas horas y entre ma\u00f1ana y el s\u00e1bado notificar\u00e1n al frente pol\u00edtico del oficialismo. Es decir que antes del mi\u00e9rcoles de la pr\u00f3xima semana U\u00f1ac debe decidir qui\u00e9n lo reemplazar\u00e1 en la candidatura.<\/p>\n<p class=\"paragraph\" data-mrf-recirculation=\"Links inline\">En paralelo, deben definir la fecha oficial de las elecciones. En esa decisi\u00f3n entran a jugar los tiempos de la log\u00edstica, la designaci\u00f3n de fiscales, el traslado de las urnas y el margen de tiempo para que los otros frentes pol\u00edticos puedan impugnar candidaturas.\u00a0\u201cSer\u00eda dif\u00edcil que la elecci\u00f3n sea en menos de quince d\u00edas\u201d, indic\u00f3 un funcionario provincial al tanto de los tiempos de la justicia electoral.<\/p>\n<p class=\"header d23-headline-class-h3\"><span style=\"color: #339966;\"><strong>La danza de nombres sanjuanina<\/strong><\/span><\/p>\n<p class=\"header d23-headline-class-h3\">\u201cLa decisi\u00f3n la va a concentrar y la va a tomar Sergio\u201d, advirtieron en la gobernaci\u00f3n de San Juan. El mandatario tiene el poder de decisi\u00f3n en su pu\u00f1o y ser\u00e1 quien resuelva su reemplazante. En la provincia la danza de nombres se activ\u00f3 el d\u00eda que la Corte Suprema suspendi\u00f3 los comicios. Al d\u00eda de hoy son cuatro los dirigentes apuntados con chances de quedarse con el primer lugar de la boleta.<\/p>\n<p class=\"paragraph\" data-mrf-recirculation=\"Links inline\">Uno de los nombres es el del senador nacional\u00a0Rub\u00e9n U\u00f1ac. El hermano del actual gobernador es un abogado, de perfil muy bajo, que ya estuvo en las dos c\u00e1maras del Congreso. Fue diputado nacional en dos per\u00edodos: 2005-2007 y 2011-2015, y forma parte de la C\u00e1mara alta desde el 2017, por lo que a fin de este a\u00f1o se le vence el mandato como senador.<\/p>\n<p class=\"paragraph\" data-mrf-recirculation=\"Links inline\">Rub\u00e9n U\u00f1ac fue, durante el per\u00edodo 2007-2011, vicegobernador de la provincia acompa\u00f1ando a Jos\u00e9 Luis Gioja, quien en estas elecciones, despu\u00e9s de tres mandatos al frente del Poder Ejecutivo local, decidi\u00f3 volver a competir por la gobernaci\u00f3n en una interna con Sergio U\u00f1ac, con quien est\u00e1 enfrentado y distanciado.<\/p>\n<figure id=\"attachment_29221\" aria-describedby=\"caption-attachment-29221\" style=\"width: 800px\" class=\"wp-caption alignnone\"><img loading=\"lazy\" decoding=\"async\" class=\"size-full wp-image-29221\" src=\"https:\/\/vocesparalelas.com.ar\/sitio\/wp-content\/uploads\/2020\/06\/SENADO-U\u00d1AC-03.jpg\" alt=\"\" width=\"800\" height=\"492\" srcset=\"https:\/\/vocesparalelas.com.ar\/sitio\/wp-content\/uploads\/2020\/06\/SENADO-U\u00d1AC-03.jpg 800w, https:\/\/vocesparalelas.com.ar\/sitio\/wp-content\/uploads\/2020\/06\/SENADO-U\u00d1AC-03-300x185.jpg 300w, https:\/\/vocesparalelas.com.ar\/sitio\/wp-content\/uploads\/2020\/06\/SENADO-U\u00d1AC-03-768x472.jpg 768w\" sizes=\"auto, (max-width: 800px) 100vw, 800px\" \/><figcaption id=\"caption-attachment-29221\" class=\"wp-caption-text\">Senador por San Juan, Dr. Rub\u00e9n U\u00f1ac<\/figcaption><\/figure>\n<p class=\"paragraph\" data-mrf-recirculation=\"Links inline\">El hermano del Gobernador aparece como una opci\u00f3n no solo por su recorrido pol\u00edtico, sino porque su apellido es una marca con buenas chances de ganar.\u00a0En la gobernaci\u00f3n asumen que el apellido U\u00f1ac en las boletas es un atractivo para el votante peronista, que acompa\u00f1\u00f3 el proyecto del oficialismo en las elecciones del 14 de mayo.<\/p>\n<p class=\"paragraph\" data-mrf-recirculation=\"Links inline\">Otra nombre que surge como opci\u00f3n es el del\u00a0Cristian Andino, el actual compa\u00f1ero de f\u00f3rmula de Sergio U\u00f1ac. Hasta el momento el lugar que ocupa en la boleta es el de candidato a vicegobernador, pero podr\u00eda subir un escal\u00f3n y transformarse en el hombre respaldado por el Gobernador. El\u00a0intendente de San Mart\u00edn\u00a0cuenta con chances de transformarse en la cara visible del proyecto u\u00f1aquista.<\/p>\n<figure id=\"attachment_59039\" aria-describedby=\"caption-attachment-59039\" style=\"width: 800px\" class=\"wp-caption alignnone\"><img loading=\"lazy\" decoding=\"async\" class=\"size-full wp-image-59039\" src=\"https:\/\/vocesparalelas.com.ar\/sitio\/wp-content\/uploads\/2023\/05\/ANDINO-ELECCIONES-01.jpg\" alt=\"\" width=\"800\" height=\"472\" srcset=\"https:\/\/vocesparalelas.com.ar\/sitio\/wp-content\/uploads\/2023\/05\/ANDINO-ELECCIONES-01.jpg 800w, https:\/\/vocesparalelas.com.ar\/sitio\/wp-content\/uploads\/2023\/05\/ANDINO-ELECCIONES-01-300x177.jpg 300w, https:\/\/vocesparalelas.com.ar\/sitio\/wp-content\/uploads\/2023\/05\/ANDINO-ELECCIONES-01-768x453.jpg 768w\" sizes=\"auto, (max-width: 800px) 100vw, 800px\" \/><figcaption id=\"caption-attachment-59039\" class=\"wp-caption-text\">CPN Cristian Andino<\/figcaption><\/figure>\n<p class=\"paragraph\" data-mrf-recirculation=\"Links inline\">El tercer nombre que aparece en la danza de candidatos es el del actual vicegobernador,\u00a0Roberto Gattoni. De extrema confianza de U\u00f1ac y fuente de consulta permanente para el mandatario, es parte del listado virtual por su estrecho v\u00ednculo con la familia U\u00f1ac, ya que tambi\u00e9n trabaj\u00f3 con el ex intendente de Pocitos Joaqu\u00edn U\u00f1ac, padre del gobernador.<\/p>\n<p class=\"paragraph\" data-mrf-recirculation=\"Links inline\">Con menos chances, otro de los nombrados en el circuito provincial es el diputado nacional\u00a0Walberto Allende. Ex intendente de 9 de Julio, el actual legislador fue funcionario provincial durante los gobiernos de U\u00f1ac y Gioja. Tiene una larga trayectoria en la pol\u00edtica sanjuanina. Es un dirigente que responde directamente al Gobernador.<\/p>\n<figure id=\"attachment_15878\" aria-describedby=\"caption-attachment-15878\" style=\"width: 800px\" class=\"wp-caption alignnone\"><img loading=\"lazy\" decoding=\"async\" class=\"size-large wp-image-15878\" src=\"https:\/\/vocesparalelas.com.ar\/sitio\/wp-content\/uploads\/2018\/10\/DIPUTADO-NACIONAL-WALBERTO-ALLENDE-800x534.jpg\" alt=\"\" width=\"800\" height=\"534\" srcset=\"https:\/\/vocesparalelas.com.ar\/sitio\/wp-content\/uploads\/2018\/10\/DIPUTADO-NACIONAL-WALBERTO-ALLENDE-800x534.jpg 800w, https:\/\/vocesparalelas.com.ar\/sitio\/wp-content\/uploads\/2018\/10\/DIPUTADO-NACIONAL-WALBERTO-ALLENDE-300x200.jpg 300w, https:\/\/vocesparalelas.com.ar\/sitio\/wp-content\/uploads\/2018\/10\/DIPUTADO-NACIONAL-WALBERTO-ALLENDE-768x512.jpg 768w, https:\/\/vocesparalelas.com.ar\/sitio\/wp-content\/uploads\/2018\/10\/DIPUTADO-NACIONAL-WALBERTO-ALLENDE.jpg 1000w\" sizes=\"auto, (max-width: 800px) 100vw, 800px\" \/><figcaption id=\"caption-attachment-15878\" class=\"wp-caption-text\">Diputado Nacional por San Juan, Walberto Allende<\/figcaption><\/figure>\n<p class=\"paragraph\" data-mrf-recirculation=\"Links inline\">U\u00f1ac medita por estas horas qui\u00e9n es el mejor reemplazante. No tiene demasiado margen de acci\u00f3n. En paralelo,\u00a0Jos\u00e9 Luis Gioja\u00a0mantiene su candidatura en el sublema que engloba a todo el peronismo. El oficialismo sanjuanino empez\u00f3 a reordenar sus piezas despu\u00e9s de un nuevo mazazo de la Corte Suprema.<\/p>\n<p data-mrf-recirculation=\"Links inline\">Fuente: Infobae<\/p>\n","protected":false},"excerpt":{"rendered":"<p>El 9 de mayo, cuando estaba en un acto de campa\u00f1a a 48 horas de que empiece la veda electoral,<\/p>\n","protected":false},"author":3,"featured_media":49941,"comment_status":"closed","ping_status":"closed","sticky":false,"template":"","format":"standard","meta":{"_acf_changed":false,"_seopress_robots_primary_cat":"none","_seopress_titles_title":"","_seopress_titles_desc":"","_seopress_robots_index":"","colormag_page_container_layout":"default_layout","colormag_page_sidebar_layout":"default_layout","footnotes":""},"categories":[1],"tags":[],"class_list":["post-59706","post","type-post","status-publish","format-standard","has-post-thumbnail","hentry","category-destacadas"],"acf":[],"_links":{"self":[{"href":"https:\/\/vocesparalelas.com.ar\/sitio\/wp-json\/wp\/v2\/posts\/59706","targetHints":{"allow":["GET"]}}],"collection":[{"href":"https:\/\/vocesparalelas.com.ar\/sitio\/wp-json\/wp\/v2\/posts"}],"about":[{"href":"https:\/\/vocesparalelas.com.ar\/sitio\/wp-json\/wp\/v2\/types\/post"}],"author":[{"embeddable":true,"href":"https:\/\/vocesparalelas.com.ar\/sitio\/wp-json\/wp\/v2\/users\/3"}],"replies":[{"embeddable":true,"href":"https:\/\/vocesparalelas.com.ar\/sitio\/wp-json\/wp\/v2\/comments?post=59706"}],"version-history":[{"count":1,"href":"https:\/\/vocesparalelas.com.ar\/sitio\/wp-json\/wp\/v2\/posts\/59706\/revisions"}],"predecessor-version":[{"id":59709,"href":"https:\/\/vocesparalelas.com.ar\/sitio\/wp-json\/wp\/v2\/posts\/59706\/revisions\/59709"}],"wp:featuredmedia":[{"embeddable":true,"href":"https:\/\/vocesparalelas.com.ar\/sitio\/wp-json\/wp\/v2\/media\/49941"}],"wp:attachment":[{"href":"https:\/\/vocesparalelas.com.ar\/sitio\/wp-json\/wp\/v2\/media?parent=59706"}],"wp:term":[{"taxonomy":"category","embeddable":true,"href":"https:\/\/vocesparalelas.com.ar\/sitio\/wp-json\/wp\/v2\/categories?post=59706"},{"taxonomy":"post_tag","embeddable":true,"href":"https:\/\/vocesparalelas.com.ar\/sitio\/wp-json\/wp\/v2\/tags?post=59706"}],"curies":[{"name":"wp","href":"https:\/\/api.w.org\/{rel}","templated":true}]}}