{"id":59678,"date":"2023-05-31T14:16:36","date_gmt":"2023-05-31T17:16:36","guid":{"rendered":"https:\/\/vocesparalelas.com.ar\/sitio\/?p=59678"},"modified":"2023-06-01T22:55:45","modified_gmt":"2023-06-02T01:55:45","slug":"mas-donantes-salvan-vidas-en-san-juan","status":"publish","type":"post","link":"https:\/\/vocesparalelas.com.ar\/sitio\/mas-donantes-salvan-vidas-en-san-juan\/","title":{"rendered":"\u00abM\u00e1s donantes salvan vidas\u00bb en San Juan"},"content":{"rendered":"<p>Mucho inter\u00e9s y un gran movimiento de particulares, profesionales y medios de comunicaci\u00f3n se concentraron en el coraz\u00f3n del \u00e1rea Peatonal de la Capital para recordar con actividades el D\u00eda Nacional del Donante de \u00d3rganos y Tejidos.<\/p>\n<p>El coordinador jurisdiccional del Instituto de Ablaci\u00f3n e Implantes de San Juan &#8211; INAISA -, Dr. Fernando Sarmiento, cont\u00f3 que 50 sanjuaninos se registraron hoy como donantes y firmaron el Acta de Expresi\u00f3n de Voluntad de Donaci\u00f3n.<\/p>\n<p>Hasta el momento, en lo que va del a\u00f1o se han realizado 39 trasplantes a pacientes sanjuaninos. Hubo 11 donantes de \u00f3rganos y tejidos. Seg\u00fan cont\u00f3 Sarmiento, 38 pacientes de San Juan, de un total de 80, recibieron donaciones de c\u00f3rneas gracias a la decisi\u00f3n de las familias que apoyaron este mecanismo.<\/p>\n<p>\u201cEsto es fant\u00e1stico, porque gracias a estos trasplantes y donaciones mucha gente recupera su calidad de vida, por ello hay que reconocer la predisposici\u00f3n de las familias en donar. Y tambi\u00e9n hay que tener en cuenta que este mecanismo de la ablaci\u00f3n es el \u00fanico tratamiento m\u00e9dico que depende de la solidaridad de las personas. Sin esta solidaridad, no ser\u00eda posible hacer los trasplantes\u201d.<\/p>\n<p>El coordinador jurisdiccional de Inaisa acept\u00f3 que \u201ctodav\u00eda sigue habiendo algunos mitos y miedos, pero cada vez menos con respecto a los a\u00f1os anteriores. Venimos de una \u00e9poca muy dura sobre rumores de tr\u00e1fico, o que el hospital no hac\u00eda nada por la donaci\u00f3n de \u00f3rganos. Con el transcurso de a\u00f1os, la situaci\u00f3n ha ido cambiando para bien\u201d, dijo.<\/p>\n<p>En cuanto a la modalidad, la complejidad, el recurso humano, las leyes que tenemos vigentes que han llegado para bien, Sarmiento resalt\u00f3 que en este tiempo no ha habido ninguna denuncia, ning\u00fan acto incorrecto. \u201cHay que decir que el Incucai trabaja de manera excelente con todos los hospitales, todas las cl\u00ednicas, hay un aparato armado que funciona muy bien\u201d.<\/p>\n<p>En lo que respecta a San Juan, el Ministerio de Salud P\u00fablica del Gobierno de San Juan viene ampliando la labor en beneficio de la donaci\u00f3n de \u00f3rganos permanentemente. Desde el Inaisa se busca derribar algunos mitos que, como mitos, son imaginarios y pocos reales.<\/p>\n<p>Hay otro dato importante para entender la donaci\u00f3n de \u00f3rganos. El doctor Sarmiento explic\u00f3 que \u201cde cada mil fallecidos, cuatro personas re\u00fanen las caracter\u00edsticas de poder ser donante. O sea, tiene que reunir ciertos atributos, pacientes sin contraindicaciones, haber estado en terapia intensiva, asistido por maquinarias, por ejemplo. Todos estas condiciones hacen que se descarten muchos fallecidos\u201d.<\/p>\n<p>Cada 30 de mayo se busca revalorizar a la donaci\u00f3n de \u00f3rganos. Es un hecho trascendente y muy solidario optar por esta mec\u00e1nica para ayudar a otros. En los \u00faltimos a\u00f1os la situaci\u00f3n ha ido mejorando y son muchas personas que demuestran su decisi\u00f3n de firmar el consentimiento.<\/p>\n<p>Se apunta a dejar un mensaje claro y directo. Es verdad que arriba los \u00f3rganos no se usan, por eso hay que dejarlos en la tierra para darle la posibilidad de vida a quien no la tiene.<\/p>\n<p><img loading=\"lazy\" decoding=\"async\" class=\"alignnone size-full wp-image-59682\" src=\"https:\/\/vocesparalelas.com.ar\/sitio\/wp-content\/uploads\/2023\/05\/DONAR-VIDA-02.jpg\" alt=\"\" width=\"800\" height=\"530\" srcset=\"https:\/\/vocesparalelas.com.ar\/sitio\/wp-content\/uploads\/2023\/05\/DONAR-VIDA-02.jpg 800w, https:\/\/vocesparalelas.com.ar\/sitio\/wp-content\/uploads\/2023\/05\/DONAR-VIDA-02-300x199.jpg 300w, https:\/\/vocesparalelas.com.ar\/sitio\/wp-content\/uploads\/2023\/05\/DONAR-VIDA-02-768x509.jpg 768w\" sizes=\"auto, (max-width: 800px) 100vw, 800px\" \/><\/p>\n<p>&nbsp;<\/p>\n<p>&nbsp;<\/p>\n","protected":false},"excerpt":{"rendered":"<p>Mucho inter\u00e9s y un gran movimiento de particulares, profesionales y medios de comunicaci\u00f3n se concentraron en el coraz\u00f3n del \u00e1rea<\/p>\n","protected":false},"author":3,"featured_media":59681,"comment_status":"closed","ping_status":"closed","sticky":false,"template":"","format":"standard","meta":{"_acf_changed":false,"_seopress_robots_primary_cat":"none","_seopress_titles_title":"","_seopress_titles_desc":"","_seopress_robots_index":"","colormag_page_container_layout":"default_layout","colormag_page_sidebar_layout":"default_layout","footnotes":""},"categories":[2],"tags":[],"class_list":["post-59678","post","type-post","status-publish","format-standard","has-post-thumbnail","hentry","category-convocatorias"],"acf":[],"_links":{"self":[{"href":"https:\/\/vocesparalelas.com.ar\/sitio\/wp-json\/wp\/v2\/posts\/59678","targetHints":{"allow":["GET"]}}],"collection":[{"href":"https:\/\/vocesparalelas.com.ar\/sitio\/wp-json\/wp\/v2\/posts"}],"about":[{"href":"https:\/\/vocesparalelas.com.ar\/sitio\/wp-json\/wp\/v2\/types\/post"}],"author":[{"embeddable":true,"href":"https:\/\/vocesparalelas.com.ar\/sitio\/wp-json\/wp\/v2\/users\/3"}],"replies":[{"embeddable":true,"href":"https:\/\/vocesparalelas.com.ar\/sitio\/wp-json\/wp\/v2\/comments?post=59678"}],"version-history":[{"count":1,"href":"https:\/\/vocesparalelas.com.ar\/sitio\/wp-json\/wp\/v2\/posts\/59678\/revisions"}],"predecessor-version":[{"id":59683,"href":"https:\/\/vocesparalelas.com.ar\/sitio\/wp-json\/wp\/v2\/posts\/59678\/revisions\/59683"}],"wp:featuredmedia":[{"embeddable":true,"href":"https:\/\/vocesparalelas.com.ar\/sitio\/wp-json\/wp\/v2\/media\/59681"}],"wp:attachment":[{"href":"https:\/\/vocesparalelas.com.ar\/sitio\/wp-json\/wp\/v2\/media?parent=59678"}],"wp:term":[{"taxonomy":"category","embeddable":true,"href":"https:\/\/vocesparalelas.com.ar\/sitio\/wp-json\/wp\/v2\/categories?post=59678"},{"taxonomy":"post_tag","embeddable":true,"href":"https:\/\/vocesparalelas.com.ar\/sitio\/wp-json\/wp\/v2\/tags?post=59678"}],"curies":[{"name":"wp","href":"https:\/\/api.w.org\/{rel}","templated":true}]}}