{"id":59674,"date":"2023-05-31T11:43:07","date_gmt":"2023-05-31T14:43:07","guid":{"rendered":"https:\/\/vocesparalelas.com.ar\/sitio\/?p=59674"},"modified":"2023-06-01T22:54:44","modified_gmt":"2023-06-02T01:54:44","slug":"sumate-al-dia-mundial-sin-tabaco-cuyo-consumo-es-la-principal-epidemia-prevenible-en-san-juan","status":"publish","type":"post","link":"https:\/\/vocesparalelas.com.ar\/sitio\/sumate-al-dia-mundial-sin-tabaco-cuyo-consumo-es-la-principal-epidemia-prevenible-en-san-juan\/","title":{"rendered":"Sumate al D\u00eda Mundial sin Tabaco cuyo consumo es la principal epidemia prevenible en San Juan"},"content":{"rendered":"<p>El Ministerio de Salud P\u00fablica del Gobierno de San Juan, a trav\u00e9s del Programa Provincial de Control de Tabaco, promueve la aplicaci\u00f3n de pol\u00edticas p\u00fablicas eficaces para reducir el consumo de tabaco, a la vez que trabaja junto a las personas que desean dejar de fumar.<\/p>\n<p>El recordatorio de esta fecha tiene como objetivo informar al p\u00fablico acerca de los peligros que supone el consumo de tabaco, las pr\u00e1cticas comerciales de las empresas tabacaleras, las actividades de la OMS para luchar contra la epidemia de tabaquismo, y lo que las personas de todo el mundo pueden hacer para reivindicar su derecho a la salud y a una vida sana, y proteger a las futuras generaciones.<\/p>\n<p>La Asamblea Mundial de la Salud instituy\u00f3 el D\u00eda Mundial sin Tabaco en 1987 para llamar la atenci\u00f3n mundial hacia la epidemia de tabaquismo y sus efectos letales. La celebraci\u00f3n de este d\u00eda es una oportunidad para destacar mensajes concretos relacionados con el control del tabaco y fomentar la observancia del Convenio Marco de la Organizaci\u00f3n Mundial de la Salud (OMS) para el Control del Tabaco. El consumo de tabaco es la principal epidemia prevenible a la que se enfrenta la comunidad sanitaria.<\/p>\n<p>El Programa Provincial de Control de Tabaco, cuyo referente es Dr. Mart\u00edn Fullana, dependiente de la Direcci\u00f3n de Programas, a cargo de la Lic. Teresa Laciar, ofrece un tratamiento gratuito y seguimiento del paciente, ya que la consulta con un profesional de la salud mejora ampliamente la probabilidad de dejar de fumar.<\/p>\n<p>En el territorio provincial existen 19 Centros de Atenci\u00f3n Primaria de la Salud (CAPS) que trabajan con Consultorios de Tabaquismo, integrados por profesionales especializados en el tema.<\/p>\n<p><strong><span style=\"color: #ff0000;\">Los CAPS donde se puede consultar<\/span><\/strong><\/p>\n<p><strong><span style=\"color: #ff0000;\">Departamento Capital<\/span><\/strong><\/p>\n<ul>\n<li>C.S Dr. Alfonso Barassi, de Lunes a Viernes, de 8:00 a 12:00hs.<\/li>\n<li>C.S. Las Margaritas, de Lunes a Viernes, de 8:00 a 13:00 y 14:00 a 17:00 hs.<\/li>\n<\/ul>\n<p><span style=\"color: #ff0000;\"><strong>Departamento Santa Luc\u00eda<\/strong><\/span><\/p>\n<ul>\n<li>C.S. Dr. Horacio Grillo, de Lunes a Viernes, de 08:00 a 12:00 hs.<\/li>\n<\/ul>\n<p><span style=\"color: #ff0000;\"><strong>Departamento Chimbas<\/strong><\/span><\/p>\n<ul>\n<li>C.S. Villa Observatorio, de Lunes a Viernes, de 08:00 a 12:00 hs.<\/li>\n<\/ul>\n<p><span style=\"color: #ff0000;\"><strong>Departamento 9 de Julio<\/strong><\/span><\/p>\n<ul>\n<li>C.S. Arturo de la Colina, de Lunes a Viernes, de 08:00 a 13:00 y de 14:00 a 17:00 hs.<\/li>\n<\/ul>\n<p><span style=\"color: #ff0000;\"><strong>Departamento 25 de Mayo<\/strong><\/span><\/p>\n<ul>\n<li>Hospital Santa Rosa, de Lunes a Viernes, de 08:00 a 13:00 hs.<\/li>\n<\/ul>\n<p><span style=\"color: #ff0000;\"><strong>Departamento San Mart\u00edn<\/strong><\/span><\/p>\n<ul>\n<li>C.S. Arnoldo Jassen, de Lunes a Viernes, de 08:00 a 12:00 hs.<\/li>\n<\/ul>\n<p><span style=\"color: #ff0000;\"><strong>Departamento Angaco<\/strong><\/span><\/p>\n<ul>\n<li>Hospital Dr. Rizzo Esparza, de Lunes, Mi\u00e9rcoles y Viernes, de 08:00 a 12:00hs.<\/li>\n<\/ul>\n<p><span style=\"color: #ff0000;\"><strong>Departamento Albard\u00f3n<\/strong><\/span><\/p>\n<ul>\n<li>CIC La Laja, de Lunes a Viernes, de 08:00 a 12:00 hs.<\/li>\n<li>C.S. Campo Afuera, de Lunes a Viernes, de 08:00 a 12:00 hs.<\/li>\n<li>C.S. Las Lomitas, de Lunes a Viernes, de 08:00 a 12:00 hs.<\/li>\n<\/ul>\n<p><span style=\"color: #ff0000;\"><strong>Departamento Iglesia<\/strong><\/span><\/p>\n<ul>\n<li>Las Flores C.S. Dr. Juan Carbajal, de Lunes a Viernes, de 08:00 a 13:00 hs.<\/li>\n<\/ul>\n<p><span style=\"color: #ff0000;\"><strong>Departamento Rivadavia<\/strong><\/span><\/p>\n<ul>\n<li>C.S. B\u00b0 Parque Rivadavia Norte, de Lunes a Viernes, de 08:00 a 12:00 hs.<\/li>\n<li>C.S. B\u00b0 Aramburu, de Lunes a Viernes, de 08:00 a 12:00 hs.<\/li>\n<\/ul>\n<p><span style=\"color: #ff0000;\"><strong>Departamento Pocito<\/strong><\/span><\/p>\n<ul>\n<li>Hospital. Dr. Federico Cantoni, de Lunes a Viernes, de\u00a0 14:00 a 17:00 hs.<\/li>\n<\/ul>\n<p><span style=\"color: #ff0000;\"><strong>Departamento Rawson<\/strong><\/span><\/p>\n<ul>\n<li>Centro de Adiestramiento Ren\u00e9 Favaloro, de Lunes a Viernes, de 14:30 a 18:30 hs.<\/li>\n<li>C.S. B\u00b0 Valle Grande, de Lunes a Viernes, de 08:00 a 12:00 y 14:00 a 17:00hs.<\/li>\n<li>C.S. Elio Cantoni, de Lunes a Viernes, de 08:00 a 12:00hs.<\/li>\n<li>C.S. R\u00edo Blanco, de Lunes a Viernes, de 14:00 a 17:00hs.<\/li>\n<\/ul>\n<p>&nbsp;<\/p>\n<p>&nbsp;<\/p>\n","protected":false},"excerpt":{"rendered":"<p>El Ministerio de Salud P\u00fablica del Gobierno de San Juan, a trav\u00e9s del Programa Provincial de Control de Tabaco, promueve<\/p>\n","protected":false},"author":3,"featured_media":13508,"comment_status":"closed","ping_status":"closed","sticky":false,"template":"","format":"standard","meta":{"_acf_changed":false,"_seopress_robots_primary_cat":"none","_seopress_titles_title":"","_seopress_titles_desc":"","_seopress_robots_index":"","colormag_page_container_layout":"default_layout","colormag_page_sidebar_layout":"default_layout","footnotes":""},"categories":[2],"tags":[],"class_list":["post-59674","post","type-post","status-publish","format-standard","has-post-thumbnail","hentry","category-convocatorias"],"acf":[],"_links":{"self":[{"href":"https:\/\/vocesparalelas.com.ar\/sitio\/wp-json\/wp\/v2\/posts\/59674","targetHints":{"allow":["GET"]}}],"collection":[{"href":"https:\/\/vocesparalelas.com.ar\/sitio\/wp-json\/wp\/v2\/posts"}],"about":[{"href":"https:\/\/vocesparalelas.com.ar\/sitio\/wp-json\/wp\/v2\/types\/post"}],"author":[{"embeddable":true,"href":"https:\/\/vocesparalelas.com.ar\/sitio\/wp-json\/wp\/v2\/users\/3"}],"replies":[{"embeddable":true,"href":"https:\/\/vocesparalelas.com.ar\/sitio\/wp-json\/wp\/v2\/comments?post=59674"}],"version-history":[{"count":1,"href":"https:\/\/vocesparalelas.com.ar\/sitio\/wp-json\/wp\/v2\/posts\/59674\/revisions"}],"predecessor-version":[{"id":59677,"href":"https:\/\/vocesparalelas.com.ar\/sitio\/wp-json\/wp\/v2\/posts\/59674\/revisions\/59677"}],"wp:featuredmedia":[{"embeddable":true,"href":"https:\/\/vocesparalelas.com.ar\/sitio\/wp-json\/wp\/v2\/media\/13508"}],"wp:attachment":[{"href":"https:\/\/vocesparalelas.com.ar\/sitio\/wp-json\/wp\/v2\/media?parent=59674"}],"wp:term":[{"taxonomy":"category","embeddable":true,"href":"https:\/\/vocesparalelas.com.ar\/sitio\/wp-json\/wp\/v2\/categories?post=59674"},{"taxonomy":"post_tag","embeddable":true,"href":"https:\/\/vocesparalelas.com.ar\/sitio\/wp-json\/wp\/v2\/tags?post=59674"}],"curies":[{"name":"wp","href":"https:\/\/api.w.org\/{rel}","templated":true}]}}