{"id":59647,"date":"2023-06-01T23:05:21","date_gmt":"2023-06-02T02:05:21","guid":{"rendered":"https:\/\/vocesparalelas.com.ar\/sitio\/?p=59647"},"modified":"2023-06-06T01:08:52","modified_gmt":"2023-06-06T04:08:52","slug":"feria-educativa-estudia-en-la-nacional-de-la-unsj","status":"publish","type":"post","link":"https:\/\/vocesparalelas.com.ar\/sitio\/feria-educativa-estudia-en-la-nacional-de-la-unsj\/","title":{"rendered":"Feria Educativa \u201cEstudi\u00e1 en La Nacional\u201d de la UNSJ"},"content":{"rendered":"<p>La Universidad Nacional de San Juan invita a participar este 15 y 16 de junio de la edici\u00f3n anual de la\u00a0Feria Educativa &#8211; FEDU -, evento que difunde la propuesta acad\u00e9mica.<\/p>\n<p>En el marco de los 50 a\u00f1os de la UNSJ y bajo la consigna \u201cEstudi\u00e1 en La Nacional\u201d, en la FEDU hay stands sobre todas las carreras de grado, informaci\u00f3n sobre becas para los ingresantes, muestras de la Direcci\u00f3n de Bienestar Universitario y de la Direcci\u00f3n de Cultura, entre otras actividades.<\/p>\n<p><img loading=\"lazy\" decoding=\"async\" class=\"alignnone size-full wp-image-53514\" src=\"https:\/\/vocesparalelas.com.ar\/sitio\/wp-content\/uploads\/2022\/10\/UNSJ-FERIA-EXITO-01.jpg\" alt=\"\" width=\"800\" height=\"533\" srcset=\"https:\/\/vocesparalelas.com.ar\/sitio\/wp-content\/uploads\/2022\/10\/UNSJ-FERIA-EXITO-01.jpg 800w, https:\/\/vocesparalelas.com.ar\/sitio\/wp-content\/uploads\/2022\/10\/UNSJ-FERIA-EXITO-01-300x200.jpg 300w, https:\/\/vocesparalelas.com.ar\/sitio\/wp-content\/uploads\/2022\/10\/UNSJ-FERIA-EXITO-01-768x512.jpg 768w\" sizes=\"auto, (max-width: 800px) 100vw, 800px\" \/><\/p>\n<p>Desde el 9 de Junio est\u00e1 habilitada la web de la Feria Educativa Virtual\u00a0<a href=\"https:\/\/feriaeducativa.unsj.edu.ar\/\">https:\/\/feriaeducativa.unsj.edu.ar\/ <\/a>y el evento presencial es el 15 y 16 de Junio, de\u00a010 a 18 hs, en el\u00a0Comedor Universitario del Complejo Universitario Islas Malvinas &#8211; CUIM -, en Av. Ignacio de la Roza 590 &#8211; O &#8211; Departamento Rivadavia, con entrada libre y gratuita.<\/p>\n<p>M\u00e1s informaci\u00f3n en las redes de la FEDU<\/p>\n<p><a href=\"https:\/\/www.instagram.com\/feriaeducativa.unsj\/\" target=\"_blank\" rel=\"noopener\">Instagram<\/a><\/p>\n<p><a href=\"https:\/\/www.facebook.com\/FeriaEducativa.Unsj\/\" target=\"_blank\" rel=\"noopener\">Facebook<\/a><\/p>\n<p>Por ello, Voces Paralelas entrevist\u00f3 a la Secretaria de Extensi\u00f3n de la UNSJ, Dra. Laura Garc\u00e9s, quien invit\u00f3 a los estudiantes de San Juan en forma presencial y otros estudiantes que viven fuera de la Provincia de San Juan para que se sumen a la Feria Educativa \u201cEstudi\u00e1 en La Nacional\u201d de la UNSJ en forma online\u00a0<a href=\"https:\/\/feriaeducativa.unsj.edu.ar\/\">https:\/\/feriaeducativa.unsj.edu.ar\/<\/a><\/p>\n<p>&nbsp;<\/p>\n<p><iframe loading=\"lazy\" title=\"UNSJ DRA LAURA GARCES\" width=\"800\" height=\"450\" src=\"https:\/\/www.youtube.com\/embed\/XLyY7tuvw6k?feature=oembed\" frameborder=\"0\" allow=\"accelerometer; autoplay; clipboard-write; encrypted-media; gyroscope; picture-in-picture; web-share\" allowfullscreen><\/iframe><\/p>\n<p><img loading=\"lazy\" decoding=\"async\" class=\"alignnone size-full wp-image-53945\" src=\"https:\/\/vocesparalelas.com.ar\/sitio\/wp-content\/uploads\/2022\/10\/UNSJ-LOGO-50-FINAL.jpg\" alt=\"\" width=\"800\" height=\"476\" srcset=\"https:\/\/vocesparalelas.com.ar\/sitio\/wp-content\/uploads\/2022\/10\/UNSJ-LOGO-50-FINAL.jpg 800w, https:\/\/vocesparalelas.com.ar\/sitio\/wp-content\/uploads\/2022\/10\/UNSJ-LOGO-50-FINAL-300x179.jpg 300w, https:\/\/vocesparalelas.com.ar\/sitio\/wp-content\/uploads\/2022\/10\/UNSJ-LOGO-50-FINAL-768x457.jpg 768w\" sizes=\"auto, (max-width: 800px) 100vw, 800px\" \/> <img loading=\"lazy\" decoding=\"async\" class=\"alignnone size-full wp-image-54035\" src=\"https:\/\/vocesparalelas.com.ar\/sitio\/wp-content\/uploads\/2022\/11\/UNSJ-LOGO-10.jpg\" alt=\"\" width=\"800\" height=\"533\" srcset=\"https:\/\/vocesparalelas.com.ar\/sitio\/wp-content\/uploads\/2022\/11\/UNSJ-LOGO-10.jpg 800w, https:\/\/vocesparalelas.com.ar\/sitio\/wp-content\/uploads\/2022\/11\/UNSJ-LOGO-10-300x200.jpg 300w, https:\/\/vocesparalelas.com.ar\/sitio\/wp-content\/uploads\/2022\/11\/UNSJ-LOGO-10-768x512.jpg 768w\" sizes=\"auto, (max-width: 800px) 100vw, 800px\" \/><\/p>\n","protected":false},"excerpt":{"rendered":"<p>La Universidad Nacional de San Juan invita a participar este 15 y 16 de junio de la edici\u00f3n anual de<\/p>\n","protected":false},"author":3,"featured_media":59719,"comment_status":"closed","ping_status":"closed","sticky":false,"template":"","format":"standard","meta":{"_acf_changed":false,"_seopress_robots_primary_cat":"none","_seopress_titles_title":"","_seopress_titles_desc":"","_seopress_robots_index":"","colormag_page_container_layout":"default_layout","colormag_page_sidebar_layout":"default_layout","footnotes":""},"categories":[5],"tags":[],"class_list":["post-59647","post","type-post","status-publish","format-standard","has-post-thumbnail","hentry","category-ofrecimientos"],"acf":[],"_links":{"self":[{"href":"https:\/\/vocesparalelas.com.ar\/sitio\/wp-json\/wp\/v2\/posts\/59647","targetHints":{"allow":["GET"]}}],"collection":[{"href":"https:\/\/vocesparalelas.com.ar\/sitio\/wp-json\/wp\/v2\/posts"}],"about":[{"href":"https:\/\/vocesparalelas.com.ar\/sitio\/wp-json\/wp\/v2\/types\/post"}],"author":[{"embeddable":true,"href":"https:\/\/vocesparalelas.com.ar\/sitio\/wp-json\/wp\/v2\/users\/3"}],"replies":[{"embeddable":true,"href":"https:\/\/vocesparalelas.com.ar\/sitio\/wp-json\/wp\/v2\/comments?post=59647"}],"version-history":[{"count":4,"href":"https:\/\/vocesparalelas.com.ar\/sitio\/wp-json\/wp\/v2\/posts\/59647\/revisions"}],"predecessor-version":[{"id":59720,"href":"https:\/\/vocesparalelas.com.ar\/sitio\/wp-json\/wp\/v2\/posts\/59647\/revisions\/59720"}],"wp:featuredmedia":[{"embeddable":true,"href":"https:\/\/vocesparalelas.com.ar\/sitio\/wp-json\/wp\/v2\/media\/59719"}],"wp:attachment":[{"href":"https:\/\/vocesparalelas.com.ar\/sitio\/wp-json\/wp\/v2\/media?parent=59647"}],"wp:term":[{"taxonomy":"category","embeddable":true,"href":"https:\/\/vocesparalelas.com.ar\/sitio\/wp-json\/wp\/v2\/categories?post=59647"},{"taxonomy":"post_tag","embeddable":true,"href":"https:\/\/vocesparalelas.com.ar\/sitio\/wp-json\/wp\/v2\/tags?post=59647"}],"curies":[{"name":"wp","href":"https:\/\/api.w.org\/{rel}","templated":true}]}}