{"id":59632,"date":"2023-05-30T19:28:49","date_gmt":"2023-05-30T22:28:49","guid":{"rendered":"https:\/\/vocesparalelas.com.ar\/sitio\/?p=59632"},"modified":"2023-05-31T23:35:21","modified_gmt":"2023-06-01T02:35:21","slug":"el-sol-de-la-tranquilidad-con-ignacio-agulles","status":"publish","type":"post","link":"https:\/\/vocesparalelas.com.ar\/sitio\/el-sol-de-la-tranquilidad-con-ignacio-agulles\/","title":{"rendered":"\u201cEl sol de la tranquilidad\u201d con Ignacio Agulles"},"content":{"rendered":"<p>La Sala Audit\u00f3rium del Teatro del Bicentenario trae \u201cEl sol de la tranquilidad\u201d, un espect\u00e1culo musical del artista Ignacio Agulles, propuesta que no solo cuenta con el habitual repertorio de su \u00e1lbum \u201cHabitar tu Cosmos\u201d, sino con canciones in\u00e9ditas, el 16 de Junio, a las 21 hs.<\/p>\n<p><iframe loading=\"lazy\" title=\"HABITAR TU COSMOS (En Vivo) \/ Ignacio Agulles \/ Una Vuelta al Cosmos\" width=\"800\" height=\"450\" src=\"https:\/\/www.youtube.com\/embed\/74r-48FOy38?feature=oembed\" frameborder=\"0\" allow=\"accelerometer; autoplay; clipboard-write; encrypted-media; gyroscope; picture-in-picture; web-share\" allowfullscreen><\/iframe><\/p>\n<p>El m\u00fasico de San Juan presenta una ambiciosa puesta con intervenciones art\u00edsticas, y sube a escena junto a Cristian Jorquera en direcci\u00f3n musical y pianos, Mat\u00edas Inostroza en bater\u00eda, Emi S\u00e1nchez y Edgar Pasten en guitarras, y Braian Flores en arm\u00f3nica, adem\u00e1s de invitados sorpresa, con escenograf\u00eda de Isabel Rostagno,<\/p>\n<p><strong><span style=\"color: #339966;\">Entradas<\/span><\/strong><\/p>\n<p>La entrada general es de $1400, se puede adquirir con descuentos exclusivos por Boleter\u00eda del TB, de Lunes a Viernes, de 9:30 a 14 hs, de 16 a 20 y los S\u00e1bados, de 10 a 13:30 hs.<\/p>\n<p>Tambi\u00e9n pueden obtenerse online<\/p>\n<p><a href=\"https:\/\/tbsj.tuentrada.com\/selection\/event\/date?productId=10228789550379\">https:\/\/tbsj.tuentrada.com\/selection\/event\/date?productId=10228789550379<\/a><\/p>\n<p><strong><span style=\"color: #339966;\">Sobre el espect\u00e1culo<\/span><\/strong><\/p>\n<p>Un mundo dist\u00f3pico se cae completamente a pedazos, a merced de la corrupci\u00f3n ejercida por la Compa\u00f1\u00eda Oscura.<\/p>\n<p>Durante un evento pol\u00edtico, una banda musical llamada \u00abEl Siglo Vencido\u00bb, se hizo pasar por partidarios de estos malignos; lejos de remarcar los ideales de los corruptos, desplegaron canciones revolucionarias. Canciones llenas de poder, protesta y algunas llenas de Luz. Provocaron la ca\u00edda del templo oscuro, y dieron paso al Sol de la Tranquilidad, donde los vencidos podr\u00edan refugiarse y resucitar.<\/p>\n<p>\u201cEl sol de la tranquilidad es aqu\u00e9l que nace cuando ya hemos tocado fondo\u2026cuando ya hemos respirado en esos rincones oscuros y estamos listos para subir a flote.\u201d<\/p>\n<p><span style=\"color: #339966;\"><strong>Beneficios exclusivos en boleter\u00eda del TB<\/strong><\/span><\/p>\n<p>El p\u00fablico puede acceder a los beneficios exclusivos para adquirir sus entradas por la boleter\u00eda del Teatro del Bicentenario.<\/p>\n<ul>\n<li>Ticket Ya propone un 20% de descuento en todas las funciones y ubicaci\u00f3n a elecci\u00f3n hasta 72 hs antes del evento, hasta dos tickets por persona.<\/li>\n<li>Ticket Joven ofrece un 50% de descuento para j\u00f3venes de hasta 24 a\u00f1os inclusive presentando DNI; en todas las funciones, con ubicaci\u00f3n a elecci\u00f3n.<\/li>\n<li>Ticket Jubilados cuenta<strong>\u00a0<\/strong>con el<strong>\u00a0<\/strong>20% de descuento a jubilados, quienes deber\u00e1n presentar DNI, recibo de haberes y\/o carnet PAMI, hasta 2 tickets por persona.<\/li>\n<\/ul>\n<figure id=\"attachment_32104\" aria-describedby=\"caption-attachment-32104\" style=\"width: 800px\" class=\"wp-caption alignnone\"><img loading=\"lazy\" decoding=\"async\" class=\"size-full wp-image-32104\" src=\"https:\/\/vocesparalelas.com.ar\/sitio\/wp-content\/uploads\/2020\/10\/TEATRO-DEL-BICENTENARIO.jpg\" alt=\"\" width=\"800\" height=\"475\" srcset=\"https:\/\/vocesparalelas.com.ar\/sitio\/wp-content\/uploads\/2020\/10\/TEATRO-DEL-BICENTENARIO.jpg 800w, https:\/\/vocesparalelas.com.ar\/sitio\/wp-content\/uploads\/2020\/10\/TEATRO-DEL-BICENTENARIO-300x178.jpg 300w, https:\/\/vocesparalelas.com.ar\/sitio\/wp-content\/uploads\/2020\/10\/TEATRO-DEL-BICENTENARIO-768x456.jpg 768w\" sizes=\"auto, (max-width: 800px) 100vw, 800px\" \/><figcaption id=\"caption-attachment-32104\" class=\"wp-caption-text\">Teatro del Bicentenario<\/figcaption><\/figure>\n","protected":false},"excerpt":{"rendered":"<p>La Sala Audit\u00f3rium del Teatro del Bicentenario trae \u201cEl sol de la tranquilidad\u201d, un espect\u00e1culo musical del artista Ignacio Agulles,<\/p>\n","protected":false},"author":3,"featured_media":59635,"comment_status":"closed","ping_status":"closed","sticky":false,"template":"","format":"standard","meta":{"_acf_changed":false,"_seopress_robots_primary_cat":"none","_seopress_titles_title":"","_seopress_titles_desc":"","_seopress_robots_index":"","colormag_page_container_layout":"default_layout","colormag_page_sidebar_layout":"default_layout","footnotes":""},"categories":[20,7],"tags":[],"class_list":["post-59632","post","type-post","status-publish","format-standard","has-post-thumbnail","hentry","category-cartelera","category-videos"],"acf":[],"_links":{"self":[{"href":"https:\/\/vocesparalelas.com.ar\/sitio\/wp-json\/wp\/v2\/posts\/59632","targetHints":{"allow":["GET"]}}],"collection":[{"href":"https:\/\/vocesparalelas.com.ar\/sitio\/wp-json\/wp\/v2\/posts"}],"about":[{"href":"https:\/\/vocesparalelas.com.ar\/sitio\/wp-json\/wp\/v2\/types\/post"}],"author":[{"embeddable":true,"href":"https:\/\/vocesparalelas.com.ar\/sitio\/wp-json\/wp\/v2\/users\/3"}],"replies":[{"embeddable":true,"href":"https:\/\/vocesparalelas.com.ar\/sitio\/wp-json\/wp\/v2\/comments?post=59632"}],"version-history":[{"count":1,"href":"https:\/\/vocesparalelas.com.ar\/sitio\/wp-json\/wp\/v2\/posts\/59632\/revisions"}],"predecessor-version":[{"id":59636,"href":"https:\/\/vocesparalelas.com.ar\/sitio\/wp-json\/wp\/v2\/posts\/59632\/revisions\/59636"}],"wp:featuredmedia":[{"embeddable":true,"href":"https:\/\/vocesparalelas.com.ar\/sitio\/wp-json\/wp\/v2\/media\/59635"}],"wp:attachment":[{"href":"https:\/\/vocesparalelas.com.ar\/sitio\/wp-json\/wp\/v2\/media?parent=59632"}],"wp:term":[{"taxonomy":"category","embeddable":true,"href":"https:\/\/vocesparalelas.com.ar\/sitio\/wp-json\/wp\/v2\/categories?post=59632"},{"taxonomy":"post_tag","embeddable":true,"href":"https:\/\/vocesparalelas.com.ar\/sitio\/wp-json\/wp\/v2\/tags?post=59632"}],"curies":[{"name":"wp","href":"https:\/\/api.w.org\/{rel}","templated":true}]}}