{"id":59624,"date":"2023-05-30T18:35:14","date_gmt":"2023-05-30T21:35:14","guid":{"rendered":"https:\/\/vocesparalelas.com.ar\/sitio\/?p=59624"},"modified":"2023-05-31T19:49:54","modified_gmt":"2023-05-31T22:49:54","slug":"sumate-a-la-feria-agroproductiva-y-aprovecha-los-productos-a-precios-accesibles-en-san-juan","status":"publish","type":"post","link":"https:\/\/vocesparalelas.com.ar\/sitio\/sumate-a-la-feria-agroproductiva-y-aprovecha-los-productos-a-precios-accesibles-en-san-juan\/","title":{"rendered":"Sumate a la Feria Agroproductiva y aprovecha los productos a precios accesibles en San Juan"},"content":{"rendered":"<p>El S\u00e1bado, 3 de Junio,\u00a0 de 9 a 14 hs.; en el Paseo de las Palmeras del Parque de Mayo, se desarrolla la Feria Agroproductiva, donde se tiene la oportunidad de adquirir frutas, verduras y hasta practicar yoga.<\/p>\n<p>Adem\u00e1s, los visitantes pueden adquirir productos de panificaci\u00f3n, plantas, frutas, verduras, productos org\u00e1nicos, huevos, delicatessen, aceites, conservas, entre otros.<\/p>\n<p>Como novedad, para esta jornada la Asociaci\u00f3n Civil Uni\u00f3n de Productores y Productoras de Bermejo est\u00e1n ofreciendo panificados realizados con harina de algarroba. Tambi\u00e9n, c\u00f3mo en todas las ediciones sorteos de productos de los feriantes, m\u00fasica y clases de yoga a cargo de la Asociaci\u00f3n Sanjuanina de Yoga en la Educaci\u00f3n.<\/p>\n<p>Cabe recordar que esta iniciativa surge del Ministerio de Producci\u00f3n y Desarrollo Econ\u00f3mico del Gobierno de San Juan, a trav\u00e9s de la Secretar\u00eda de Agricultura, Ganader\u00eda y Agroindustria en coordinaci\u00f3n con la Direcci\u00f3n de Desarrollo Agr\u00edcola.<\/p>\n<p><span style=\"color: #008000;\"><strong>Origen de la Feria Agroproductiva<\/strong><\/span><\/p>\n<p>Este evento naci\u00f3 hace 10 a\u00f1os como una actividad para celebrar el D\u00eda del Productor, que se conmemora en el mes de septiembre. Debido al gran \u00e9xito que tuvo esa primera edici\u00f3n, es que se decidi\u00f3 su continuidad con una fecha fija.<\/p>\n<p>Esto la convierte en una alternativa de inter\u00e9s no s\u00f3lo desde el punto de vista econ\u00f3mico para los productores, sino tambi\u00e9n genera la posibilidad para el consumidor de recibir productos de calidad.<\/p>\n","protected":false},"excerpt":{"rendered":"<p>El S\u00e1bado, 3 de Junio,\u00a0 de 9 a 14 hs.; en el Paseo de las Palmeras del Parque de Mayo,<\/p>\n","protected":false},"author":3,"featured_media":42211,"comment_status":"closed","ping_status":"closed","sticky":false,"template":"","format":"standard","meta":{"_acf_changed":false,"_seopress_robots_primary_cat":"none","_seopress_titles_title":"","_seopress_titles_desc":"","_seopress_robots_index":"","colormag_page_container_layout":"default_layout","colormag_page_sidebar_layout":"default_layout","footnotes":""},"categories":[6],"tags":[],"class_list":["post-59624","post","type-post","status-publish","format-standard","has-post-thumbnail","hentry","category-eventos"],"acf":[],"_links":{"self":[{"href":"https:\/\/vocesparalelas.com.ar\/sitio\/wp-json\/wp\/v2\/posts\/59624","targetHints":{"allow":["GET"]}}],"collection":[{"href":"https:\/\/vocesparalelas.com.ar\/sitio\/wp-json\/wp\/v2\/posts"}],"about":[{"href":"https:\/\/vocesparalelas.com.ar\/sitio\/wp-json\/wp\/v2\/types\/post"}],"author":[{"embeddable":true,"href":"https:\/\/vocesparalelas.com.ar\/sitio\/wp-json\/wp\/v2\/users\/3"}],"replies":[{"embeddable":true,"href":"https:\/\/vocesparalelas.com.ar\/sitio\/wp-json\/wp\/v2\/comments?post=59624"}],"version-history":[{"count":1,"href":"https:\/\/vocesparalelas.com.ar\/sitio\/wp-json\/wp\/v2\/posts\/59624\/revisions"}],"predecessor-version":[{"id":59627,"href":"https:\/\/vocesparalelas.com.ar\/sitio\/wp-json\/wp\/v2\/posts\/59624\/revisions\/59627"}],"wp:featuredmedia":[{"embeddable":true,"href":"https:\/\/vocesparalelas.com.ar\/sitio\/wp-json\/wp\/v2\/media\/42211"}],"wp:attachment":[{"href":"https:\/\/vocesparalelas.com.ar\/sitio\/wp-json\/wp\/v2\/media?parent=59624"}],"wp:term":[{"taxonomy":"category","embeddable":true,"href":"https:\/\/vocesparalelas.com.ar\/sitio\/wp-json\/wp\/v2\/categories?post=59624"},{"taxonomy":"post_tag","embeddable":true,"href":"https:\/\/vocesparalelas.com.ar\/sitio\/wp-json\/wp\/v2\/tags?post=59624"}],"curies":[{"name":"wp","href":"https:\/\/api.w.org\/{rel}","templated":true}]}}