{"id":59559,"date":"2023-05-29T14:35:28","date_gmt":"2023-05-29T17:35:28","guid":{"rendered":"https:\/\/vocesparalelas.com.ar\/sitio\/?p=59559"},"modified":"2023-05-29T14:38:07","modified_gmt":"2023-05-29T17:38:07","slug":"se-acreditan-los-haberes-mayo-2023-para-la-administracion-publica-de-san-juan","status":"publish","type":"post","link":"https:\/\/vocesparalelas.com.ar\/sitio\/se-acreditan-los-haberes-mayo-2023-para-la-administracion-publica-de-san-juan\/","title":{"rendered":"Se acreditan los haberes Mayo 2023 para la Administraci\u00f3n P\u00fablica de San Juan"},"content":{"rendered":"<p>Desde la Secretar\u00eda de Hacienda y Finanzas del Gobierno de San Juan anunciaron que el Jueves, 01 de Junio se acredita los haberes Mayo 2023 para la Administraci\u00f3n P\u00fablica.<\/p>\n<p>Tambi\u00e9n y seg\u00fan lo informado oportunamente, a partir de Mayo los contratos de colaboraci\u00f3n tienen un incremento del 30% en promedio.<\/p>\n<p>Asimismo, se recuerda que los cajeros autom\u00e1ticos funcionan las 24 horas, por lo que se sugiere mantener medidas de higiene y prevenci\u00f3n en la manipulaci\u00f3n de cajeros y dinero.<\/p>\n<p>Tambi\u00e9n, tener presente que est\u00e1n vigentes las extracciones con tarjeta de d\u00e9bito en los principales supermercados y estaciones de servicio de la provincia, entre otros comercios identificados con el logo de Visa &#8211; Extra cash.<\/p>\n","protected":false},"excerpt":{"rendered":"<p>Desde la Secretar\u00eda de Hacienda y Finanzas del Gobierno de San Juan anunciaron que el Jueves, 01 de Junio se<\/p>\n","protected":false},"author":3,"featured_media":5039,"comment_status":"closed","ping_status":"closed","sticky":false,"template":"","format":"standard","meta":{"_acf_changed":false,"_seopress_robots_primary_cat":"none","_seopress_titles_title":"","_seopress_titles_desc":"","_seopress_robots_index":"","colormag_page_container_layout":"default_layout","colormag_page_sidebar_layout":"default_layout","footnotes":""},"categories":[1],"tags":[],"class_list":["post-59559","post","type-post","status-publish","format-standard","has-post-thumbnail","hentry","category-destacadas"],"acf":[],"_links":{"self":[{"href":"https:\/\/vocesparalelas.com.ar\/sitio\/wp-json\/wp\/v2\/posts\/59559","targetHints":{"allow":["GET"]}}],"collection":[{"href":"https:\/\/vocesparalelas.com.ar\/sitio\/wp-json\/wp\/v2\/posts"}],"about":[{"href":"https:\/\/vocesparalelas.com.ar\/sitio\/wp-json\/wp\/v2\/types\/post"}],"author":[{"embeddable":true,"href":"https:\/\/vocesparalelas.com.ar\/sitio\/wp-json\/wp\/v2\/users\/3"}],"replies":[{"embeddable":true,"href":"https:\/\/vocesparalelas.com.ar\/sitio\/wp-json\/wp\/v2\/comments?post=59559"}],"version-history":[{"count":2,"href":"https:\/\/vocesparalelas.com.ar\/sitio\/wp-json\/wp\/v2\/posts\/59559\/revisions"}],"predecessor-version":[{"id":59563,"href":"https:\/\/vocesparalelas.com.ar\/sitio\/wp-json\/wp\/v2\/posts\/59559\/revisions\/59563"}],"wp:featuredmedia":[{"embeddable":true,"href":"https:\/\/vocesparalelas.com.ar\/sitio\/wp-json\/wp\/v2\/media\/5039"}],"wp:attachment":[{"href":"https:\/\/vocesparalelas.com.ar\/sitio\/wp-json\/wp\/v2\/media?parent=59559"}],"wp:term":[{"taxonomy":"category","embeddable":true,"href":"https:\/\/vocesparalelas.com.ar\/sitio\/wp-json\/wp\/v2\/categories?post=59559"},{"taxonomy":"post_tag","embeddable":true,"href":"https:\/\/vocesparalelas.com.ar\/sitio\/wp-json\/wp\/v2\/tags?post=59559"}],"curies":[{"name":"wp","href":"https:\/\/api.w.org\/{rel}","templated":true}]}}