{"id":59501,"date":"2023-05-25T16:23:25","date_gmt":"2023-05-25T19:23:25","guid":{"rendered":"https:\/\/vocesparalelas.com.ar\/sitio\/?p=59501"},"modified":"2023-05-25T18:23:37","modified_gmt":"2023-05-25T21:23:37","slug":"gala-patria-el-retorno-poesia-de-mi-tierra-en-san-juan","status":"publish","type":"post","link":"https:\/\/vocesparalelas.com.ar\/sitio\/gala-patria-el-retorno-poesia-de-mi-tierra-en-san-juan\/","title":{"rendered":"Gala Patria \u201cEl retorno, poes\u00eda de mi tierra\u201d en San Juan"},"content":{"rendered":"<p>El Gobierno de San Juan, a trav\u00e9s del Ministerio de Turismo y Cultura, celebr\u00f3 los 213 a\u00f1os de la Revoluci\u00f3n de Mayo con una nueva edici\u00f3n de la tradicional Gala Patria en el Teatro del Bicentenario.<\/p>\n<p>Asistieron a la gala el gobernador Dr. Sergio U\u00f1ac, acompa\u00f1ado por su esposa, Dra. Silvana Rodr\u00edguez; el vicegobernador CPN Roberto Gattoni y su esposa, Estela Aubone; el senador Dr. Rub\u00e9n U\u00f1ac y su esposa, Claudia Barcel\u00f3; la ministra de Turismo y Cultura, Lic. Claudia Grynszpan; el presidente de la Corte de Justicia de San Juan, Dr. Juan Jos\u00e9 Victoria y su esposa, Gabriela S\u00e1nchez; el presidente del Concejo Deliberante de Capital, Arq. Ariel Palma; la directora del Teatro del Bicentenario, Lic. Silvana Moreno y la diputada provincial Dra. Celina Ramella.<\/p>\n<p><img loading=\"lazy\" decoding=\"async\" class=\"alignnone size-full wp-image-59509\" src=\"https:\/\/vocesparalelas.com.ar\/sitio\/wp-content\/uploads\/2023\/05\/GALA-02.jpg\" alt=\"\" width=\"800\" height=\"482\" srcset=\"https:\/\/vocesparalelas.com.ar\/sitio\/wp-content\/uploads\/2023\/05\/GALA-02.jpg 800w, https:\/\/vocesparalelas.com.ar\/sitio\/wp-content\/uploads\/2023\/05\/GALA-02-300x181.jpg 300w, https:\/\/vocesparalelas.com.ar\/sitio\/wp-content\/uploads\/2023\/05\/GALA-02-768x463.jpg 768w\" sizes=\"auto, (max-width: 800px) 100vw, 800px\" \/><\/p>\n<p>Tambi\u00e9n, acompa\u00f1aron legisladores nacionales y provinciales, intendentes, autoridades de las fuerzas armadas y seguridad y p\u00fablico en general.<\/p>\n<p>Por primera vez visitaron el Teatro en una noche de gala sanjuaninos de Marayes, Bermejo y Difunta Correa, invitados por el gobernador Dr. Sergio U\u00f1ac.<\/p>\n<p>El espect\u00e1culo \u201cEl retorno, poes\u00eda de mi tierra\u201d cont\u00f3 con la actuaci\u00f3n de m\u00e1s de 50 artistas en escena y una producci\u00f3n audiovisual de la Asociaci\u00f3n de Sordos de San Juan junto a alumnos de la Escuela de Educaci\u00f3n Especial Biling\u00fce, en la que personas con discapacidad auditiva y miembros del equipo del TB interpretaron las estrofas del Himno Nacional en Lengua de Se\u00f1as Argentina, con m\u00fasica a cargo de un cuarteto de cuerdas local, con la interpretaci\u00f3n en piano a cargo de Lucio Flores y la voz de Melisa Quiroga.<\/p>\n<p>Al llegar al Teatro, el gobernador Dr. Sergio U\u00f1ac agradeci\u00f3 a los sanjuaninos que acompa\u00f1aron esta noche de gala del 25 de Mayo y reflexion\u00f3 al decir que \u00abdebemos seguir construyendo la patria. Los argentinos somos herederos de aquellos hombres que lucharon por sus ideales, que sortearon todas las dificultades para tomar el futuro en sus manos, porque una naci\u00f3n se construye con valores y con el esfuerzo de todos\u00bb.<\/p>\n<p>\u00abLo que tendremos que hacer es seguir mirando qu\u00e9 cosas nos faltan, consolidar lo construido, mirar las cosas que nos faltan por hacer y, obviamente, ir como sociedad, no solo como gobierno, a poder lograrlo\u00bb.<\/p>\n<p>Sobre la gala dijo que \u00abesta noche culminar\u00e1 con el himno, que es tan importante para todos, nuestro s\u00edmbolo patrio, nuestra bandera, nuestro himno, nuestra patria en s\u00ed misma, de alguna manera representada por quienes van a actuar esta noche\u00bb.<\/p>\n<p>Para finalizar, el primer mandatario provincial dijo que \u00abel desfile tradicional del 25 de Mayo se desarrollar\u00e1 en el interior de la provincia, en el departamento de Caucete, que tiene calles recuperadas y obras inauguradas, lo que nos permite poder festejar todo esto engalanando a la patria\u00bb.<\/p>\n<p><span style=\"color: #0000ff;\"><strong>Sobre el espect\u00e1culo<\/strong><\/span><\/p>\n<p>\u201cEl retorno, poes\u00eda de mi tierra\u201d cont\u00f3 con la direcci\u00f3n y composici\u00f3n de Federico Luna, de Alejandro Almarcha y Fernando Mu\u00f1oz, mientras que de la direcci\u00f3n musical se hizo cargo Tito Medina.<\/p>\n<p>En este contexto, el TB puso en valor el talento local con m\u00e1s de 50 artistas sanjuaninos en escena, entre bailarines, actores, m\u00fasicos y cantantes, ensamblados para desplegar el espect\u00e1culo en la sala principal.<\/p>\n<p>En tal sentido, los sanjuaninos apreciaron una obra que representa nuestro acervo cultural a trav\u00e9s de ritmos y danzas, legado de aquellos pueblos ancestrales que habitaron esta tierra y que se amalgamaron para dar origen a personajes, oficios y tradiciones, t\u00edpicos y simb\u00f3licos de la cultura sanjuanina.<\/p>\n<p>Sumado a lo descripto, las palabras de los escritores sanjuaninos Domingo F. Sarmiento, Ofelia Z\u00faccoli, Buenaventura Luna, Sa\u00fal Quiroga, Le\u00f3nidas Escudero, Ra\u00fal De La Torre y Carlos Escudero fueron las voces que describieron los paisajes y costumbres que dieron lugar a la identidad de un pueblo y sus individuos.<\/p>\n<p>Por otra parte, cabe destacar que el texto po\u00e9tico fue el medio con el cual se relat\u00f3 una traves\u00eda: el de la mujer y el hombre desde su origen, la construcci\u00f3n del pueblo, la alienaci\u00f3n y por \u00faltimo la necesidad espiritual de retornar a lo m\u00e1s profundo de la tierra y sus ra\u00edces.<\/p>\n<p><strong><span style=\"color: #0000ff;\">Un himno para todos<\/span><\/strong><\/p>\n<p><iframe loading=\"lazy\" title=\"Himno Nacional en Lengua de Se\u00f1as Argentina (LSA) - Teatro del Bicentenario San Juan\" width=\"800\" height=\"450\" src=\"https:\/\/www.youtube.com\/embed\/bGY7OINrMx8?feature=oembed\" frameborder=\"0\" allow=\"accelerometer; autoplay; clipboard-write; encrypted-media; gyroscope; picture-in-picture; web-share\" allowfullscreen><\/iframe><\/p>\n<p>En una de las fechas m\u00e1s importantes para los sanjuaninos, el Teatro del Bicentenario apunt\u00f3 a visibilizar la importancia de contar con pol\u00edticas que permitan el disfrute y el acceso de todas las personas al capital cultural e hist\u00f3rico de nuestra provincia.<\/p>\n<p>M\u00e1s de 25 personas, entre ellos integrantes de la Asociaci\u00f3n de Sordos San Juan junto a alumnos de la Escuela de Educaci\u00f3n Especial Biling\u00fce, realizaron un trabajo audiovisual con la interpretaci\u00f3n de las estrofas del Himno Nacional en Lengua de Se\u00f1as Argentina.<\/p>\n<p>En esta Gala, el Himno Nacional en Lengua de Se\u00f1as Argentina adquiri\u00f3 vida con todo el \u00edmpetu y esp\u00edritu patri\u00f3tico que emanaron de los se\u00f1antes, resaltando la letra de la Canci\u00f3n Patria, cuyo esp\u00edritu alude valores como libertad, identidad, igualdad y autonom\u00eda.<\/p>\n<p>Con el objetivo de socializar y difundir las estrofas de nuestro mayor emblema nacional en Lengua de Se\u00f1as Argentina (LSA), los sanjuaninos podr\u00e1n conocerlo y aprenderlo desde el canal de YouTube del Teatro del Bicentenario y en sus redes oficiales.<\/p>\n<p><img loading=\"lazy\" decoding=\"async\" class=\"alignnone size-full wp-image-59510\" src=\"https:\/\/vocesparalelas.com.ar\/sitio\/wp-content\/uploads\/2023\/05\/TB-PATRIO.jpg\" alt=\"\" width=\"800\" height=\"534\" srcset=\"https:\/\/vocesparalelas.com.ar\/sitio\/wp-content\/uploads\/2023\/05\/TB-PATRIO.jpg 800w, https:\/\/vocesparalelas.com.ar\/sitio\/wp-content\/uploads\/2023\/05\/TB-PATRIO-300x200.jpg 300w, https:\/\/vocesparalelas.com.ar\/sitio\/wp-content\/uploads\/2023\/05\/TB-PATRIO-768x513.jpg 768w\" sizes=\"auto, (max-width: 800px) 100vw, 800px\" \/><\/p>\n<p>&nbsp;<\/p>\n","protected":false},"excerpt":{"rendered":"<p>El Gobierno de San Juan, a trav\u00e9s del Ministerio de Turismo y Cultura, celebr\u00f3 los 213 a\u00f1os de la Revoluci\u00f3n<\/p>\n","protected":false},"author":3,"featured_media":59508,"comment_status":"closed","ping_status":"closed","sticky":false,"template":"","format":"standard","meta":{"_acf_changed":false,"_seopress_robots_primary_cat":"none","_seopress_titles_title":"","_seopress_titles_desc":"","_seopress_robots_index":"","colormag_page_container_layout":"default_layout","colormag_page_sidebar_layout":"default_layout","footnotes":""},"categories":[1,7],"tags":[],"class_list":["post-59501","post","type-post","status-publish","format-standard","has-post-thumbnail","hentry","category-destacadas","category-videos"],"acf":[],"_links":{"self":[{"href":"https:\/\/vocesparalelas.com.ar\/sitio\/wp-json\/wp\/v2\/posts\/59501","targetHints":{"allow":["GET"]}}],"collection":[{"href":"https:\/\/vocesparalelas.com.ar\/sitio\/wp-json\/wp\/v2\/posts"}],"about":[{"href":"https:\/\/vocesparalelas.com.ar\/sitio\/wp-json\/wp\/v2\/types\/post"}],"author":[{"embeddable":true,"href":"https:\/\/vocesparalelas.com.ar\/sitio\/wp-json\/wp\/v2\/users\/3"}],"replies":[{"embeddable":true,"href":"https:\/\/vocesparalelas.com.ar\/sitio\/wp-json\/wp\/v2\/comments?post=59501"}],"version-history":[{"count":1,"href":"https:\/\/vocesparalelas.com.ar\/sitio\/wp-json\/wp\/v2\/posts\/59501\/revisions"}],"predecessor-version":[{"id":59511,"href":"https:\/\/vocesparalelas.com.ar\/sitio\/wp-json\/wp\/v2\/posts\/59501\/revisions\/59511"}],"wp:featuredmedia":[{"embeddable":true,"href":"https:\/\/vocesparalelas.com.ar\/sitio\/wp-json\/wp\/v2\/media\/59508"}],"wp:attachment":[{"href":"https:\/\/vocesparalelas.com.ar\/sitio\/wp-json\/wp\/v2\/media?parent=59501"}],"wp:term":[{"taxonomy":"category","embeddable":true,"href":"https:\/\/vocesparalelas.com.ar\/sitio\/wp-json\/wp\/v2\/categories?post=59501"},{"taxonomy":"post_tag","embeddable":true,"href":"https:\/\/vocesparalelas.com.ar\/sitio\/wp-json\/wp\/v2\/tags?post=59501"}],"curies":[{"name":"wp","href":"https:\/\/api.w.org\/{rel}","templated":true}]}}