{"id":59475,"date":"2023-05-24T19:42:03","date_gmt":"2023-05-24T22:42:03","guid":{"rendered":"https:\/\/vocesparalelas.com.ar\/sitio\/?p=59475"},"modified":"2023-05-24T20:33:05","modified_gmt":"2023-05-24T23:33:05","slug":"educacion-sin-discriminacion-para-docentes-y-estudiantes-de-educacion-superior-de-san-juan","status":"publish","type":"post","link":"https:\/\/vocesparalelas.com.ar\/sitio\/educacion-sin-discriminacion-para-docentes-y-estudiantes-de-educacion-superior-de-san-juan\/","title":{"rendered":"\u201cEducaci\u00f3n sin discriminaci\u00f3n\u201d para docentes y estudiantes de Educaci\u00f3n Superior de San Juan"},"content":{"rendered":"<p>En el Auditorio Eloy Camus del Centro C\u00edvico, se firm\u00f3 un convenio de cooperaci\u00f3n y actualizaci\u00f3n para la comunidad educativa entre la ministra de Educaci\u00f3n del Gobierno de San Juan, Lic. Cecilia Trincado Moncho y la interventora del Instituto Nacional Contra la Discriminaci\u00f3n, la Xenofobia y el Racismo &#8211; INADI -, Dra. Greta Marisa Pena.<\/p>\n<p>Participaron del acto los directores de Educaci\u00f3n Superior, Lic. Carlos Canga y Especial, Prof. Gema Espinoza; el titular de INADI delegaci\u00f3n San Juan, Dr. Rodolfo Dom\u00ednguez; la supervisora Lic. Alejandra Sampaolesi, equipos t\u00e9cnicos, profesores y estudiantes de Nivel Superior.<\/p>\n<p>El prop\u00f3sito es concientizar sobre los distintos tipos de actos discriminatorios y la sensibilizaci\u00f3n de la comunidad en general, buscando establecer valores comunitarios y sociales contra los procesos de discriminaci\u00f3n en general y de xenofobia y racismo en particular, permitiendo as\u00ed contribuir a la seguridad ciudadana y la paz social.<\/p>\n<p>En primer t\u00e9rmino se dirigi\u00f3 a los presentes la interventora del INADI, Dra. Greta Pena, quien destac\u00f3 que es un organismo que desarrolla pol\u00edticas p\u00fablicas, como as\u00ed tambi\u00e9n un puente y un lazo con la sociedad civil, con las nuevas demandas y nuevos derechos.<\/p>\n<p><iframe loading=\"lazy\" title=\"Interventora de INADI, Greta Marisa Pena\" width=\"800\" height=\"450\" src=\"https:\/\/www.youtube.com\/embed\/H0KgDn6DF_4?feature=oembed\" frameborder=\"0\" allow=\"accelerometer; autoplay; clipboard-write; encrypted-media; gyroscope; picture-in-picture; web-share\" allowfullscreen><\/iframe><\/p>\n<p>A continuaci\u00f3n, la Ministra de Educaci\u00f3n, Lic. Cecilia Trincado Moncho, destac\u00f3 el compromiso y participaci\u00f3n de los asistentes y de las gestiones efectuadas por Educaci\u00f3n Superior para vincular al INADI y poder compartir herramientas y metodolog\u00edas en pos de la capacitaci\u00f3n de docentes y estudiantes de Nivel Superior.<\/p>\n<p><iframe loading=\"lazy\" title=\"Ministra de Educaci\u00f3n, Cecilia Trincado - Firma de convenio con INADI\" width=\"800\" height=\"450\" src=\"https:\/\/www.youtube.com\/embed\/SeKujT3zkts?feature=oembed\" frameborder=\"0\" allow=\"accelerometer; autoplay; clipboard-write; encrypted-media; gyroscope; picture-in-picture; web-share\" allowfullscreen><\/iframe><\/p>\n<p>Luego, comenz\u00f3 el Taller \u201cEducaci\u00f3n sin discriminaci\u00f3n: un compromiso de todos para un futuro mejor\u201d, a cargo del licenciado Carlos Cohan. Esta es la primera jornada de un ciclo de capacitaciones que se desarrollar\u00e1n durante este 2023.<\/p>\n<figure id=\"attachment_59478\" aria-describedby=\"caption-attachment-59478\" style=\"width: 800px\" class=\"wp-caption alignnone\"><img loading=\"lazy\" decoding=\"async\" class=\"size-full wp-image-59478\" src=\"https:\/\/vocesparalelas.com.ar\/sitio\/wp-content\/uploads\/2023\/05\/DISCRIMINACION-01.jpg\" alt=\"\" width=\"800\" height=\"409\" srcset=\"https:\/\/vocesparalelas.com.ar\/sitio\/wp-content\/uploads\/2023\/05\/DISCRIMINACION-01.jpg 800w, https:\/\/vocesparalelas.com.ar\/sitio\/wp-content\/uploads\/2023\/05\/DISCRIMINACION-01-300x153.jpg 300w, https:\/\/vocesparalelas.com.ar\/sitio\/wp-content\/uploads\/2023\/05\/DISCRIMINACION-01-768x393.jpg 768w\" sizes=\"auto, (max-width: 800px) 100vw, 800px\" \/><figcaption id=\"caption-attachment-59478\" class=\"wp-caption-text\">Lic. Carlos Cohan<\/figcaption><\/figure>\n<p>Cabe destacar que entre las especializaciones tambi\u00e9n se encuentra la Educaci\u00f3n Sexual Integral (ESI), con el prop\u00f3sito de que la comunidad educativa, docentes y referentes de ESI tengan un amplio manejo de los ejes que aborda que van desde el cuidado del cuerpo, valoraci\u00f3n de la afectividad, perspectiva de g\u00e9nero, respeto a la diversidad, y ejercicio de los derechos, teniendo estos tres \u00faltimos una indiscutible correlaci\u00f3n con la educaci\u00f3n sin discriminaci\u00f3n.<\/p>\n<p><img loading=\"lazy\" decoding=\"async\" class=\"alignnone size-full wp-image-59480\" src=\"https:\/\/vocesparalelas.com.ar\/sitio\/wp-content\/uploads\/2023\/05\/DISCRIMINACION-03.jpg\" alt=\"\" width=\"800\" height=\"418\" srcset=\"https:\/\/vocesparalelas.com.ar\/sitio\/wp-content\/uploads\/2023\/05\/DISCRIMINACION-03.jpg 800w, https:\/\/vocesparalelas.com.ar\/sitio\/wp-content\/uploads\/2023\/05\/DISCRIMINACION-03-300x157.jpg 300w, https:\/\/vocesparalelas.com.ar\/sitio\/wp-content\/uploads\/2023\/05\/DISCRIMINACION-03-768x401.jpg 768w, https:\/\/vocesparalelas.com.ar\/sitio\/wp-content\/uploads\/2023\/05\/DISCRIMINACION-03-390x205.jpg 390w\" sizes=\"auto, (max-width: 800px) 100vw, 800px\" \/><\/p>\n","protected":false},"excerpt":{"rendered":"<p>En el Auditorio Eloy Camus del Centro C\u00edvico, se firm\u00f3 un convenio de cooperaci\u00f3n y actualizaci\u00f3n para la comunidad educativa<\/p>\n","protected":false},"author":3,"featured_media":59479,"comment_status":"closed","ping_status":"closed","sticky":false,"template":"","format":"standard","meta":{"_acf_changed":false,"_seopress_robots_primary_cat":"none","_seopress_titles_title":"","_seopress_titles_desc":"","_seopress_robots_index":"","colormag_page_container_layout":"default_layout","colormag_page_sidebar_layout":"default_layout","footnotes":""},"categories":[1,7],"tags":[],"class_list":["post-59475","post","type-post","status-publish","format-standard","has-post-thumbnail","hentry","category-destacadas","category-videos"],"acf":[],"_links":{"self":[{"href":"https:\/\/vocesparalelas.com.ar\/sitio\/wp-json\/wp\/v2\/posts\/59475","targetHints":{"allow":["GET"]}}],"collection":[{"href":"https:\/\/vocesparalelas.com.ar\/sitio\/wp-json\/wp\/v2\/posts"}],"about":[{"href":"https:\/\/vocesparalelas.com.ar\/sitio\/wp-json\/wp\/v2\/types\/post"}],"author":[{"embeddable":true,"href":"https:\/\/vocesparalelas.com.ar\/sitio\/wp-json\/wp\/v2\/users\/3"}],"replies":[{"embeddable":true,"href":"https:\/\/vocesparalelas.com.ar\/sitio\/wp-json\/wp\/v2\/comments?post=59475"}],"version-history":[{"count":1,"href":"https:\/\/vocesparalelas.com.ar\/sitio\/wp-json\/wp\/v2\/posts\/59475\/revisions"}],"predecessor-version":[{"id":59481,"href":"https:\/\/vocesparalelas.com.ar\/sitio\/wp-json\/wp\/v2\/posts\/59475\/revisions\/59481"}],"wp:featuredmedia":[{"embeddable":true,"href":"https:\/\/vocesparalelas.com.ar\/sitio\/wp-json\/wp\/v2\/media\/59479"}],"wp:attachment":[{"href":"https:\/\/vocesparalelas.com.ar\/sitio\/wp-json\/wp\/v2\/media?parent=59475"}],"wp:term":[{"taxonomy":"category","embeddable":true,"href":"https:\/\/vocesparalelas.com.ar\/sitio\/wp-json\/wp\/v2\/categories?post=59475"},{"taxonomy":"post_tag","embeddable":true,"href":"https:\/\/vocesparalelas.com.ar\/sitio\/wp-json\/wp\/v2\/tags?post=59475"}],"curies":[{"name":"wp","href":"https:\/\/api.w.org\/{rel}","templated":true}]}}