{"id":59391,"date":"2023-05-22T20:44:25","date_gmt":"2023-05-22T23:44:25","guid":{"rendered":"https:\/\/vocesparalelas.com.ar\/sitio\/?p=59391"},"modified":"2023-05-23T23:57:03","modified_gmt":"2023-05-24T02:57:03","slug":"entregaron-los-premios-del-concurso-san-juan-escribe-2022","status":"publish","type":"post","link":"https:\/\/vocesparalelas.com.ar\/sitio\/entregaron-los-premios-del-concurso-san-juan-escribe-2022\/","title":{"rendered":"Entregaron los premios del Concurso \u00abSan Juan Escribe 2022\u00bb"},"content":{"rendered":"<div class=\"itemFullText jbintrotext\">\n<p>El vicegobernador de San Juan, CPN Roberto Gattoni presidi\u00f3 la presentaci\u00f3n y entrega de libros del certamen literario San Juan Escribe 2022, en cuyo transcurso adem\u00e1s fue llevada a cabo la firma de los contratos de edici\u00f3n con cada uno de los autores galardonados.<\/p>\n<\/div>\n<div class=\"itemFullText\">\n<p>Acompa\u00f1aron al presidente de la C\u00e1mara de Diputados, los secretarios Legislativo, Nicol\u00e1s Alvo y Administrativo, Roberto Iglesias; el director de Relaciones con la Comunidad, Ubaldo Hidalgo; el director del Servicio Jur\u00eddico Permanente, Oscar Reverendo; el coordinador del concurso San Juan Escribe, Mario Zaguirre; la jefa del Fondo Editorial, Sandra Luna.<\/p>\n<p>Adem\u00e1s asistieron el director de Acci\u00f3n Cultura, Daniel Isaza; el decano de la Facultad de Arquitectura, Urbanismo y Dise\u00f1o de la UNSJ, Arq. Guillermo Velazco; la decana de la Facultad de Filosof\u00eda, Humanidades y Artes de la UNSJ, Mg. Myriam Arrabal; la directora del Instituto de Investigaciones Ling\u00fc\u00edsticas y Filol\u00f3gicas de la FFHA de la UNSJ \u00abDr. Manuel Alvar\u00bb, Prof. Aida Gonz\u00e1lez; la directora del Departamento Letras de la FFHA de la UNSJ, Prof. Gabriela Dom\u00ednguez y el presidente de la Asociaci\u00f3n de Dibujantes Argentinos, Lucas Aguirre.<\/p>\n<p>Durante la presentaci\u00f3n, el vicegobernador CPN Roberto Gattoni expres\u00f3 que \u00abel objetivo del concurso San Juan Escribe tiene que ver con una manera de fortalecer y desarrollar la cultura de San Juan, son los que escriben, componen, los que saben trasmitir las experiencias, nuestra historia y el sentir de los sanjuaninos a trav\u00e9s de los relatos. Esto es importante que tenga difusi\u00f3n y sea con el apoyo de la C\u00e1mara de Diputados\u00bb. En ese sentido, agreg\u00f3 que el apoyo de la Legislatura tambi\u00e9n tiene que ver con el registro del derecho de autor, \u00abavanzamos con la instalaci\u00f3n de una oficina en la provincia para que los autores tengan y ejerzan el derecho plenamente en nuestra provincia con el registro de sus obras\u00bb.<\/p>\n<p>Luego, el titular del Poder Legislativo agradeci\u00f3 a las autoridades que forman parte de los jurados para eligir las obras ganadoras, a los que se encargan de revisar y editar las obras, a los ilustradores y al personal de la C\u00e1mara de la C\u00e1mara de Diputados que a trav\u00e9s del Fondo Editorial y de Relaciones con la Comunidad se encargan de llevar a adelante el concurso y la posterior edici\u00f3n de las obras.<\/p>\n<p><span style=\"color: #800080;\"><strong>Los autores<\/strong><\/span><\/p>\n<p>Los escritores que resultaron premiados en la edici\u00f3n 2022 del certamen San Juan Escribe<\/p>\n<p><strong><span style=\"color: #800080;\">Categor\u00eda Poema, g\u00e9nero L\u00edrico<\/span><\/strong><\/p>\n<ul>\n<li>Primer Premio, la obra \u201cEn vilo\u201d, de autor\u00eda de Paolo Alexander Mu\u00f1oz, departamento Capital<\/li>\n<li>Segundo Premio, el libro \u201cImposici\u00f3n de la vida\u201d, de Mario Mat\u00edas Aparici, departamento Rivadavia.<\/li>\n<\/ul>\n<p><strong><span style=\"color: #800080;\">Categor\u00eda Cuentos, g\u00e9nero Narrativa<\/span><\/strong><\/p>\n<ul>\n<li>Primer Premio la obra \u201cPerfume de gol\u201d, de Pablo Esteban Bustamante, Departamento Chimbas<\/li>\n<li>Segundo Premio, la Obra \u201cLa joroba\u201d, de Gabriel Octavio Saquil\u00e1n, departamento Capital.<\/li>\n<\/ul>\n<p><strong><span style=\"color: #800080;\">Categor\u00eda Relatos Breves, g\u00e9nero Narrativa<\/span><\/strong><\/p>\n<ul>\n<li>Primer Premio, el libro \u201cMedianera\u201d, de Ana Sol Victoria de Cara, departamento Capital<\/li>\n<li>Segundo Premio la Obra \u201cDulce de Naranja\u201d, de Camila Carbajo, departamento Capital.<\/li>\n<\/ul>\n<p><strong><span style=\"color: #800080;\">Categor\u00eda Novela, g\u00e9nero Narrativa<\/span><\/strong><\/p>\n<ul>\n<li>Primer Premio la obra \u201cEl sue\u00f1o de la calandria\u201d, de Pablo El\u00edas Rojas, departamento Capital<\/li>\n<li>Segundo Premio, la Obra \u201cSecreto de Sumario\u201d, de Nora Adriana Lucero, departamento Capital.<\/li>\n<\/ul>\n<p><span style=\"color: #800080;\"><strong>Categor\u00eda Ensayo, g\u00e9nero Narrativa<\/strong><\/span><\/p>\n<ul>\n<li>Primer Premio la obra \u201cDeolinda Correa\u201d, de Francisco Eduardo Rodr\u00edguez Gil, departamento Capital<\/li>\n<li>Segundo Premio la obra \u201cLo que en el sismo\u201d, en coautor\u00eda entre Aixa In\u00e9s Rodr\u00edguez, Alejandra Valeria Albarrac\u00edn, Mar\u00eda Agostina Gr\u00edgolo, Flavia Tejada, Romina Sales y Romina Naranjo, departamento Pocito.<\/li>\n<\/ul>\n<p><strong><span style=\"color: #800080;\">Categor\u00eda Tesis, Tesinas y Trabajos de Investigaci\u00f3n, G\u00e9nero Narrativa<\/span><\/strong><\/p>\n<ul>\n<li>Primer Premio \u201cBertha Pappenheim entre los estudios de g\u00e9nero y el psicoan\u00e1lisis freudiano\u201d, de Daniela In\u00e9s Varese Cantoni, departamento Capital<\/li>\n<li>Segundo Premio \u201cEl deber de no discriminaci\u00f3n e igualdad de trato como premisa para un trabajo decente. An\u00e1lisis cr\u00edtico del despido discriminatorio, autor\u00eda de Adriana Luj\u00e1n Paz Trigo, departamento Rawson.<\/li>\n<\/ul>\n<\/div>\n<figure id=\"attachment_37951\" aria-describedby=\"caption-attachment-37951\" style=\"width: 800px\" class=\"wp-caption alignnone\"><img loading=\"lazy\" decoding=\"async\" class=\"size-full wp-image-37951\" src=\"https:\/\/vocesparalelas.com.ar\/sitio\/wp-content\/uploads\/2021\/05\/CAMARA-EDIFICIO.jpg\" alt=\"\" width=\"800\" height=\"515\" srcset=\"https:\/\/vocesparalelas.com.ar\/sitio\/wp-content\/uploads\/2021\/05\/CAMARA-EDIFICIO.jpg 800w, https:\/\/vocesparalelas.com.ar\/sitio\/wp-content\/uploads\/2021\/05\/CAMARA-EDIFICIO-300x193.jpg 300w, https:\/\/vocesparalelas.com.ar\/sitio\/wp-content\/uploads\/2021\/05\/CAMARA-EDIFICIO-768x494.jpg 768w\" sizes=\"auto, (max-width: 800px) 100vw, 800px\" \/><figcaption id=\"caption-attachment-37951\" class=\"wp-caption-text\">Legislatura Provincial de San Juan<\/figcaption><\/figure>\n","protected":false},"excerpt":{"rendered":"<p>El vicegobernador de San Juan, CPN Roberto Gattoni presidi\u00f3 la presentaci\u00f3n y entrega de libros del certamen literario San Juan<\/p>\n","protected":false},"author":3,"featured_media":59394,"comment_status":"closed","ping_status":"closed","sticky":false,"template":"","format":"standard","meta":{"_acf_changed":false,"_seopress_robots_primary_cat":"none","_seopress_titles_title":"","_seopress_titles_desc":"","_seopress_robots_index":"","colormag_page_container_layout":"default_layout","colormag_page_sidebar_layout":"default_layout","footnotes":""},"categories":[8],"tags":[],"class_list":["post-59391","post","type-post","status-publish","format-standard","has-post-thumbnail","hentry","category-concursos"],"acf":[],"_links":{"self":[{"href":"https:\/\/vocesparalelas.com.ar\/sitio\/wp-json\/wp\/v2\/posts\/59391","targetHints":{"allow":["GET"]}}],"collection":[{"href":"https:\/\/vocesparalelas.com.ar\/sitio\/wp-json\/wp\/v2\/posts"}],"about":[{"href":"https:\/\/vocesparalelas.com.ar\/sitio\/wp-json\/wp\/v2\/types\/post"}],"author":[{"embeddable":true,"href":"https:\/\/vocesparalelas.com.ar\/sitio\/wp-json\/wp\/v2\/users\/3"}],"replies":[{"embeddable":true,"href":"https:\/\/vocesparalelas.com.ar\/sitio\/wp-json\/wp\/v2\/comments?post=59391"}],"version-history":[{"count":4,"href":"https:\/\/vocesparalelas.com.ar\/sitio\/wp-json\/wp\/v2\/posts\/59391\/revisions"}],"predecessor-version":[{"id":59398,"href":"https:\/\/vocesparalelas.com.ar\/sitio\/wp-json\/wp\/v2\/posts\/59391\/revisions\/59398"}],"wp:featuredmedia":[{"embeddable":true,"href":"https:\/\/vocesparalelas.com.ar\/sitio\/wp-json\/wp\/v2\/media\/59394"}],"wp:attachment":[{"href":"https:\/\/vocesparalelas.com.ar\/sitio\/wp-json\/wp\/v2\/media?parent=59391"}],"wp:term":[{"taxonomy":"category","embeddable":true,"href":"https:\/\/vocesparalelas.com.ar\/sitio\/wp-json\/wp\/v2\/categories?post=59391"},{"taxonomy":"post_tag","embeddable":true,"href":"https:\/\/vocesparalelas.com.ar\/sitio\/wp-json\/wp\/v2\/tags?post=59391"}],"curies":[{"name":"wp","href":"https:\/\/api.w.org\/{rel}","templated":true}]}}