{"id":59378,"date":"2023-05-22T19:24:19","date_gmt":"2023-05-22T22:24:19","guid":{"rendered":"https:\/\/vocesparalelas.com.ar\/sitio\/?p=59378"},"modified":"2023-05-23T23:58:24","modified_gmt":"2023-05-24T02:58:24","slug":"ii-jornadas-internas-de-investigacion-y-extension-jie-faud-2023-de-la-unsj","status":"publish","type":"post","link":"https:\/\/vocesparalelas.com.ar\/sitio\/ii-jornadas-internas-de-investigacion-y-extension-jie-faud-2023-de-la-unsj\/","title":{"rendered":"II Jornadas Internas de Investigaci\u00f3n y Extensi\u00f3n &#8211; JIE \u2013 FAUD 2023 de la UNSJ"},"content":{"rendered":"<p>Organizadas por la\u00a0Secretar\u00eda de Investigaci\u00f3n y Creaci\u00f3n\u00a0y la Secretar\u00eda de Extensi\u00f3n Universitaria de la FAUD, esta actividad est\u00e1 destinada a responsables e integrantes de institutos, centros, observatorios, gabinetes, laboratorios y departamentos de nuestra facultad en donde se desarrollan tareas de investigaci\u00f3n y extensi\u00f3n.\u00a0Podr\u00e1n participar tambi\u00e9n docentes y estudiantes de las carreras de grado y posgrado que se dictan en la FAUD, nodocentes y p\u00fablico en general de otras Facultades de la Universidad Nacional de San Juan.<\/p>\n<p>La meta que gu\u00eda esta propuesta es consolidar un canal de interlocuci\u00f3n entre diferentes \u00e1reas del conocimiento de nuestra unidad, materializando la articulaci\u00f3n de la investigaci\u00f3n, la extensi\u00f3n y la docencia. En virtud de ello, estas jornadas no s\u00f3lo se constituyen como un espacio de intercambio, sino que propician acciones de integraci\u00f3n entre los equipos, seg\u00fan las distintas premisas establecidas inherentes a nuestras disciplinas\u00a0proyectuales.<\/p>\n<p>Aprobadas por Res. 049\/23-CD-FAUD, las II JIE \u2013 FAUD 2023, tienen como objetivo principal promover en un marco com\u00fan el intercambio y la colaboraci\u00f3n entre los distintos grupos de trabajo dentro de las \u00e1reas de investigaci\u00f3n y extensi\u00f3n de la FAUD mediante el intercambio de experiencias.\u00a0La din\u00e1mica girar\u00e1 en torno a la conformaci\u00f3n de conversatorios tem\u00e1ticos, organizados a partir de distintas posibilidades de integraci\u00f3n y cooperaci\u00f3n entre los equipos, subdivididos en cuatro ejes:<\/p>\n<ul>\n<li>1- Abordaje en territorio<\/li>\n<li>2- Vinculaci\u00f3n con el medio<\/li>\n<li>3- Acuerdos institucionales<\/li>\n<li>4- Marcos epistemol\u00f3gicos<\/li>\n<\/ul>\n<p>Adem\u00e1s, se propone un quinto conversatorio destinado espec\u00edficamente a becarios, tesistas de posgrado y estudiantes de grado del \u00faltimo a\u00f1o denominado<\/p>\n<ul>\n<li>5- Experiencias tesistas.<\/li>\n<\/ul>\n<p>Las jornadas contemplan diferentes modalidades de participaci\u00f3n en funci\u00f3n de los intereses particulares de quienes asistan, incluyendo la figura de moderador, disertante, expositor y asistente; y en cada caso las funciones ser\u00e1n diferentes.<\/p>\n<p>Para mayor informaci\u00f3n se puede descargar la primera circular o contactar a la Mg. Arq. Amelia Scognamillo (int 351), a la D.I.G Eliana Perniche (int 328) o al escribir al siguiente correo:\u00a0<a href=\"mailto:jiefaud2023@gmail.com\">jiefaud2023@gmail.com<\/a><\/p>\n<p><span style=\"color: #008000;\"><strong>Archivo de Documentos Adjuntos<\/strong><\/span><\/p>\n<p><a href=\"https:\/\/vocesparalelas.com.ar\/sitio\/wp-content\/uploads\/2023\/05\/FAUD-UNSJ-JIE-1\u00b0-CIRCULAR-.docx.pdf\">FAUD-UNSJ-JIE 1\u00b0 CIRCULAR .docx<\/a><\/p>\n<p><strong><span style=\"color: #008000;\">Ficha de Inscripci\u00f3n<\/span><\/strong><\/p>\n<p><a href=\"https:\/\/docs.google.com\/forms\/d\/e\/1FAIpQLSfe2My1kWRQk07qjKk6NpLii782B69BN9jp7rcP6mhSrfKlRg\/viewform\">https:\/\/docs.google.com\/forms\/d\/e\/1FAIpQLSfe2My1kWRQk07qjKk6NpLii782B69BN9jp7rcP6mhSrfKlRg\/viewform<\/a><\/p>\n<p><img loading=\"lazy\" decoding=\"async\" class=\"alignnone size-full wp-image-59158\" src=\"https:\/\/vocesparalelas.com.ar\/sitio\/wp-content\/uploads\/2023\/05\/FAUD-LOGO-03.jpg\" alt=\"\" width=\"800\" height=\"471\" srcset=\"https:\/\/vocesparalelas.com.ar\/sitio\/wp-content\/uploads\/2023\/05\/FAUD-LOGO-03.jpg 800w, https:\/\/vocesparalelas.com.ar\/sitio\/wp-content\/uploads\/2023\/05\/FAUD-LOGO-03-300x177.jpg 300w, https:\/\/vocesparalelas.com.ar\/sitio\/wp-content\/uploads\/2023\/05\/FAUD-LOGO-03-768x452.jpg 768w\" sizes=\"auto, (max-width: 800px) 100vw, 800px\" \/><\/p>\n<p><img loading=\"lazy\" decoding=\"async\" class=\"alignnone size-full wp-image-53945\" src=\"https:\/\/vocesparalelas.com.ar\/sitio\/wp-content\/uploads\/2022\/10\/UNSJ-LOGO-50-FINAL.jpg\" alt=\"\" width=\"800\" height=\"476\" srcset=\"https:\/\/vocesparalelas.com.ar\/sitio\/wp-content\/uploads\/2022\/10\/UNSJ-LOGO-50-FINAL.jpg 800w, https:\/\/vocesparalelas.com.ar\/sitio\/wp-content\/uploads\/2022\/10\/UNSJ-LOGO-50-FINAL-300x179.jpg 300w, https:\/\/vocesparalelas.com.ar\/sitio\/wp-content\/uploads\/2022\/10\/UNSJ-LOGO-50-FINAL-768x457.jpg 768w\" sizes=\"auto, (max-width: 800px) 100vw, 800px\" \/><\/p>\n<p><img loading=\"lazy\" decoding=\"async\" class=\"alignnone size-full wp-image-54035\" src=\"https:\/\/vocesparalelas.com.ar\/sitio\/wp-content\/uploads\/2022\/11\/UNSJ-LOGO-10.jpg\" alt=\"\" width=\"800\" height=\"533\" srcset=\"https:\/\/vocesparalelas.com.ar\/sitio\/wp-content\/uploads\/2022\/11\/UNSJ-LOGO-10.jpg 800w, https:\/\/vocesparalelas.com.ar\/sitio\/wp-content\/uploads\/2022\/11\/UNSJ-LOGO-10-300x200.jpg 300w, https:\/\/vocesparalelas.com.ar\/sitio\/wp-content\/uploads\/2022\/11\/UNSJ-LOGO-10-768x512.jpg 768w\" sizes=\"auto, (max-width: 800px) 100vw, 800px\" \/><\/p>\n","protected":false},"excerpt":{"rendered":"<p>Organizadas por la\u00a0Secretar\u00eda de Investigaci\u00f3n y Creaci\u00f3n\u00a0y la Secretar\u00eda de Extensi\u00f3n Universitaria de la FAUD, esta actividad est\u00e1 destinada a<\/p>\n","protected":false},"author":3,"featured_media":59382,"comment_status":"closed","ping_status":"closed","sticky":false,"template":"","format":"standard","meta":{"_acf_changed":false,"_seopress_robots_primary_cat":"none","_seopress_titles_title":"","_seopress_titles_desc":"","_seopress_robots_index":"","colormag_page_container_layout":"default_layout","colormag_page_sidebar_layout":"default_layout","footnotes":""},"categories":[15],"tags":[],"class_list":["post-59378","post","type-post","status-publish","format-standard","has-post-thumbnail","hentry","category-posgrados"],"acf":[],"_links":{"self":[{"href":"https:\/\/vocesparalelas.com.ar\/sitio\/wp-json\/wp\/v2\/posts\/59378","targetHints":{"allow":["GET"]}}],"collection":[{"href":"https:\/\/vocesparalelas.com.ar\/sitio\/wp-json\/wp\/v2\/posts"}],"about":[{"href":"https:\/\/vocesparalelas.com.ar\/sitio\/wp-json\/wp\/v2\/types\/post"}],"author":[{"embeddable":true,"href":"https:\/\/vocesparalelas.com.ar\/sitio\/wp-json\/wp\/v2\/users\/3"}],"replies":[{"embeddable":true,"href":"https:\/\/vocesparalelas.com.ar\/sitio\/wp-json\/wp\/v2\/comments?post=59378"}],"version-history":[{"count":1,"href":"https:\/\/vocesparalelas.com.ar\/sitio\/wp-json\/wp\/v2\/posts\/59378\/revisions"}],"predecessor-version":[{"id":59383,"href":"https:\/\/vocesparalelas.com.ar\/sitio\/wp-json\/wp\/v2\/posts\/59378\/revisions\/59383"}],"wp:featuredmedia":[{"embeddable":true,"href":"https:\/\/vocesparalelas.com.ar\/sitio\/wp-json\/wp\/v2\/media\/59382"}],"wp:attachment":[{"href":"https:\/\/vocesparalelas.com.ar\/sitio\/wp-json\/wp\/v2\/media?parent=59378"}],"wp:term":[{"taxonomy":"category","embeddable":true,"href":"https:\/\/vocesparalelas.com.ar\/sitio\/wp-json\/wp\/v2\/categories?post=59378"},{"taxonomy":"post_tag","embeddable":true,"href":"https:\/\/vocesparalelas.com.ar\/sitio\/wp-json\/wp\/v2\/tags?post=59378"}],"curies":[{"name":"wp","href":"https:\/\/api.w.org\/{rel}","templated":true}]}}