{"id":59300,"date":"2023-05-19T19:21:49","date_gmt":"2023-05-19T22:21:49","guid":{"rendered":"https:\/\/vocesparalelas.com.ar\/sitio\/?p=59300"},"modified":"2023-05-20T13:31:25","modified_gmt":"2023-05-20T16:31:25","slug":"convocan-a-la-asamblea-extraordinaria-de-la-unsj-el-jueves-01-de-junio-de-2023","status":"publish","type":"post","link":"https:\/\/vocesparalelas.com.ar\/sitio\/convocan-a-la-asamblea-extraordinaria-de-la-unsj-el-jueves-01-de-junio-de-2023\/","title":{"rendered":"Convocan a la Asamblea Extraordinaria de la UNSJ el Jueves, 01 de Junio de 2023"},"content":{"rendered":"<p>La Asamblea Extraordinaria de la Universidad Nacional de San Juan se realiza el Jueves, 1 de Junio en el Edificio Central de esta Casa de Estudios.<\/p>\n<p>La primera citaci\u00f3n es a las 10h y la segunda, a las 10.30 hs. As\u00ed lo decidi\u00f3 el Jueves, 18 de Mayo en su sesi\u00f3n ordinaria el Consejo Superior de la UNSJ.<\/p>\n<figure id=\"attachment_55453\" aria-describedby=\"caption-attachment-55453\" style=\"width: 800px\" class=\"wp-caption alignnone\"><img loading=\"lazy\" decoding=\"async\" class=\"size-full wp-image-55453\" src=\"https:\/\/vocesparalelas.com.ar\/sitio\/wp-content\/uploads\/2022\/12\/UNSJ-TADEO-BERENGUER.jpg\" alt=\"\" width=\"800\" height=\"533\" srcset=\"https:\/\/vocesparalelas.com.ar\/sitio\/wp-content\/uploads\/2022\/12\/UNSJ-TADEO-BERENGUER.jpg 800w, https:\/\/vocesparalelas.com.ar\/sitio\/wp-content\/uploads\/2022\/12\/UNSJ-TADEO-BERENGUER-300x200.jpg 300w, https:\/\/vocesparalelas.com.ar\/sitio\/wp-content\/uploads\/2022\/12\/UNSJ-TADEO-BERENGUER-768x512.jpg 768w\" sizes=\"auto, (max-width: 800px) 100vw, 800px\" \/><figcaption id=\"caption-attachment-55453\" class=\"wp-caption-text\">Rector de la UNSJ, Ing. Tadeo Berenguer<\/figcaption><\/figure>\n<p>El tema a tratar es adecuar los mandatos de las actuales autoridades electas. El rector de la UNSJ, Ing. Tadeo Berenguer, record\u00f3 que \u00aben el 2021, se debido una suspensi\u00f3n del acto electoral de la UNSJ, en lugar de asumir, como dice nuestro Estatuto en el Art\u00edculo 200, el 1 de julio, asumimos el 15 de julio\u201d. Tambi\u00e9n aludi\u00f3 al Art\u00edculo 31 del Estatuto, que establece que Rector\/a y Vicerrector\/a duran en sus cargos cuatro a\u00f1os. \u201cPor lo tanto, la propuesta que traemos para la Asamblea es que nuestro mandato en este periodo 2021 \u2013 2025 dure cuatro a\u00f1os menos 15 d\u00edas, o sea que tendr\u00edamos que volver al Estatuto original, de acuerdo al cual el 1 de julio de 2025 deber\u00edan asumir nuevas autoridades de la Universidad Nacional de San Juan en todos sus Estamentos\u201d.<\/p>\n<p>Es decir que la idea de las autoridades actuales es no reformar el Estatuto.<\/p>\n<p>Est\u00e1 dispuesto que, posteriormente a la Asamblea Ordinaria realizada el 11 de Mayo, en el Edificio Central de la UNSJ, se celebrara la Asamblea Extraordinaria, pero no hubo quorum. \u201cConvocamos a toda la Asamblea porque es muy necesario el quorum y tratarlo para luego poder dedicar nuestras energ\u00edas a otras acciones en la Universidad\u201d, inst\u00f3 el rector de la UNSJ, Ing. Tadeo Berenguer.<\/p>\n<p><img loading=\"lazy\" decoding=\"async\" class=\"alignnone size-full wp-image-53945\" src=\"https:\/\/vocesparalelas.com.ar\/sitio\/wp-content\/uploads\/2022\/10\/UNSJ-LOGO-50-FINAL.jpg\" alt=\"\" width=\"800\" height=\"476\" srcset=\"https:\/\/vocesparalelas.com.ar\/sitio\/wp-content\/uploads\/2022\/10\/UNSJ-LOGO-50-FINAL.jpg 800w, https:\/\/vocesparalelas.com.ar\/sitio\/wp-content\/uploads\/2022\/10\/UNSJ-LOGO-50-FINAL-300x179.jpg 300w, https:\/\/vocesparalelas.com.ar\/sitio\/wp-content\/uploads\/2022\/10\/UNSJ-LOGO-50-FINAL-768x457.jpg 768w\" sizes=\"auto, (max-width: 800px) 100vw, 800px\" \/><\/p>\n<p><img loading=\"lazy\" decoding=\"async\" class=\"alignnone size-full wp-image-54035\" src=\"https:\/\/vocesparalelas.com.ar\/sitio\/wp-content\/uploads\/2022\/11\/UNSJ-LOGO-10.jpg\" alt=\"\" width=\"800\" height=\"533\" srcset=\"https:\/\/vocesparalelas.com.ar\/sitio\/wp-content\/uploads\/2022\/11\/UNSJ-LOGO-10.jpg 800w, https:\/\/vocesparalelas.com.ar\/sitio\/wp-content\/uploads\/2022\/11\/UNSJ-LOGO-10-300x200.jpg 300w, https:\/\/vocesparalelas.com.ar\/sitio\/wp-content\/uploads\/2022\/11\/UNSJ-LOGO-10-768x512.jpg 768w\" sizes=\"auto, (max-width: 800px) 100vw, 800px\" \/><\/p>\n","protected":false},"excerpt":{"rendered":"<p>La Asamblea Extraordinaria de la Universidad Nacional de San Juan se realiza el Jueves, 1 de Junio en el Edificio<\/p>\n","protected":false},"author":3,"featured_media":54097,"comment_status":"closed","ping_status":"closed","sticky":false,"template":"","format":"standard","meta":{"_acf_changed":false,"_seopress_robots_primary_cat":"none","_seopress_titles_title":"","_seopress_titles_desc":"","_seopress_robots_index":"","colormag_page_container_layout":"default_layout","colormag_page_sidebar_layout":"default_layout","footnotes":""},"categories":[2],"tags":[],"class_list":["post-59300","post","type-post","status-publish","format-standard","has-post-thumbnail","hentry","category-convocatorias"],"acf":[],"_links":{"self":[{"href":"https:\/\/vocesparalelas.com.ar\/sitio\/wp-json\/wp\/v2\/posts\/59300","targetHints":{"allow":["GET"]}}],"collection":[{"href":"https:\/\/vocesparalelas.com.ar\/sitio\/wp-json\/wp\/v2\/posts"}],"about":[{"href":"https:\/\/vocesparalelas.com.ar\/sitio\/wp-json\/wp\/v2\/types\/post"}],"author":[{"embeddable":true,"href":"https:\/\/vocesparalelas.com.ar\/sitio\/wp-json\/wp\/v2\/users\/3"}],"replies":[{"embeddable":true,"href":"https:\/\/vocesparalelas.com.ar\/sitio\/wp-json\/wp\/v2\/comments?post=59300"}],"version-history":[{"count":1,"href":"https:\/\/vocesparalelas.com.ar\/sitio\/wp-json\/wp\/v2\/posts\/59300\/revisions"}],"predecessor-version":[{"id":59303,"href":"https:\/\/vocesparalelas.com.ar\/sitio\/wp-json\/wp\/v2\/posts\/59300\/revisions\/59303"}],"wp:featuredmedia":[{"embeddable":true,"href":"https:\/\/vocesparalelas.com.ar\/sitio\/wp-json\/wp\/v2\/media\/54097"}],"wp:attachment":[{"href":"https:\/\/vocesparalelas.com.ar\/sitio\/wp-json\/wp\/v2\/media?parent=59300"}],"wp:term":[{"taxonomy":"category","embeddable":true,"href":"https:\/\/vocesparalelas.com.ar\/sitio\/wp-json\/wp\/v2\/categories?post=59300"},{"taxonomy":"post_tag","embeddable":true,"href":"https:\/\/vocesparalelas.com.ar\/sitio\/wp-json\/wp\/v2\/tags?post=59300"}],"curies":[{"name":"wp","href":"https:\/\/api.w.org\/{rel}","templated":true}]}}