{"id":59279,"date":"2023-05-18T22:29:22","date_gmt":"2023-05-19T01:29:22","guid":{"rendered":"https:\/\/vocesparalelas.com.ar\/sitio\/?p=59279"},"modified":"2023-05-20T21:45:54","modified_gmt":"2023-05-21T00:45:54","slug":"una-descarga-impulsiva-de-tipo-atmosferica-el-rayo-en-latea-del-iee-de-la-fi-de-la-unsj","status":"publish","type":"post","link":"https:\/\/vocesparalelas.com.ar\/sitio\/una-descarga-impulsiva-de-tipo-atmosferica-el-rayo-en-latea-del-iee-de-la-fi-de-la-unsj\/","title":{"rendered":"Una descarga impulsiva de tipo atmosf\u00e9rica el rayo en LATEA del IEE de la FI de la UNSJ"},"content":{"rendered":"<p>El Laboratorio de Alta Tensi\u00f3n y Energ\u00edas Alternativas \u2013 LATEA \u2013 del Instituto de Energ\u00eda El\u00e9ctrica \u2013 IEE \u2013 de la FI de la Universidad Nacional de San Juan abri\u00f3 sus puertas para la realizaci\u00f3n de visitas guiadas destinada a los Alumnos de la Secundaria de las Escuelas de San Juan e Institutos Preuniversitarios de la UNSJ.<\/p>\n<p>La idea es hacer charlas informativas sobre la carrera Ingenier\u00eda El\u00e9ctrica, pertinente a la naturaleza cient\u00edfica del LATEA y realizar tambi\u00e9n una demostraci\u00f3n en laboratorio de una descarga impulsiva de tipo atmosf\u00e9rica el rayo.<\/p>\n<p>Es as\u00ed, que durante el Jueves, 18 de Mayo, a las 9 y a las 14:30 hs. y el Viernes, 19 de Mayo, a las 9; 10:30 y 14:30 hs. El convocatoria tan interesante para los alumnos que tuvieron que agregar m\u00e1s turnos para las distintas escuelas. Lo sorprendente fue c\u00f3mo los alumnos realizaron preguntas a los profesionales.<\/p>\n<p>Es importante destacar que LATEA est\u00e1 en Comandante Cabot al 900, entre Hip\u00f3lito Irigoyen y Meglioli, Departamento Rivadavia.<\/p>\n<p><strong><span style=\"color: #0000ff;\">Equipo T\u00e9cnico de LATEA<\/span><\/strong><\/p>\n<p><img loading=\"lazy\" decoding=\"async\" class=\"alignnone size-full wp-image-59282\" src=\"https:\/\/vocesparalelas.com.ar\/sitio\/wp-content\/uploads\/2023\/05\/FI-LATEA-10.jpg\" alt=\"\" width=\"800\" height=\"533\" srcset=\"https:\/\/vocesparalelas.com.ar\/sitio\/wp-content\/uploads\/2023\/05\/FI-LATEA-10.jpg 800w, https:\/\/vocesparalelas.com.ar\/sitio\/wp-content\/uploads\/2023\/05\/FI-LATEA-10-300x200.jpg 300w, https:\/\/vocesparalelas.com.ar\/sitio\/wp-content\/uploads\/2023\/05\/FI-LATEA-10-768x512.jpg 768w\" sizes=\"auto, (max-width: 800px) 100vw, 800px\" \/><\/p>\n<p>Ing. Alejandro Maturano, Ing. Gustavo Rodr\u00edguez; Ing. Domingo Pontoriero; Lic. Mar\u00eda Ester Balmaceda; Tec. Miguel Rodr\u00edguez; Ing. Gast\u00f3n Suvire; Ing. Alejandro Mart\u00ed; Ing. Gerardo Balmaceda; Ing. Diego Bustos; Ing. Juan M\u00e1rquez; Ing. M\u00f3nica Jorge, Ing. Jonatan Barea; Lic. Guillermo Gizzi; Ing. Javier Acosta; Lic. Maximiliano Fern\u00e1ndez; Ing. Aleberto Escobar.<\/p>\n<p>Voces Paralelas particip\u00f3 y desarroll\u00f3 una entrevista period\u00edstica al investigador en LATEA y docente del IEE \u2013 de la FI de la UNSJ, Ing. Alejandro Maturano, quien explic\u00f3 que la visita guiada para los alumnos de Escuelas de San Juan cuya participaci\u00f3n impacta por la demostraci\u00f3n del rayo y adem\u00e1s, para conozcan sobre la carrera Ingenier\u00eda El\u00e9ctrica y las posibilidades laborales que tiene el profesional.<\/p>\n<p>&nbsp;<\/p>\n<p><iframe loading=\"lazy\" title=\"FI UNSJ IEE LATEA ING ALEJANDRO MATURANO\" width=\"800\" height=\"450\" src=\"https:\/\/www.youtube.com\/embed\/5_hYjKEP4oI?feature=oembed\" frameborder=\"0\" allow=\"accelerometer; autoplay; clipboard-write; encrypted-media; gyroscope; picture-in-picture; web-share\" allowfullscreen><\/iframe><\/p>\n<p>&nbsp;<\/p>\n<p>Un fragmento de la charla con el Ing. Alejandro Maturano, quien destac\u00f3 las posibilidades estudiar la carrera Ingenier\u00eda El\u00e9ctrica en la FI de la UNSJ y la posibilidad de tener alcance de la pr\u00e1ctica con el material real observando la realidad en sus dimensiones.<\/p>\n<p><iframe loading=\"lazy\" title=\"FI UNSJ IEE LATEA\" width=\"800\" height=\"450\" src=\"https:\/\/www.youtube.com\/embed\/lkt5yqcMMkg?feature=oembed\" frameborder=\"0\" allow=\"accelerometer; autoplay; clipboard-write; encrypted-media; gyroscope; picture-in-picture; web-share\" allowfullscreen><\/iframe><\/p>\n<p>Un fragmento de la charla con el Ing. Domingo Pontoriero, que explic\u00f3 el panel el\u00e9ctrico pero los alumnos no dejaron de preguntar. Seguramente, todo lo que se ve\u00eda en LATEA nunca lo vieron de cerca y la dimensi\u00f3n que tienen a nivel humano. Todo el equipo t\u00e9cnico dieron las respuestas. La experiencia se transforma en inolvidable y podr\u00e1n identificarlas en la v\u00eda p\u00fablica.<\/p>\n<p><iframe loading=\"lazy\" title=\"FI UNSJ IEE LATEA\" width=\"800\" height=\"450\" src=\"https:\/\/www.youtube.com\/embed\/OAag8-z7_JE?feature=oembed\" frameborder=\"0\" allow=\"accelerometer; autoplay; clipboard-write; encrypted-media; gyroscope; picture-in-picture; web-share\" allowfullscreen><\/iframe><\/p>\n<p>Los participantes fueron llevados a la zona de seguridad y todos impactantes para el momento del fen\u00f3meno el\u00e9ctrico que, permiti\u00f3 el aplauso final de los alumnos y docentes.<\/p>\n<p><img loading=\"lazy\" decoding=\"async\" class=\"alignnone size-full wp-image-59287\" src=\"https:\/\/vocesparalelas.com.ar\/sitio\/wp-content\/uploads\/2023\/05\/FI-LATEA-16.jpg\" alt=\"\" width=\"800\" height=\"600\" srcset=\"https:\/\/vocesparalelas.com.ar\/sitio\/wp-content\/uploads\/2023\/05\/FI-LATEA-16.jpg 800w, https:\/\/vocesparalelas.com.ar\/sitio\/wp-content\/uploads\/2023\/05\/FI-LATEA-16-300x225.jpg 300w, https:\/\/vocesparalelas.com.ar\/sitio\/wp-content\/uploads\/2023\/05\/FI-LATEA-16-768x576.jpg 768w\" sizes=\"auto, (max-width: 800px) 100vw, 800px\" \/><\/p>\n<p><iframe loading=\"lazy\" title=\"FI UNSJ LATEA IEE DESCARGA IMPULSIVA DE UN RAYO\" width=\"800\" height=\"450\" src=\"https:\/\/www.youtube.com\/embed\/B3XctLxEWH4?feature=oembed\" frameborder=\"0\" allow=\"accelerometer; autoplay; clipboard-write; encrypted-media; gyroscope; picture-in-picture; web-share\" allowfullscreen><\/iframe><\/p>\n<p>Para finalizar la actividad los alumnos y docentes compartieron un brindis como un gesto de agradecimiento del equipo de profesionales por participar de la visita guiada.<\/p>\n<p><img loading=\"lazy\" decoding=\"async\" class=\"alignnone size-full wp-image-59285\" src=\"https:\/\/vocesparalelas.com.ar\/sitio\/wp-content\/uploads\/2023\/05\/FI-LATEA-14.jpg\" alt=\"\" width=\"800\" height=\"533\" srcset=\"https:\/\/vocesparalelas.com.ar\/sitio\/wp-content\/uploads\/2023\/05\/FI-LATEA-14.jpg 800w, https:\/\/vocesparalelas.com.ar\/sitio\/wp-content\/uploads\/2023\/05\/FI-LATEA-14-300x200.jpg 300w, https:\/\/vocesparalelas.com.ar\/sitio\/wp-content\/uploads\/2023\/05\/FI-LATEA-14-768x512.jpg 768w\" sizes=\"auto, (max-width: 800px) 100vw, 800px\" \/><\/p>\n<p>&nbsp;<\/p>\n<p><img loading=\"lazy\" decoding=\"async\" class=\"alignnone size-full wp-image-59283\" src=\"https:\/\/vocesparalelas.com.ar\/sitio\/wp-content\/uploads\/2023\/05\/FI-LATEA-11.jpg\" alt=\"\" width=\"800\" height=\"533\" srcset=\"https:\/\/vocesparalelas.com.ar\/sitio\/wp-content\/uploads\/2023\/05\/FI-LATEA-11.jpg 800w, https:\/\/vocesparalelas.com.ar\/sitio\/wp-content\/uploads\/2023\/05\/FI-LATEA-11-300x200.jpg 300w, https:\/\/vocesparalelas.com.ar\/sitio\/wp-content\/uploads\/2023\/05\/FI-LATEA-11-768x512.jpg 768w\" sizes=\"auto, (max-width: 800px) 100vw, 800px\" \/><\/p>\n<p>&nbsp;<\/p>\n<p><img loading=\"lazy\" decoding=\"async\" class=\"alignnone size-full wp-image-58953\" src=\"https:\/\/vocesparalelas.com.ar\/sitio\/wp-content\/uploads\/2023\/05\/FI-LATEA.jpg\" alt=\"\" width=\"800\" height=\"600\" srcset=\"https:\/\/vocesparalelas.com.ar\/sitio\/wp-content\/uploads\/2023\/05\/FI-LATEA.jpg 800w, https:\/\/vocesparalelas.com.ar\/sitio\/wp-content\/uploads\/2023\/05\/FI-LATEA-300x225.jpg 300w, https:\/\/vocesparalelas.com.ar\/sitio\/wp-content\/uploads\/2023\/05\/FI-LATEA-768x576.jpg 768w\" sizes=\"auto, (max-width: 800px) 100vw, 800px\" \/><\/p>\n<figure id=\"attachment_23028\" aria-describedby=\"caption-attachment-23028\" style=\"width: 800px\" class=\"wp-caption alignnone\"><img loading=\"lazy\" decoding=\"async\" class=\"size-large wp-image-23028\" src=\"https:\/\/vocesparalelas.com.ar\/sitio\/wp-content\/uploads\/2019\/08\/FI-UNSJ-EDIFICIO-800x600.jpg\" alt=\"\" width=\"800\" height=\"600\" srcset=\"https:\/\/vocesparalelas.com.ar\/sitio\/wp-content\/uploads\/2019\/08\/FI-UNSJ-EDIFICIO-800x600.jpg 800w, https:\/\/vocesparalelas.com.ar\/sitio\/wp-content\/uploads\/2019\/08\/FI-UNSJ-EDIFICIO-300x225.jpg 300w, https:\/\/vocesparalelas.com.ar\/sitio\/wp-content\/uploads\/2019\/08\/FI-UNSJ-EDIFICIO-768x576.jpg 768w, https:\/\/vocesparalelas.com.ar\/sitio\/wp-content\/uploads\/2019\/08\/FI-UNSJ-EDIFICIO.jpg 888w\" sizes=\"auto, (max-width: 800px) 100vw, 800px\" \/><figcaption id=\"caption-attachment-23028\" class=\"wp-caption-text\">Facultad de Ingenier\u00eda de la Universidad Nacional de San Juan, Argentina<\/figcaption><\/figure>\n<p><img loading=\"lazy\" decoding=\"async\" class=\"alignnone size-full wp-image-53945\" src=\"https:\/\/vocesparalelas.com.ar\/sitio\/wp-content\/uploads\/2022\/10\/UNSJ-LOGO-50-FINAL.jpg\" alt=\"\" width=\"800\" height=\"476\" srcset=\"https:\/\/vocesparalelas.com.ar\/sitio\/wp-content\/uploads\/2022\/10\/UNSJ-LOGO-50-FINAL.jpg 800w, https:\/\/vocesparalelas.com.ar\/sitio\/wp-content\/uploads\/2022\/10\/UNSJ-LOGO-50-FINAL-300x179.jpg 300w, https:\/\/vocesparalelas.com.ar\/sitio\/wp-content\/uploads\/2022\/10\/UNSJ-LOGO-50-FINAL-768x457.jpg 768w\" sizes=\"auto, (max-width: 800px) 100vw, 800px\" \/><\/p>\n<p><img loading=\"lazy\" decoding=\"async\" class=\"alignnone size-full wp-image-54035\" src=\"https:\/\/vocesparalelas.com.ar\/sitio\/wp-content\/uploads\/2022\/11\/UNSJ-LOGO-10.jpg\" alt=\"\" width=\"800\" height=\"533\" srcset=\"https:\/\/vocesparalelas.com.ar\/sitio\/wp-content\/uploads\/2022\/11\/UNSJ-LOGO-10.jpg 800w, https:\/\/vocesparalelas.com.ar\/sitio\/wp-content\/uploads\/2022\/11\/UNSJ-LOGO-10-300x200.jpg 300w, https:\/\/vocesparalelas.com.ar\/sitio\/wp-content\/uploads\/2022\/11\/UNSJ-LOGO-10-768x512.jpg 768w\" sizes=\"auto, (max-width: 800px) 100vw, 800px\" \/><\/p>\n<p>&nbsp;<\/p>\n","protected":false},"excerpt":{"rendered":"<p>El Laboratorio de Alta Tensi\u00f3n y Energ\u00edas Alternativas \u2013 LATEA \u2013 del Instituto de Energ\u00eda El\u00e9ctrica \u2013 IEE \u2013 de<\/p>\n","protected":false},"author":3,"featured_media":59286,"comment_status":"closed","ping_status":"closed","sticky":false,"template":"","format":"standard","meta":{"_acf_changed":false,"_seopress_robots_primary_cat":"none","_seopress_titles_title":"","_seopress_titles_desc":"","_seopress_robots_index":"","colormag_page_container_layout":"default_layout","colormag_page_sidebar_layout":"default_layout","footnotes":""},"categories":[10,7],"tags":[],"class_list":["post-59279","post","type-post","status-publish","format-standard","has-post-thumbnail","hentry","category-opiniones","category-videos"],"acf":[],"_links":{"self":[{"href":"https:\/\/vocesparalelas.com.ar\/sitio\/wp-json\/wp\/v2\/posts\/59279","targetHints":{"allow":["GET"]}}],"collection":[{"href":"https:\/\/vocesparalelas.com.ar\/sitio\/wp-json\/wp\/v2\/posts"}],"about":[{"href":"https:\/\/vocesparalelas.com.ar\/sitio\/wp-json\/wp\/v2\/types\/post"}],"author":[{"embeddable":true,"href":"https:\/\/vocesparalelas.com.ar\/sitio\/wp-json\/wp\/v2\/users\/3"}],"replies":[{"embeddable":true,"href":"https:\/\/vocesparalelas.com.ar\/sitio\/wp-json\/wp\/v2\/comments?post=59279"}],"version-history":[{"count":4,"href":"https:\/\/vocesparalelas.com.ar\/sitio\/wp-json\/wp\/v2\/posts\/59279\/revisions"}],"predecessor-version":[{"id":59297,"href":"https:\/\/vocesparalelas.com.ar\/sitio\/wp-json\/wp\/v2\/posts\/59279\/revisions\/59297"}],"wp:featuredmedia":[{"embeddable":true,"href":"https:\/\/vocesparalelas.com.ar\/sitio\/wp-json\/wp\/v2\/media\/59286"}],"wp:attachment":[{"href":"https:\/\/vocesparalelas.com.ar\/sitio\/wp-json\/wp\/v2\/media?parent=59279"}],"wp:term":[{"taxonomy":"category","embeddable":true,"href":"https:\/\/vocesparalelas.com.ar\/sitio\/wp-json\/wp\/v2\/categories?post=59279"},{"taxonomy":"post_tag","embeddable":true,"href":"https:\/\/vocesparalelas.com.ar\/sitio\/wp-json\/wp\/v2\/tags?post=59279"}],"curies":[{"name":"wp","href":"https:\/\/api.w.org\/{rel}","templated":true}]}}