{"id":59237,"date":"2023-05-18T18:39:50","date_gmt":"2023-05-18T21:39:50","guid":{"rendered":"https:\/\/vocesparalelas.com.ar\/sitio\/?p=59237"},"modified":"2023-05-18T18:47:42","modified_gmt":"2023-05-18T21:47:42","slug":"analisis-del-resultado-de-las-elecciones-2023-del-domingo-14-de-mayo","status":"publish","type":"post","link":"https:\/\/vocesparalelas.com.ar\/sitio\/analisis-del-resultado-de-las-elecciones-2023-del-domingo-14-de-mayo\/","title":{"rendered":"An\u00e1lisis del resultado de las Elecciones 2023 del Domingo, 14 de Mayo"},"content":{"rendered":"<p>Finalizada las Elecciones 2023 del Domingo, 14 de Mayo, donde el Tribunal Electoral de San Juan emiti\u00f3 resultados provisorios.<\/p>\n<p>En esta instancia, los electores s\u00f3lo pudieron votar a los candidatos a intendente, concejales, Diputados Departamentales y Diputados proporcionales.<\/p>\n<p>Por ello, el candidato a Vicegobernador de Cambia San Juan, Dr. Fabi\u00e1n Mart\u00edn, actual intendente de la Municipalidad de Rivadavia y conforma la f\u00f3rmula con el Candidato a Gobernador, CPN Marcelo Orrego, actualmente, Diputado Nacional por San Juan.<\/p>\n<p>El Dr. Fabi\u00e1n Mart\u00edn realiz\u00f3 un an\u00e1lisis de las Elecciones 2023 del Domingo, 14 de Mayo, expres\u00f3 la satisfacci\u00f3n y agradecimiento al equipo de trabajo conformado que ha permitido mejorar los c\u00f3mputos.<\/p>\n<p>&nbsp;<\/p>\n<p><iframe loading=\"lazy\" title=\"DR FABI\u00c1N MART\u00cdN\" width=\"800\" height=\"450\" src=\"https:\/\/www.youtube.com\/embed\/5LH6KH5YgAU?start=19&#038;feature=oembed\" frameborder=\"0\" allow=\"accelerometer; autoplay; clipboard-write; encrypted-media; gyroscope; picture-in-picture; web-share\" allowfullscreen><\/iframe><\/p>\n<p>&nbsp;<\/p>\n<figure id=\"attachment_59206\" aria-describedby=\"caption-attachment-59206\" style=\"width: 800px\" class=\"wp-caption alignnone\"><img loading=\"lazy\" decoding=\"async\" class=\"size-full wp-image-59206\" src=\"https:\/\/vocesparalelas.com.ar\/sitio\/wp-content\/uploads\/2023\/05\/ELEGIDOS-CAMBIA-SAN-JUAN.jpg\" alt=\"\" width=\"800\" height=\"533\" srcset=\"https:\/\/vocesparalelas.com.ar\/sitio\/wp-content\/uploads\/2023\/05\/ELEGIDOS-CAMBIA-SAN-JUAN.jpg 800w, https:\/\/vocesparalelas.com.ar\/sitio\/wp-content\/uploads\/2023\/05\/ELEGIDOS-CAMBIA-SAN-JUAN-300x200.jpg 300w, https:\/\/vocesparalelas.com.ar\/sitio\/wp-content\/uploads\/2023\/05\/ELEGIDOS-CAMBIA-SAN-JUAN-768x512.jpg 768w\" sizes=\"auto, (max-width: 800px) 100vw, 800px\" \/><figcaption id=\"caption-attachment-59206\" class=\"wp-caption-text\">Dr. Juan Cruz C\u00f3rdoba, Sergio Miodowsky, Dr. Fabi\u00e1n Mart\u00edn y Marcela Quiroga, integrantes de Cambia San Juan y de Rivadavia<\/figcaption><\/figure>\n<p>&nbsp;<\/p>\n<p><img loading=\"lazy\" decoding=\"async\" class=\"alignnone size-large wp-image-42675\" src=\"https:\/\/vocesparalelas.com.ar\/sitio\/wp-content\/uploads\/2021\/10\/RIVADAVIA-LOGO-800x600.jpg\" alt=\"\" width=\"800\" height=\"600\" srcset=\"https:\/\/vocesparalelas.com.ar\/sitio\/wp-content\/uploads\/2021\/10\/RIVADAVIA-LOGO-800x600.jpg 800w, https:\/\/vocesparalelas.com.ar\/sitio\/wp-content\/uploads\/2021\/10\/RIVADAVIA-LOGO-300x225.jpg 300w, https:\/\/vocesparalelas.com.ar\/sitio\/wp-content\/uploads\/2021\/10\/RIVADAVIA-LOGO-768x576.jpg 768w, https:\/\/vocesparalelas.com.ar\/sitio\/wp-content\/uploads\/2021\/10\/RIVADAVIA-LOGO.jpg 1024w\" sizes=\"auto, (max-width: 800px) 100vw, 800px\" \/><\/p>\n<p>&nbsp;<\/p>\n<p>&nbsp;<\/p>\n","protected":false},"excerpt":{"rendered":"<p>Finalizada las Elecciones 2023 del Domingo, 14 de Mayo, donde el Tribunal Electoral de San Juan emiti\u00f3 resultados provisorios. En<\/p>\n","protected":false},"author":3,"featured_media":59240,"comment_status":"closed","ping_status":"closed","sticky":false,"template":"","format":"standard","meta":{"_acf_changed":false,"_seopress_robots_primary_cat":"none","_seopress_titles_title":"","_seopress_titles_desc":"","_seopress_robots_index":"","colormag_page_container_layout":"default_layout","colormag_page_sidebar_layout":"default_layout","footnotes":""},"categories":[1,7],"tags":[],"class_list":["post-59237","post","type-post","status-publish","format-standard","has-post-thumbnail","hentry","category-destacadas","category-videos"],"acf":[],"_links":{"self":[{"href":"https:\/\/vocesparalelas.com.ar\/sitio\/wp-json\/wp\/v2\/posts\/59237","targetHints":{"allow":["GET"]}}],"collection":[{"href":"https:\/\/vocesparalelas.com.ar\/sitio\/wp-json\/wp\/v2\/posts"}],"about":[{"href":"https:\/\/vocesparalelas.com.ar\/sitio\/wp-json\/wp\/v2\/types\/post"}],"author":[{"embeddable":true,"href":"https:\/\/vocesparalelas.com.ar\/sitio\/wp-json\/wp\/v2\/users\/3"}],"replies":[{"embeddable":true,"href":"https:\/\/vocesparalelas.com.ar\/sitio\/wp-json\/wp\/v2\/comments?post=59237"}],"version-history":[{"count":1,"href":"https:\/\/vocesparalelas.com.ar\/sitio\/wp-json\/wp\/v2\/posts\/59237\/revisions"}],"predecessor-version":[{"id":59241,"href":"https:\/\/vocesparalelas.com.ar\/sitio\/wp-json\/wp\/v2\/posts\/59237\/revisions\/59241"}],"wp:featuredmedia":[{"embeddable":true,"href":"https:\/\/vocesparalelas.com.ar\/sitio\/wp-json\/wp\/v2\/media\/59240"}],"wp:attachment":[{"href":"https:\/\/vocesparalelas.com.ar\/sitio\/wp-json\/wp\/v2\/media?parent=59237"}],"wp:term":[{"taxonomy":"category","embeddable":true,"href":"https:\/\/vocesparalelas.com.ar\/sitio\/wp-json\/wp\/v2\/categories?post=59237"},{"taxonomy":"post_tag","embeddable":true,"href":"https:\/\/vocesparalelas.com.ar\/sitio\/wp-json\/wp\/v2\/tags?post=59237"}],"curies":[{"name":"wp","href":"https:\/\/api.w.org\/{rel}","templated":true}]}}