{"id":59196,"date":"2023-05-17T21:31:46","date_gmt":"2023-05-18T00:31:46","guid":{"rendered":"https:\/\/vocesparalelas.com.ar\/sitio\/?p=59196"},"modified":"2023-05-18T16:51:16","modified_gmt":"2023-05-18T19:51:16","slug":"la-plaza-gustavo-cerati-en-el-barrio-natania-residencial-ii-en-rivadavia","status":"publish","type":"post","link":"https:\/\/vocesparalelas.com.ar\/sitio\/la-plaza-gustavo-cerati-en-el-barrio-natania-residencial-ii-en-rivadavia\/","title":{"rendered":"La Plaza Gustavo Cerati en el Barrio Natania Residencial II en Rivadavia"},"content":{"rendered":"<p>La Municipalidad de Rivadavia trabaj\u00f3 para poner a punto un espacio verde la Plaza Gustavo Cerati del Barrio Natania Residencial II, Ivonne Barud de Quattropani y 30 de Octubre, Departamento Rivadavia, al servicio de los vecinos.<\/p>\n<p>En la Previa al acto, el Intendente de la Municipalidad de Rivadavia, Dr. Fabi\u00e1n Mart\u00edn, destac\u00f3 la inversi\u00f3n y el logro para los vecinos del Barrio Natania Residencial II.<\/p>\n<p><iframe loading=\"lazy\" title=\"DR FABI\u00c1N MART\u00cdN\" width=\"800\" height=\"450\" src=\"https:\/\/www.youtube.com\/embed\/K1bANx9Mmfw?feature=oembed\" frameborder=\"0\" allow=\"accelerometer; autoplay; clipboard-write; encrypted-media; gyroscope; picture-in-picture; web-share\" allowfullscreen><\/iframe><\/p>\n<p>A la llegada del intendente de la Municipalidad de Rivadavia, Dr. Fabi\u00e1n Mart\u00edn junto a otras autoridades y vecinos cortaron la tradicional cinta patria para dejar inaugurada la Plaza Gustavo Cerati.<\/p>\n<p><img loading=\"lazy\" decoding=\"async\" class=\"alignnone size-full wp-image-59201\" src=\"https:\/\/vocesparalelas.com.ar\/sitio\/wp-content\/uploads\/2023\/05\/PLAZA-CERATI-03.jpg\" alt=\"\" width=\"800\" height=\"533\" srcset=\"https:\/\/vocesparalelas.com.ar\/sitio\/wp-content\/uploads\/2023\/05\/PLAZA-CERATI-03.jpg 800w, https:\/\/vocesparalelas.com.ar\/sitio\/wp-content\/uploads\/2023\/05\/PLAZA-CERATI-03-300x200.jpg 300w, https:\/\/vocesparalelas.com.ar\/sitio\/wp-content\/uploads\/2023\/05\/PLAZA-CERATI-03-768x512.jpg 768w\" sizes=\"auto, (max-width: 800px) 100vw, 800px\" \/><\/p>\n<p><strong><span style=\"color: #ff6600;\">Trabajos realizados<\/span><\/strong><\/p>\n<ul>\n<li>Construcci\u00f3n de 200 m2 de vereda con hormig\u00f3n H17<\/li>\n<li>Reparaci\u00f3n de zapata y cord\u00f3n<\/li>\n<li>380 m de cordones internos<\/li>\n<li>Puentes rampas para acceso a la plaza<\/li>\n<li>P\u00e9rgola met\u00e1lica de 3 x 6 metros<\/li>\n<\/ul>\n<p><span style=\"color: #ff6600;\"><strong>Colocaci\u00f3n de<\/strong><\/span><\/p>\n<ul>\n<li>5 bancos de metal<\/li>\n<li>3 cestos de basura<\/li>\n<li>Grancilla para zona de juegos infantiles<\/li>\n<li>Cartel con nombre de la plaza<\/li>\n<li>3 juegos infantiles como maroma, tobog\u00e1n y columpio<\/li>\n<\/ul>\n<p><span style=\"color: #ff6600;\"><strong>Trabajos de jardiner\u00eda<\/strong><\/span><\/p>\n<ul>\n<li>Platines con flores vistosas<\/li>\n<li>despeje y poda de formaci\u00f3n<\/li>\n<\/ul>\n<p>Pintura general de obra, en puentes rampas, sendas peatonales bancos, cestos juegos infantiles<\/p>\n<p><span style=\"color: #ff6600;\"><strong>Parte El\u00e9ctrica<\/strong><\/span><\/p>\n<ul>\n<li>35 bases de hormig\u00f3n<\/li>\n<li>1500 metros de cable protodur de 2 x 2.5 mil\u00edmetros<\/li>\n<li>38 columnas met\u00e1licas de 45 metros doble brazo<\/li>\n<li>70 merizas N&#8217; 66 con rejillas<\/li>\n<li>70 l\u00e1mparas LED de 60 watts<\/li>\n<li>Zanjeos<\/li>\n<li>Cableado, fusibles puesta a tierra<\/li>\n<\/ul>\n<p>&nbsp;<\/p>\n<p>Las autoridades municipales y vecinos del del Barrio Natania Residencial II caminaron por los veredines de la Plaza Gustavo Cerati admirando el espacio verde que qued\u00f3 embellecido por todos los elementos colocados. Y en el lugar donde se desarroll\u00f3 el acto central surgieron comentarios positivos y de agradecimiento.<\/p>\n<p><img loading=\"lazy\" decoding=\"async\" class=\"alignnone size-full wp-image-59200\" src=\"https:\/\/vocesparalelas.com.ar\/sitio\/wp-content\/uploads\/2023\/05\/PLAZA-CERATI-02.jpg\" alt=\"\" width=\"800\" height=\"533\" srcset=\"https:\/\/vocesparalelas.com.ar\/sitio\/wp-content\/uploads\/2023\/05\/PLAZA-CERATI-02.jpg 800w, https:\/\/vocesparalelas.com.ar\/sitio\/wp-content\/uploads\/2023\/05\/PLAZA-CERATI-02-300x200.jpg 300w, https:\/\/vocesparalelas.com.ar\/sitio\/wp-content\/uploads\/2023\/05\/PLAZA-CERATI-02-768x512.jpg 768w\" sizes=\"auto, (max-width: 800px) 100vw, 800px\" \/><\/p>\n<p>El Sacerdote de la Bas\u00edlica de Desamparados, Jorge Guzm\u00e1n, quien se encarg\u00f3 de bendecir el espacio de encuentro y a todos los visitantes que participan. Felicit\u00f3 a los candidatos que ganaron las elecciones 2023, el Domingo, 14 de Mayo en el Departamento Rivadavia, que tienen la responsabilidad de guiar y trabajar por los habitantes.<\/p>\n<p><iframe loading=\"lazy\" title=\"SACERDOTE JORGE GUZM\u00c1N\" width=\"800\" height=\"450\" src=\"https:\/\/www.youtube.com\/embed\/TxVB1Z3FR0k?feature=oembed\" frameborder=\"0\" allow=\"accelerometer; autoplay; clipboard-write; encrypted-media; gyroscope; picture-in-picture; web-share\" allowfullscreen><\/iframe><\/p>\n<p>Posteriormente, se dirigi\u00f3 a los vecinos, una integrante de la comunidad, Mar\u00eda Beatriz Herrero, quien cont\u00f3 el trabajo que se realiz\u00f3 durante la pandemia v\u00eda zoom la conexi\u00f3n con los vecinos que no fue sencillo cuando se defin\u00edo el nombre a la Plaza Gustavo Cerati.<\/p>\n<p><iframe loading=\"lazy\" title=\"MARIA BEATRIZ HERRERO\" width=\"800\" height=\"450\" src=\"https:\/\/www.youtube.com\/embed\/AsFnk7Fgo1U?feature=oembed\" frameborder=\"0\" allow=\"accelerometer; autoplay; clipboard-write; encrypted-media; gyroscope; picture-in-picture; web-share\" allowfullscreen><\/iframe><\/p>\n<p>Seguidamente, el candidato a Intendente de la Municipalidad de Rivadavia, actualmente diputado por Rivadavia en la C\u00e1mara de Diputados de San Juan, Sergio Miodowsky, quien agradeci\u00f3 la confianza que le han delegado los vecinos con su voto.<\/p>\n<p><iframe loading=\"lazy\" title=\"SERGIO MIODOWSKY\" width=\"800\" height=\"450\" src=\"https:\/\/www.youtube.com\/embed\/hN21j-ET4Vs?feature=oembed\" frameborder=\"0\" allow=\"accelerometer; autoplay; clipboard-write; encrypted-media; gyroscope; picture-in-picture; web-share\" allowfullscreen><\/iframe><\/p>\n<p>Luego, el candidato ganador a Diputado por Rivadavia, Dr. Juan Cruz C\u00f3rdoba, actual presidente del Concejo Deliberante de la Municipalidad de Rivadavia, destac\u00f3 que la llegada a la gesti\u00f3n de Fabi\u00e1n Mart\u00edn fue muy claro que ten\u00edamos que ordenar y cambiar el departamento. Falta pero hay que seguir trabajando para fortalecer esta necesidad de pensar en el otro, el vecino.<\/p>\n<p>&nbsp;<\/p>\n<p><iframe loading=\"lazy\" title=\"DR JUAN CRUZ C\u00d3RDOBA\" width=\"800\" height=\"450\" src=\"https:\/\/www.youtube.com\/embed\/2nRLuZuWWsg?feature=oembed\" frameborder=\"0\" allow=\"accelerometer; autoplay; clipboard-write; encrypted-media; gyroscope; picture-in-picture; web-share\" allowfullscreen><\/iframe><\/p>\n<p>&nbsp;<\/p>\n<p>Finalmente, el candidato a vicegobernador de Cambia San Juan, Dr. Fabi\u00e1n Mart\u00edn y actual intendente de la Municipalidad de Rivadavia, hasta el 10 de Diciembre. Resalt\u00f3 el camino recorrido pol\u00edticamente y los avances que se realizaron en su gesti\u00f3n para que los habitantes de Rivadavia se sienta orgullosos de vivir en el departamento.<\/p>\n<p><iframe loading=\"lazy\" title=\"DR FABIAN MARTIN\" width=\"800\" height=\"450\" src=\"https:\/\/www.youtube.com\/embed\/8bOfhtmsEMc?feature=oembed\" frameborder=\"0\" allow=\"accelerometer; autoplay; clipboard-write; encrypted-media; gyroscope; picture-in-picture; web-share\" allowfullscreen><\/iframe><\/p>\n<figure id=\"attachment_59206\" aria-describedby=\"caption-attachment-59206\" style=\"width: 800px\" class=\"wp-caption alignnone\"><img loading=\"lazy\" decoding=\"async\" class=\"wp-image-59206 size-full\" src=\"https:\/\/vocesparalelas.com.ar\/sitio\/wp-content\/uploads\/2023\/05\/ELEGIDOS-CAMBIA-SAN-JUAN.jpg\" alt=\"\" width=\"800\" height=\"533\" srcset=\"https:\/\/vocesparalelas.com.ar\/sitio\/wp-content\/uploads\/2023\/05\/ELEGIDOS-CAMBIA-SAN-JUAN.jpg 800w, https:\/\/vocesparalelas.com.ar\/sitio\/wp-content\/uploads\/2023\/05\/ELEGIDOS-CAMBIA-SAN-JUAN-300x200.jpg 300w, https:\/\/vocesparalelas.com.ar\/sitio\/wp-content\/uploads\/2023\/05\/ELEGIDOS-CAMBIA-SAN-JUAN-768x512.jpg 768w\" sizes=\"auto, (max-width: 800px) 100vw, 800px\" \/><figcaption id=\"caption-attachment-59206\" class=\"wp-caption-text\">Dr. Juan Cruz C\u00f3rdoba, Sergio Miodowsky, Dr. Fabi\u00e1n Mart\u00edn y Lic. Mar\u00eda Rita Lazcano, integrantes de Cambia San Juan y de Rivadavia<\/figcaption><\/figure>\n<p>&nbsp;<\/p>\n<p><img loading=\"lazy\" decoding=\"async\" class=\"alignnone size-full wp-image-59204\" src=\"https:\/\/vocesparalelas.com.ar\/sitio\/wp-content\/uploads\/2023\/05\/PLAZA-CERATI-06.jpg\" alt=\"\" width=\"800\" height=\"533\" srcset=\"https:\/\/vocesparalelas.com.ar\/sitio\/wp-content\/uploads\/2023\/05\/PLAZA-CERATI-06.jpg 800w, https:\/\/vocesparalelas.com.ar\/sitio\/wp-content\/uploads\/2023\/05\/PLAZA-CERATI-06-300x200.jpg 300w, https:\/\/vocesparalelas.com.ar\/sitio\/wp-content\/uploads\/2023\/05\/PLAZA-CERATI-06-768x512.jpg 768w\" sizes=\"auto, (max-width: 800px) 100vw, 800px\" \/><\/p>\n<p><img loading=\"lazy\" decoding=\"async\" class=\"alignnone size-full wp-image-59203\" src=\"https:\/\/vocesparalelas.com.ar\/sitio\/wp-content\/uploads\/2023\/05\/PLAZA-CERATI-05.jpg\" alt=\"\" width=\"800\" height=\"533\" srcset=\"https:\/\/vocesparalelas.com.ar\/sitio\/wp-content\/uploads\/2023\/05\/PLAZA-CERATI-05.jpg 800w, https:\/\/vocesparalelas.com.ar\/sitio\/wp-content\/uploads\/2023\/05\/PLAZA-CERATI-05-300x200.jpg 300w, https:\/\/vocesparalelas.com.ar\/sitio\/wp-content\/uploads\/2023\/05\/PLAZA-CERATI-05-768x512.jpg 768w\" sizes=\"auto, (max-width: 800px) 100vw, 800px\" \/><\/p>\n<p><img loading=\"lazy\" decoding=\"async\" class=\"alignnone size-full wp-image-59202\" src=\"https:\/\/vocesparalelas.com.ar\/sitio\/wp-content\/uploads\/2023\/05\/PLAZA-CERATI-04.jpg\" alt=\"\" width=\"800\" height=\"533\" srcset=\"https:\/\/vocesparalelas.com.ar\/sitio\/wp-content\/uploads\/2023\/05\/PLAZA-CERATI-04.jpg 800w, https:\/\/vocesparalelas.com.ar\/sitio\/wp-content\/uploads\/2023\/05\/PLAZA-CERATI-04-300x200.jpg 300w, https:\/\/vocesparalelas.com.ar\/sitio\/wp-content\/uploads\/2023\/05\/PLAZA-CERATI-04-768x512.jpg 768w\" sizes=\"auto, (max-width: 800px) 100vw, 800px\" \/><\/p>\n<p>&nbsp;<\/p>\n<p><img loading=\"lazy\" decoding=\"async\" class=\"alignnone size-large wp-image-42675\" src=\"https:\/\/vocesparalelas.com.ar\/sitio\/wp-content\/uploads\/2021\/10\/RIVADAVIA-LOGO-800x600.jpg\" alt=\"\" width=\"800\" height=\"600\" srcset=\"https:\/\/vocesparalelas.com.ar\/sitio\/wp-content\/uploads\/2021\/10\/RIVADAVIA-LOGO-800x600.jpg 800w, https:\/\/vocesparalelas.com.ar\/sitio\/wp-content\/uploads\/2021\/10\/RIVADAVIA-LOGO-300x225.jpg 300w, https:\/\/vocesparalelas.com.ar\/sitio\/wp-content\/uploads\/2021\/10\/RIVADAVIA-LOGO-768x576.jpg 768w, https:\/\/vocesparalelas.com.ar\/sitio\/wp-content\/uploads\/2021\/10\/RIVADAVIA-LOGO.jpg 1024w\" sizes=\"auto, (max-width: 800px) 100vw, 800px\" \/><\/p>\n<p>&nbsp;<\/p>\n","protected":false},"excerpt":{"rendered":"<p>La Municipalidad de Rivadavia trabaj\u00f3 para poner a punto un espacio verde la Plaza Gustavo Cerati del Barrio Natania Residencial<\/p>\n","protected":false},"author":3,"featured_media":59199,"comment_status":"closed","ping_status":"closed","sticky":false,"template":"","format":"standard","meta":{"_acf_changed":false,"_seopress_robots_primary_cat":"none","_seopress_titles_title":"","_seopress_titles_desc":"","_seopress_robots_index":"","colormag_page_container_layout":"default_layout","colormag_page_sidebar_layout":"default_layout","footnotes":""},"categories":[1,7],"tags":[],"class_list":["post-59196","post","type-post","status-publish","format-standard","has-post-thumbnail","hentry","category-destacadas","category-videos"],"acf":[],"_links":{"self":[{"href":"https:\/\/vocesparalelas.com.ar\/sitio\/wp-json\/wp\/v2\/posts\/59196","targetHints":{"allow":["GET"]}}],"collection":[{"href":"https:\/\/vocesparalelas.com.ar\/sitio\/wp-json\/wp\/v2\/posts"}],"about":[{"href":"https:\/\/vocesparalelas.com.ar\/sitio\/wp-json\/wp\/v2\/types\/post"}],"author":[{"embeddable":true,"href":"https:\/\/vocesparalelas.com.ar\/sitio\/wp-json\/wp\/v2\/users\/3"}],"replies":[{"embeddable":true,"href":"https:\/\/vocesparalelas.com.ar\/sitio\/wp-json\/wp\/v2\/comments?post=59196"}],"version-history":[{"count":4,"href":"https:\/\/vocesparalelas.com.ar\/sitio\/wp-json\/wp\/v2\/posts\/59196\/revisions"}],"predecessor-version":[{"id":59236,"href":"https:\/\/vocesparalelas.com.ar\/sitio\/wp-json\/wp\/v2\/posts\/59196\/revisions\/59236"}],"wp:featuredmedia":[{"embeddable":true,"href":"https:\/\/vocesparalelas.com.ar\/sitio\/wp-json\/wp\/v2\/media\/59199"}],"wp:attachment":[{"href":"https:\/\/vocesparalelas.com.ar\/sitio\/wp-json\/wp\/v2\/media?parent=59196"}],"wp:term":[{"taxonomy":"category","embeddable":true,"href":"https:\/\/vocesparalelas.com.ar\/sitio\/wp-json\/wp\/v2\/categories?post=59196"},{"taxonomy":"post_tag","embeddable":true,"href":"https:\/\/vocesparalelas.com.ar\/sitio\/wp-json\/wp\/v2\/tags?post=59196"}],"curies":[{"name":"wp","href":"https:\/\/api.w.org\/{rel}","templated":true}]}}