{"id":58998,"date":"2023-05-12T16:56:15","date_gmt":"2023-05-12T19:56:15","guid":{"rendered":"https:\/\/vocesparalelas.com.ar\/sitio\/?p=58998"},"modified":"2023-05-14T19:54:39","modified_gmt":"2023-05-14T22:54:39","slug":"operativo-de-la-policia-de-san-juan-durante-las-elecciones-del-domingo-14-de-mayo","status":"publish","type":"post","link":"https:\/\/vocesparalelas.com.ar\/sitio\/operativo-de-la-policia-de-san-juan-durante-las-elecciones-del-domingo-14-de-mayo\/","title":{"rendered":"Operativo de la Polic\u00eda de San Juan durante las Elecciones del Domingo, 14 de Mayo"},"content":{"rendered":"<p>La Secretar\u00eda de Estado de Seguridad y Orden P\u00fablico del Gobierno de San Juan informa que, en el marco de las elecciones que se llevan a cabo el Domingo, 14 de de Mayo, se articul\u00f3 junto con la Polic\u00eda de San Juan, un amplio operativo de seguridad.<\/p>\n<p>El subsecretario de Seguridad, Crio. Abel Hern\u00e1ndez, explic\u00f3 que la custodia de los establecimientos educativos afectados, comenzar\u00e1 el d\u00eda s\u00e1bado 13 \u201cy se reforzar\u00e1 el domingo 14 mayo, no solo en el interior de las mismas, sino tambi\u00e9n, con el personal de la Direcci\u00f3n de Coordinaci\u00f3n, Planificaci\u00f3n y Control de la Seguridad Vial D7, estar\u00e1 afectado al ordenamiento del tr\u00e1nsito\u201d.<\/p>\n<p>Hern\u00e1ndez recalc\u00f3 que la Polic\u00eda de San Juan, pese al amplio operativo especial dispuesto \u201cel servicio de seguridad en todo San Juan no se ver\u00e1 afectado para nada\u201d.<\/p>\n<p>Seg\u00fan precis\u00f3 el Subsecretario de Seguridad, en este dispositivo, estar\u00e1n afectados m\u00e1s de 3.400 efectivos policiales en forma directa y otros 2.000 que est\u00e1n en forma indirecta afectados al operativo de log\u00edstica y de custodia en toda la provincia.<\/p>\n<p><img loading=\"lazy\" decoding=\"async\" class=\"alignnone size-large wp-image-6451\" src=\"https:\/\/vocesparalelas.com.ar\/sitio\/wp-content\/uploads\/2017\/10\/ELECCIONES-2017-800x534.jpg\" alt=\"\" width=\"800\" height=\"534\" srcset=\"https:\/\/vocesparalelas.com.ar\/sitio\/wp-content\/uploads\/2017\/10\/ELECCIONES-2017-800x534.jpg 800w, https:\/\/vocesparalelas.com.ar\/sitio\/wp-content\/uploads\/2017\/10\/ELECCIONES-2017-300x200.jpg 300w, https:\/\/vocesparalelas.com.ar\/sitio\/wp-content\/uploads\/2017\/10\/ELECCIONES-2017-768x512.jpg 768w, https:\/\/vocesparalelas.com.ar\/sitio\/wp-content\/uploads\/2017\/10\/ELECCIONES-2017.jpg 1000w\" sizes=\"auto, (max-width: 800px) 100vw, 800px\" \/><\/p>\n<p>&nbsp;<\/p>\n<p>&nbsp;<\/p>\n","protected":false},"excerpt":{"rendered":"<p>La Secretar\u00eda de Estado de Seguridad y Orden P\u00fablico del Gobierno de San Juan informa que, en el marco de<\/p>\n","protected":false},"author":3,"featured_media":59001,"comment_status":"closed","ping_status":"closed","sticky":false,"template":"","format":"standard","meta":{"_acf_changed":false,"_seopress_robots_primary_cat":"none","_seopress_titles_title":"","_seopress_titles_desc":"","_seopress_robots_index":"","colormag_page_container_layout":"default_layout","colormag_page_sidebar_layout":"default_layout","footnotes":""},"categories":[6],"tags":[],"class_list":["post-58998","post","type-post","status-publish","format-standard","has-post-thumbnail","hentry","category-eventos"],"acf":[],"_links":{"self":[{"href":"https:\/\/vocesparalelas.com.ar\/sitio\/wp-json\/wp\/v2\/posts\/58998","targetHints":{"allow":["GET"]}}],"collection":[{"href":"https:\/\/vocesparalelas.com.ar\/sitio\/wp-json\/wp\/v2\/posts"}],"about":[{"href":"https:\/\/vocesparalelas.com.ar\/sitio\/wp-json\/wp\/v2\/types\/post"}],"author":[{"embeddable":true,"href":"https:\/\/vocesparalelas.com.ar\/sitio\/wp-json\/wp\/v2\/users\/3"}],"replies":[{"embeddable":true,"href":"https:\/\/vocesparalelas.com.ar\/sitio\/wp-json\/wp\/v2\/comments?post=58998"}],"version-history":[{"count":1,"href":"https:\/\/vocesparalelas.com.ar\/sitio\/wp-json\/wp\/v2\/posts\/58998\/revisions"}],"predecessor-version":[{"id":59002,"href":"https:\/\/vocesparalelas.com.ar\/sitio\/wp-json\/wp\/v2\/posts\/58998\/revisions\/59002"}],"wp:featuredmedia":[{"embeddable":true,"href":"https:\/\/vocesparalelas.com.ar\/sitio\/wp-json\/wp\/v2\/media\/59001"}],"wp:attachment":[{"href":"https:\/\/vocesparalelas.com.ar\/sitio\/wp-json\/wp\/v2\/media?parent=58998"}],"wp:term":[{"taxonomy":"category","embeddable":true,"href":"https:\/\/vocesparalelas.com.ar\/sitio\/wp-json\/wp\/v2\/categories?post=58998"},{"taxonomy":"post_tag","embeddable":true,"href":"https:\/\/vocesparalelas.com.ar\/sitio\/wp-json\/wp\/v2\/tags?post=58998"}],"curies":[{"name":"wp","href":"https:\/\/api.w.org\/{rel}","templated":true}]}}