{"id":58993,"date":"2023-05-12T16:41:24","date_gmt":"2023-05-12T19:41:24","guid":{"rendered":"https:\/\/vocesparalelas.com.ar\/sitio\/?p=58993"},"modified":"2023-05-14T19:53:29","modified_gmt":"2023-05-14T22:53:29","slug":"porteros-y-administrativos-de-zonas-alejadas-de-san-juan-deben-firmar-adenda-2023","status":"publish","type":"post","link":"https:\/\/vocesparalelas.com.ar\/sitio\/porteros-y-administrativos-de-zonas-alejadas-de-san-juan-deben-firmar-adenda-2023\/","title":{"rendered":"Porteros y administrativos de Zonas Alejadas de San Juan deben firmar Adenda 2023"},"content":{"rendered":"<p><span id=\"page5R_mcid3\" class=\"markedContent\"><span dir=\"ltr\">El Ministerio de Educaci\u00f3n del Gobierno de San Juan informa que las personas que poseen Contratos Administrativos de <\/span><span dir=\"ltr\">Servicios de Colaboraci\u00f3n<\/span> como <span dir=\"ltr\">Porteros y Administrativos, <\/span><span dir=\"ltr\">residentes en Zonas Alejadas<\/span><\/span><\/p>\n<ul>\n<li><span id=\"page5R_mcid3\" class=\"markedContent\"><span dir=\"ltr\">Departamento Calingasta, <\/span><\/span><\/li>\n<li><span id=\"page5R_mcid3\" class=\"markedContent\"><span dir=\"ltr\">Departamento Valle F\u00e9rtil, <\/span><\/span><\/li>\n<li><span id=\"page5R_mcid3\" class=\"markedContent\"><span dir=\"ltr\">Departamento J\u00e1chal<\/span> y<\/span><\/li>\n<li><span id=\"page5R_mcid3\" class=\"markedContent\"><span dir=\"ltr\">Departamento <\/span>Iglesia<\/span><\/li>\n<\/ul>\n<p>Los involucrados en esta situaci\u00f3n deben <span id=\"page5R_mcid3\" class=\"markedContent\"><span dir=\"ltr\">concurrir al establecimiento indicado para firmar el anexo correspondiente a Adenda 2023, aumento de Mayo 2023.<\/span><\/span><\/p>\n<p><strong><span style=\"color: #339966;\"><span id=\"page5R_mcid3\" class=\"markedContent\"><span dir=\"ltr\">C<\/span><\/span><span id=\"page5R_mcid3\" class=\"markedContent\">ronograma<\/span><\/span><\/strong><\/p>\n<p><img loading=\"lazy\" decoding=\"async\" class=\"alignnone size-full wp-image-58996\" src=\"https:\/\/vocesparalelas.com.ar\/sitio\/wp-content\/uploads\/2023\/05\/CRONOGRAMA-PORTEROS.jpg\" alt=\"\" width=\"800\" height=\"227\" srcset=\"https:\/\/vocesparalelas.com.ar\/sitio\/wp-content\/uploads\/2023\/05\/CRONOGRAMA-PORTEROS.jpg 800w, https:\/\/vocesparalelas.com.ar\/sitio\/wp-content\/uploads\/2023\/05\/CRONOGRAMA-PORTEROS-300x85.jpg 300w, https:\/\/vocesparalelas.com.ar\/sitio\/wp-content\/uploads\/2023\/05\/CRONOGRAMA-PORTEROS-768x218.jpg 768w\" sizes=\"auto, (max-width: 800px) 100vw, 800px\" \/><\/p>\n<p><strong><span style=\"color: #339966;\">Observaci\u00f3n<\/span><\/strong><\/p>\n<p>La pr\u00f3xima semana se dar\u00e1 a conocer el cronograma de Adenda 2023, para contratados que presentan facturas en Centro C\u00edvico.<\/p>\n<p><img loading=\"lazy\" decoding=\"async\" class=\"alignnone size-full wp-image-28629\" src=\"https:\/\/vocesparalelas.com.ar\/sitio\/wp-content\/uploads\/2020\/05\/MINISTERIO-EDUCACION-SJ.jpg\" alt=\"\" width=\"800\" height=\"533\" srcset=\"https:\/\/vocesparalelas.com.ar\/sitio\/wp-content\/uploads\/2020\/05\/MINISTERIO-EDUCACION-SJ.jpg 800w, https:\/\/vocesparalelas.com.ar\/sitio\/wp-content\/uploads\/2020\/05\/MINISTERIO-EDUCACION-SJ-300x200.jpg 300w, https:\/\/vocesparalelas.com.ar\/sitio\/wp-content\/uploads\/2020\/05\/MINISTERIO-EDUCACION-SJ-768x512.jpg 768w\" sizes=\"auto, (max-width: 800px) 100vw, 800px\" \/><\/p>\n","protected":false},"excerpt":{"rendered":"<p>El Ministerio de Educaci\u00f3n del Gobierno de San Juan informa que las personas que poseen Contratos Administrativos de Servicios de<\/p>\n","protected":false},"author":3,"featured_media":37035,"comment_status":"closed","ping_status":"closed","sticky":false,"template":"","format":"standard","meta":{"_acf_changed":false,"_seopress_robots_primary_cat":"none","_seopress_titles_title":"","_seopress_titles_desc":"","_seopress_robots_index":"","colormag_page_container_layout":"default_layout","colormag_page_sidebar_layout":"default_layout","footnotes":""},"categories":[2],"tags":[],"class_list":["post-58993","post","type-post","status-publish","format-standard","has-post-thumbnail","hentry","category-convocatorias"],"acf":[],"_links":{"self":[{"href":"https:\/\/vocesparalelas.com.ar\/sitio\/wp-json\/wp\/v2\/posts\/58993","targetHints":{"allow":["GET"]}}],"collection":[{"href":"https:\/\/vocesparalelas.com.ar\/sitio\/wp-json\/wp\/v2\/posts"}],"about":[{"href":"https:\/\/vocesparalelas.com.ar\/sitio\/wp-json\/wp\/v2\/types\/post"}],"author":[{"embeddable":true,"href":"https:\/\/vocesparalelas.com.ar\/sitio\/wp-json\/wp\/v2\/users\/3"}],"replies":[{"embeddable":true,"href":"https:\/\/vocesparalelas.com.ar\/sitio\/wp-json\/wp\/v2\/comments?post=58993"}],"version-history":[{"count":1,"href":"https:\/\/vocesparalelas.com.ar\/sitio\/wp-json\/wp\/v2\/posts\/58993\/revisions"}],"predecessor-version":[{"id":58997,"href":"https:\/\/vocesparalelas.com.ar\/sitio\/wp-json\/wp\/v2\/posts\/58993\/revisions\/58997"}],"wp:featuredmedia":[{"embeddable":true,"href":"https:\/\/vocesparalelas.com.ar\/sitio\/wp-json\/wp\/v2\/media\/37035"}],"wp:attachment":[{"href":"https:\/\/vocesparalelas.com.ar\/sitio\/wp-json\/wp\/v2\/media?parent=58993"}],"wp:term":[{"taxonomy":"category","embeddable":true,"href":"https:\/\/vocesparalelas.com.ar\/sitio\/wp-json\/wp\/v2\/categories?post=58993"},{"taxonomy":"post_tag","embeddable":true,"href":"https:\/\/vocesparalelas.com.ar\/sitio\/wp-json\/wp\/v2\/tags?post=58993"}],"curies":[{"name":"wp","href":"https:\/\/api.w.org\/{rel}","templated":true}]}}