{"id":58986,"date":"2023-05-12T16:07:47","date_gmt":"2023-05-12T19:07:47","guid":{"rendered":"https:\/\/vocesparalelas.com.ar\/sitio\/?p=58986"},"modified":"2023-05-14T19:55:04","modified_gmt":"2023-05-14T22:55:04","slug":"ciclo-de-conversatorios-sobre-dibujo-y-proyecto-arquitectonico-en-la-faud-de-la-unsj","status":"publish","type":"post","link":"https:\/\/vocesparalelas.com.ar\/sitio\/ciclo-de-conversatorios-sobre-dibujo-y-proyecto-arquitectonico-en-la-faud-de-la-unsj\/","title":{"rendered":"Ciclo de Conversatorios sobre Dibujo y Proyecto Arquitect\u00f3nico en la FAUD de la UNSJ"},"content":{"rendered":"<p>La Facultad de Arquitectura, Urbanismo y Dise\u00f1o de la Universidad Nacional de San Juan invita a participar de un Ciclo de Conversatorios sobre Dibujo y Proyecto Arquitect\u00f3nico que comienza el Viernes, 12 de Mayo a las 20 hs. en la Sala de Teleconferencias de la Unidad Acad\u00e9mica.<\/p>\n<p>Los objetivos de la actividad es que los participantes conozcan las diferentes miradas de los disertantes sobre el dibujo y proyecto arquitect\u00f3nico, t\u00e9cnicas, herramientas y modos de expresi\u00f3n gr\u00e1fica arquitect\u00f3nica personales, sobre un tema en com\u00fan.<\/p>\n<p>Por ello, Voces Paralelas desarroll\u00f3 una entrevista period\u00edstica al Secretario de Posgrado de la FAUD de la UNSJ, Mg. Arq. Carlos Herrera, quien brinda en el Ciclo de Conversatorios sobre Dibujo y Proyecto Arquitect\u00f3nico con el tema \u00abPor qu\u00e9 y Para qu\u00e9 dibujamos?\u00bb<\/p>\n<p><iframe loading=\"lazy\" title=\"FAUD UNSJ ARQ. CARLOS HERRERA\" width=\"800\" height=\"450\" src=\"https:\/\/www.youtube.com\/embed\/HZskGAZCjN8?feature=oembed\" frameborder=\"0\" allow=\"accelerometer; autoplay; clipboard-write; encrypted-media; gyroscope; picture-in-picture; web-share\" allowfullscreen><\/iframe><\/p>\n<p>Adem\u00e1s, se busca que los asistentes incorporen contenidos referidos al dibujo creativo, representativo y expresivo, y apliquen lo aprendido en sus trabajos de dise\u00f1o de la carrera.<\/p>\n<p>Las charlas instan tambi\u00e9n animar a los estudiantes a desarrollar su propia forma de expresi\u00f3n gr\u00e1fica arquitect\u00f3nica a la hora de imaginar y comunicar su proyecto arquitect\u00f3nico y comprender que con el dibujo se piensa, se estudia y se hace la Arquitectura.<\/p>\n<p>El Conversatorio se lleva a cabo mediante varias charlas presenciales en la Sala de Teleconferencias o Aula Magna de la FAUD.<\/p>\n<p>En dicha sala se procede a verificar la asistencia de los participantes. Cada charla desarrollala tem\u00e1tica planteada en el cronograma de actividades. Luego de finalizada la presentaci\u00f3n, se responden preguntas o consultas de los asistentes.<\/p>\n<p><span style=\"color: #339966;\"><strong>Cronograma<\/strong><\/span><\/p>\n<ul>\n<li>Viernes, 12 de Mayo, a las 20 hs. en la Sala de Teleconferencias se desarrolla \u00abPor qu\u00e9 y Para qu\u00e9 dibujamos?\u00bb a cargo del Mg. Arq. Carlos Herrera.<\/li>\n<li>Viernes, 19 de Mayo, a las 20 hs. en la Sala de Teleconferencias se desarrolla \u00abDibujo e Historiograf\u00eda\u00bb Estudiar Historia de la Arquitectura a trav\u00e9s de la gr\u00e1fica a cargo del Esp. Arq. Fernando Giudici.<\/li>\n<li>Viernes, 2 de Junio, a las 20 hs. en la Sala de Teleconferencias se desarrolla \u00abDibujar, Pensar, Proyectar\u00bb Una herramienta para pensar y comunicar la Arquitectura a cargo del Arq. Leandro Acu\u00f1a.<\/li>\n<\/ul>\n<p><img loading=\"lazy\" decoding=\"async\" class=\"alignnone size-full wp-image-43789\" src=\"https:\/\/vocesparalelas.com.ar\/sitio\/wp-content\/uploads\/2021\/11\/FAUD-LOGO-NUEVO.jpg\" alt=\"\" width=\"800\" height=\"533\" srcset=\"https:\/\/vocesparalelas.com.ar\/sitio\/wp-content\/uploads\/2021\/11\/FAUD-LOGO-NUEVO.jpg 800w, https:\/\/vocesparalelas.com.ar\/sitio\/wp-content\/uploads\/2021\/11\/FAUD-LOGO-NUEVO-300x200.jpg 300w, https:\/\/vocesparalelas.com.ar\/sitio\/wp-content\/uploads\/2021\/11\/FAUD-LOGO-NUEVO-768x512.jpg 768w\" sizes=\"auto, (max-width: 800px) 100vw, 800px\" \/><\/p>\n<p>&nbsp;<\/p>\n<p><img loading=\"lazy\" decoding=\"async\" class=\"alignnone size-full wp-image-53945\" src=\"https:\/\/vocesparalelas.com.ar\/sitio\/wp-content\/uploads\/2022\/10\/UNSJ-LOGO-50-FINAL.jpg\" alt=\"\" width=\"800\" height=\"476\" srcset=\"https:\/\/vocesparalelas.com.ar\/sitio\/wp-content\/uploads\/2022\/10\/UNSJ-LOGO-50-FINAL.jpg 800w, https:\/\/vocesparalelas.com.ar\/sitio\/wp-content\/uploads\/2022\/10\/UNSJ-LOGO-50-FINAL-300x179.jpg 300w, https:\/\/vocesparalelas.com.ar\/sitio\/wp-content\/uploads\/2022\/10\/UNSJ-LOGO-50-FINAL-768x457.jpg 768w\" sizes=\"auto, (max-width: 800px) 100vw, 800px\" \/><\/p>\n<p><img loading=\"lazy\" decoding=\"async\" class=\"alignnone size-full wp-image-54035\" src=\"https:\/\/vocesparalelas.com.ar\/sitio\/wp-content\/uploads\/2022\/11\/UNSJ-LOGO-10.jpg\" alt=\"\" width=\"800\" height=\"533\" srcset=\"https:\/\/vocesparalelas.com.ar\/sitio\/wp-content\/uploads\/2022\/11\/UNSJ-LOGO-10.jpg 800w, https:\/\/vocesparalelas.com.ar\/sitio\/wp-content\/uploads\/2022\/11\/UNSJ-LOGO-10-300x200.jpg 300w, https:\/\/vocesparalelas.com.ar\/sitio\/wp-content\/uploads\/2022\/11\/UNSJ-LOGO-10-768x512.jpg 768w\" sizes=\"auto, (max-width: 800px) 100vw, 800px\" \/><\/p>\n","protected":false},"excerpt":{"rendered":"<p>La Facultad de Arquitectura, Urbanismo y Dise\u00f1o de la Universidad Nacional de San Juan invita a participar de un Ciclo<\/p>\n","protected":false},"author":3,"featured_media":58989,"comment_status":"closed","ping_status":"closed","sticky":false,"template":"","format":"standard","meta":{"_acf_changed":false,"_seopress_robots_primary_cat":"none","_seopress_titles_title":"","_seopress_titles_desc":"","_seopress_robots_index":"","colormag_page_container_layout":"default_layout","colormag_page_sidebar_layout":"default_layout","footnotes":""},"categories":[9,7],"tags":[],"class_list":["post-58986","post","type-post","status-publish","format-standard","has-post-thumbnail","hentry","category-cursos","category-videos"],"acf":[],"_links":{"self":[{"href":"https:\/\/vocesparalelas.com.ar\/sitio\/wp-json\/wp\/v2\/posts\/58986","targetHints":{"allow":["GET"]}}],"collection":[{"href":"https:\/\/vocesparalelas.com.ar\/sitio\/wp-json\/wp\/v2\/posts"}],"about":[{"href":"https:\/\/vocesparalelas.com.ar\/sitio\/wp-json\/wp\/v2\/types\/post"}],"author":[{"embeddable":true,"href":"https:\/\/vocesparalelas.com.ar\/sitio\/wp-json\/wp\/v2\/users\/3"}],"replies":[{"embeddable":true,"href":"https:\/\/vocesparalelas.com.ar\/sitio\/wp-json\/wp\/v2\/comments?post=58986"}],"version-history":[{"count":3,"href":"https:\/\/vocesparalelas.com.ar\/sitio\/wp-json\/wp\/v2\/posts\/58986\/revisions"}],"predecessor-version":[{"id":59004,"href":"https:\/\/vocesparalelas.com.ar\/sitio\/wp-json\/wp\/v2\/posts\/58986\/revisions\/59004"}],"wp:featuredmedia":[{"embeddable":true,"href":"https:\/\/vocesparalelas.com.ar\/sitio\/wp-json\/wp\/v2\/media\/58989"}],"wp:attachment":[{"href":"https:\/\/vocesparalelas.com.ar\/sitio\/wp-json\/wp\/v2\/media?parent=58986"}],"wp:term":[{"taxonomy":"category","embeddable":true,"href":"https:\/\/vocesparalelas.com.ar\/sitio\/wp-json\/wp\/v2\/categories?post=58986"},{"taxonomy":"post_tag","embeddable":true,"href":"https:\/\/vocesparalelas.com.ar\/sitio\/wp-json\/wp\/v2\/tags?post=58986"}],"curies":[{"name":"wp","href":"https:\/\/api.w.org\/{rel}","templated":true}]}}